{"id":648105,"date":"2026-01-07T23:00:18","date_gmt":"2026-01-07T23:00:18","guid":{"rendered":"https:\/\/www.europesays.com\/fr\/648105\/"},"modified":"2026-01-07T23:00:18","modified_gmt":"2026-01-07T23:00:18","slug":"ce-week-end-a-lyon-nos-coups-de-coeur-9-au-11-janvier","status":"publish","type":"post","link":"https:\/\/www.europesays.com\/fr\/648105\/","title":{"rendered":"Ce week-end \u00e0 Lyon, nos coups de c\u0153ur (9 au 11 janvier)"},"content":{"rendered":"<p style=\"text-align: justify;\"><strong>On esp\u00e8re vous retrouver en pleine forme en ce d\u00e9but d\u2019ann\u00e9e ! Nous vous adressons nos meilleurs v\u0153ux pour 2026. Du c\u00f4t\u00e9 de l\u2019\u00e9quipe GTL, nous reprenons du service. On vous propose d\u00e8s cette semaine de nouvelles id\u00e9es de sorties dans notre belle ville de Lyon !<\/strong><\/p>\n<p style=\"text-align: justify;\">N\u2019h\u00e9sitez pas \u00e0 nous partager vos envies et inspirations du moment. Pour nous aider \u00e0 alimenter cette rubrique et la faire coller au mieux \u00e0 vos aspirations !\u00a0<\/p>\n<p>Des soir\u00e9es pour bien finir la semaine<\/p>\n<p style=\"text-align: justify;\"><a href=\"https:\/\/www.facebook.com\/events\/1391909662444475\/\" target=\"_blank\" rel=\"noopener\"><strong>Soir\u00e9e Gin\/Gym Tonic au Livestation DIY<\/strong><\/a><br \/>Commencez \u00e0 vous sentir en week-end d\u00e8s ce soir avec cette soir\u00e9e alliant ambiance sportive et festive au Livestation DIY ! A partir de 21h, venez relever des petits d\u00e9fis sportifs pour tenter de remporter vos Gin\u2019to !<br \/>\u27a1 Entr\u00e9e libre et gratuite.<\/p>\n<p><a href=\"https:\/\/girlstakelyon.com\/wp-content\/uploads\/2026\/01\/602470105_1327384916094898_18636840422978348_n.jpg\" data-rel=\"lightbox-image-0\" data-rl_title=\"\" data-rl_caption=\"\" title=\"\" target=\"_blank\" rel=\"noopener\"><img fetchpriority=\"high\" decoding=\"async\" class=\"wp-image-42473 size-large aligncenter\" src=\"data:image\/svg+xml,%3Csvg%20xmlns=\" http:=\"\" alt=\"Week-end-a-Lyon\" width=\"1024\" height=\"536\" data-lazy- data-lazy- data-lazy-src=\"https:\/\/www.europesays.com\/fr\/wp-content\/uploads\/2026\/01\/602470105_1327384916094898_18636840422978348_n-1024x536.jpg\"\/><\/a><\/p>\n<p style=\"text-align: justify;\"><a href=\"https:\/\/www.facebook.com\/events\/1494287601659424\/\" target=\"_blank\" rel=\"noopener\"><strong>Impro \u00e0 la Fabuleuse Cantine<\/strong><\/a><br \/>Pour passer votre vendredi soir avec un grand sourire aux l\u00e8vres, direction la Fabuleuse Cantine ! La compagnie du A s\u2019y installera pour une soir\u00e9e impro sur le th\u00e8me du cin\u00e9ma ! Un spectacle \u00e0 agr\u00e9menter des snacks du soir de la Fab Cantine. Bref, on se r\u00e9gale d\u2019avance.<br \/>\u27a1 Ouverture de la billetterie 20h : prix libre ou au lancer de d\u00e9s. Happy Hour : 18h-20h.<\/p>\n<p style=\"text-align: justify;\"><a href=\"https:\/\/www.facebook.com\/events\/1922119628700969\/?acontext=%7B%22event_action_history%22%3A[%7B%22mechanism%22%3A%22discovery_custom_tab%22%2C%22surface%22%3A%22bookmark%22%7D]%2C%22ref_notif_type%22%3Anull%7D\" target=\"_blank\" rel=\"noopener\"><strong>Cin\u00e9 et bal swing<\/strong><\/a><br \/>\u00c7a va swinguer \u00e0 la Maison pour Tous des Rancy (Lyon 3) ce vendredi soir ! Une soir\u00e9e d\u00e9di\u00e9e \u00e0 la fameuse danse. Avec projection du film Swing Romance, suivie d\u2019une initiation au Lindy Hop de 20h30 \u00e0 21h. Puis d\u2019un bal swing jusqu\u2019\u00e0 minuit !<br \/>\u27a1 Entr\u00e9e gratuite, participation libre au profit de Gon\u2019a Swing.<\/p>\n<p><a href=\"https:\/\/girlstakelyon.com\/wp-content\/uploads\/2026\/01\/602366208_878535091549186_1166403901379320268_n.jpg\" data-rel=\"lightbox-image-1\" data-rl_title=\"\" data-rl_caption=\"\" title=\"\" target=\"_blank\" rel=\"noopener\"><img loading=\"lazy\" decoding=\"async\" class=\"aligncenter wp-image-42472 size-large\" src=\"data:image\/svg+xml,%3Csvg%20xmlns=\" http:=\"\" alt=\"Week-end-a-Lyon\" width=\"1024\" height=\"576\" data-lazy- data-lazy- data-lazy-src=\"https:\/\/www.europesays.com\/fr\/wp-content\/uploads\/2026\/01\/602366208_878535091549186_1166403901379320268_n-1024x576.jpg\"\/><\/a><\/p>\n<p style=\"text-align: justify;\"><a href=\"https:\/\/www.facebook.com\/events\/1352391232841877\/1352391319508535\/?active_tab=about\" target=\"_blank\" rel=\"noopener\"><strong>Soir\u00e9e 90\u2019s\/2000 au Wanderlust<\/strong><\/a><br \/>Le Wanderlust nous propose de nous replonger dans les ann\u00e9es 90\u2019s\/2000 pour renouer avec les hits incontournables de ces 2 d\u00e9cennies. L\u2019occasion de rev\u00eatir nos plus belles tenues d\u2019\u00e9poque, de danser jusqu\u2019au bout de la nuit, ou simplement chanter \u00e0 tue t\u00eate sur nos titres pr\u00e9f\u00e9r\u00e9s.<br \/>\u27a1 Ce samedi \u00e0 partir de 19h. Entr\u00e9e libre.<\/p>\n<p>Ne pas oublier les brunch dans votre programmation de ce week-end \u00e0 Lyon<\/p>\n<p style=\"text-align: justify;\"><a href=\"https:\/\/www.instagram.com\/p\/DTC7SaQCPRi\/?igsh=MTM0aGx0bGR0d3d0eQ%3D%3D\" target=\"_blank\" rel=\"noopener\"><strong>Yoga brunch \u00e0 Coin Caf\u00e9<\/strong><\/a><br \/>Pr\u00e9voyez vous un dimanche matin tout doux, avec cette sortie yoga\/brunch \u00e0 Coin Caf\u00e9 (Lyon 7) ! Un cours de yoga tous niveaux d\u20191h, suivi d\u2019un d\u00e9licieux brunch v\u00e9g\u00e9tarien, c\u2019est le plan parfait pour d\u00e9marrer l\u2019ann\u00e9e tout en douceur.<br \/>\u27a1 10h. 40\u20ac, inscription et r\u00e8glement directement \u00e0 Coin Caf\u00e9. Tapis fournis.<\/p>\n<p style=\"text-align: justify;\"><a href=\"https:\/\/www.facebook.com\/events\/779257591638242\/779257604971574\/\" target=\"_blank\" rel=\"noopener\"><strong>Brunch friperie \u00e0 la Fabuleuse Cantine<\/strong><\/a><br \/>Un brunch d\u2019un autre genre vous attend \u00e0 la Fabuleuse Cantine o\u00f9 tous les 2\u00e8me week-end du mois, il peut-\u00eatre coupl\u00e9 \u00e0 une session shopping seconde main ! La friperie Joubee s\u2019y installera samedi et dimanche avec des v\u00eatements, bijoux et accessoires de toutes tailles et tous styles, et \u00e0 petits prix ! Il sera sinon possible d\u2019y grignoter du sucr\u00e9 et sal\u00e9 le samedi.<br \/><a href=\"https:\/\/girlstakelyon.com\/brunch-lyon-local-vege-la-fabuleuse-cantine\/\" target=\"_blank\" rel=\"noopener\"><strong>Notre article sur les d\u00e9licieux brunchs de la Fabuleuse Cantine.<\/strong><\/a><br \/>\u27a1 Friperie de 11h-16h. Brunch \u00e0 l\u2019assiette (25\u20ac) le samedi. A volont\u00e9 (30\u20ac) le dimanche.<\/p>\n<p><a href=\"https:\/\/www.europesays.com\/fr\/wp-content\/uploads\/2026\/01\/brunch_lyon_fabuleuse_cantine_-4-726x400-1.jpg\" data-rel=\"lightbox-image-2\" data-rl_title=\"\" data-rl_caption=\"\" title=\"\"><\/p>\n<p><img loading=\"lazy\" decoding=\"async\" src=\"data:image\/svg+xml,%3Csvg%20xmlns=\" http:=\"\" alt=\"week-end-lyon-brunch\" width=\"726\" height=\"400\" data-lazy- data-lazy- data-lazy-src=\"https:\/\/www.europesays.com\/fr\/wp-content\/uploads\/2026\/01\/brunch_lyon_fabuleuse_cantine_-4-726x400-1.jpg\"\/><\/p>\n<p><\/a><\/p>\n<p>Pour ajouter une touche de culture \u00e0 votre week-end \u00e0 Lyon<\/p>\n<p style=\"text-align: justify;\"><a href=\"https:\/\/www.mba-lyon.fr\/fr\/fiche-programmation\/journee-art-et-ecologie\" target=\"_blank\" rel=\"noopener\"><strong>Journ\u00e9e art et \u00e9cologie au MBA<\/strong><\/a><br \/>Une tr\u00e8s chouette journ\u00e9e nous attend ce samedi au MBA, autour de l\u2019art et de l\u2019\u00e9cologie ! 5 conf\u00e9rences passionnantes permettront d\u2019aborder des questions comme le devenir des falaises d\u2019\u00c9tretat et plus g\u00e9n\u00e9ralement de la transformation de la nature induite par le changement climatique et les activit\u00e9s humaines, et les perspectives que l\u2019art peut ouvrir.<br \/>\u27a1 De 14h30-17h30. Gratuites ou 3\u20ac en plus du billet d\u2019entr\u00e9e. <a href=\"https:\/\/www.mba-lyon.fr\/fr\/fiche-programmation\/journee-art-et-ecologie\" target=\"_blank\" rel=\"noopener\">Le programme complet ici.<\/a><\/p>\n<p style=\"text-align: justify;\"><a href=\"https:\/\/www.facebook.com\/events\/1793819124653539\/?acontext=%7B%22event_action_history%22%3A[%7B%22mechanism%22%3A%22discovery_custom_tab%22%2C%22surface%22%3A%22bookmark%22%7D]%2C%22ref_notif_type%22%3Anull%7D\" target=\"_blank\" rel=\"noopener\"><strong>Cin\u00e9-quiz \u00e0 l\u2019Aquarium Cin\u00e9-Caf\u00e9<\/strong><\/a><br \/>Venez tester vos connaissances cin\u00e9matographies sur le th\u00e8me de \u00ab\u00a0La f\u00eate au cin\u00e9ma\u00a0\u00bb ! Plein de questions pour vous mettre \u00e0 l\u2019\u00e9preuve, des cadeaux \u00e0 gagner, alors, vous vous lancez ?!<br \/>\u27a1 Prix conscient : 3\u20ac, 5\u20ac ou 7\u20ac au choix + adh\u00e9sion \u00e0 l\u2019Aquarium Cin\u00e9 Caf\u00e9 de 4\u20ac, valable 1 an.<\/p>\n<p><a href=\"https:\/\/girlstakelyon.com\/wp-content\/uploads\/2026\/01\/600995770_1324030873100611_4902657515717131800_n.jpg\" data-rel=\"lightbox-image-3\" data-rl_title=\"\" data-rl_caption=\"\" title=\"\" target=\"_blank\" rel=\"noopener\"><img loading=\"lazy\" decoding=\"async\" class=\"aligncenter wp-image-42474 size-large\" src=\"data:image\/svg+xml,%3Csvg%20xmlns=\" http:=\"\" alt=\"Week-end-a-Lyon\" width=\"1024\" height=\"576\" data-lazy- data-lazy- data-lazy-src=\"https:\/\/www.europesays.com\/fr\/wp-content\/uploads\/2026\/01\/600995770_1324030873100611_4902657515717131800_n-1024x576.jpg\"\/><\/a><\/p>\n<p style=\"text-align: justify;\"><strong><a href=\"https:\/\/www.aurikiki.com\/detective-lovecraft?fbclid=IwY2xjawPIeFVleHRuA2FlbQIxMABicmlkETBFRzZHN0Q4dUVLYVN4bnVNc3J0YwZhcHBfaWQQMjIyMDM5MTc4ODIwMDg5MgABHoYQraSM3PzYw-mWFKoWk0IBVwzRXwgeVzZcgoqArfUVw81dEbUHnwSRWEWq_aem_ErnCdA0vn9kXLkjIwwoKQg\" target=\"_blank\" rel=\"noopener\">D\u00e9tective Lovecraft au Rikiki Caf\u00e9 Th\u00e9\u00e2tre<\/a><\/strong><br \/>Une mise en sc\u00e8ne enti\u00e8rement en noir et blanc et une com\u00e9die rendant hommage aux polars am\u00e9ricains des ann\u00e9es 40, il ne nous en faut pas plus pour \u00eatre intrigu\u00e9e ! Pour \u00e9claircir le myst\u00e8re et d\u00e9couvrir ce que cela peut donner sur sc\u00e8ne, direction le Rikiki Caf\u00e9 Th\u00e9\u00e2tre ce vendredi ou samedi soir !<br \/>\u27a1 A partir de 8\u20ac. Tarif normal 18\u20ac.<\/p>\n<p><a href=\"https:\/\/girlstakelyon.com\/wp-content\/uploads\/2026\/01\/520345267_1349324500528800_3724711224360032499_n.jpg\" data-rel=\"lightbox-image-4\" data-rl_title=\"\" data-rl_caption=\"\" title=\"\" target=\"_blank\" rel=\"noopener\"><img loading=\"lazy\" decoding=\"async\" class=\"aligncenter wp-image-42475 size-large\" src=\"data:image\/svg+xml,%3Csvg%20xmlns=\" http:=\"\" alt=\"Week-end-a-Lyon\" width=\"1024\" height=\"576\" data-lazy- data-lazy- data-lazy-src=\"https:\/\/www.europesays.com\/fr\/wp-content\/uploads\/2026\/01\/520345267_1349324500528800_3724711224360032499_n-1024x576.jpg\"\/><\/a><\/p>\n<p>Shopping<\/p>\n<p style=\"text-align: justify;\"><strong><a href=\"https:\/\/www.croix-rousse.com\/agenda\/\" target=\"_blank\" rel=\"noopener\">Vide-dressing au th\u00e9\u00e2tre de la Croix-Rousse<\/a><\/strong><br \/>Saviez-vous qu\u2019un tiers-lieu existe au sein du Th\u00e9\u00e2tre de la Croix-Rousse destin\u00e9 \u00e0 accueillir les initiatives en provenance des habitant\u00b7es et des associations de l\u2019agglom\u00e9ration ? Ce samedi, un vide-dressing y aura lieu. Parfait pour d\u00e9nicher des pi\u00e8ces tendance, \u00e0 petits prix !<br \/>\u27a1 De 11h \u00e0 18h. Ouvert \u00e0 tous et \u00e0 toutes.<\/p>\n<p>L\u2019id\u00e9e de sortie insolite \u00e0 Lyon<\/p>\n<p style=\"text-align: justify;\"><strong><a href=\"https:\/\/www.auditorium-lyon.com\/fr\/saison-2025-26\/famille\/balade-foret\" target=\"_blank\" rel=\"noopener\">Concert comment\u00e9 et dessin\u00e9 : Biennale de l\u2019Orgue<\/a><br \/><\/strong>Exp\u00e9rience in\u00e9dite \u00e0 vivre ce samedi \u00e0 l\u2019Auditorium de Lyon : un concert comment\u00e9 et dessin\u00e9 o\u00f9 l\u2019orgue sera la vedette ! \u00c0 l\u2019occasion de la premi\u00e8re biennale de l\u2019orgue, une v\u00e9ritable balade musicale en for\u00eat sera propos\u00e9e. Une \u0153uvre cr\u00e9\u00e9e par la jeune compositrice am\u00e9ricaine Gabriella Smith qui porte le combat \u00e9cologique. Accompagn\u00e9 de l\u2019Orchestre National de Lyon, l\u2019orgue nous transportera au c\u0153ur de la for\u00eat californienne dont Mathilde Massias, ing\u00e9nieure des Eaux et For\u00eats, nous r\u00e9v\u00e9lera ses secrets. Un concert qui sera illustr\u00e9 en live par l\u2019illustratrice et autrice de bandes dessin\u00e9es Marion Cluzel. Bref, un beau moment en perspective.<br \/>\u27a1 D\u00e8s 7 ans. De 10\u20ac \u00e0 18\u20ac. <a href=\"https:\/\/billetterie.auditorium-lyon.com\/spectacle?id_spectacle=6456&amp;lng=1\" target=\"_blank\" rel=\"noopener\">Billetterie ici.<\/a><\/p>\n<p><a href=\"https:\/\/girlstakelyon.com\/wp-content\/uploads\/2026\/01\/orgue_c_yannis_adelbost_img_4381-scaled.jpg\" data-rel=\"lightbox-image-5\" data-rl_title=\"\" data-rl_caption=\"\" title=\"\" target=\"_blank\" rel=\"noopener\"><\/p>\n<p><img loading=\"lazy\" decoding=\"async\" src=\"data:image\/svg+xml,%3Csvg%20xmlns=\" http:=\"\" alt=\"Week-end-a-Lyon\" width=\"1024\" height=\"577\" data-lazy- data-lazy- data-lazy-src=\"https:\/\/www.europesays.com\/fr\/wp-content\/uploads\/2026\/01\/orgue_c_yannis_adelbost_img_4381-1024x577.jpg\"\/><\/p>\n<p><\/a><\/p>\n<blockquote>\n<p style=\"text-align: center;\"><strong>Nous vous souhaitons un tr\u00e8s bon week-end \u00e0 Lyon. En esp\u00e9rant qu\u2019il lance l\u2019ann\u00e9e 2026 en beaut\u00e9 !<\/strong><\/p>\n<\/blockquote>\n<p>\u00a0<\/p>\n<p>\ud83d\udca1\u00a0 <strong>Vous souhaitez nous partager des \u00e9v\u00e9nements que nous n\u2019avons pas cit\u00e9 ? Organisateurs et organisatrices d\u2019\u00e9v\u00e9nements \u00e0 Lyon, vous voudriez appara\u00eetre sur notre s\u00e9lection ?<\/strong><br \/><a class=\"yoast-text-mark\" href=\"https:\/\/girlstakelyon.com\/week-end-lyon-sorties-activites-agenda-9-11-janvier\/mailto:hello@girsltakelyon.com\" target=\"_blank\" rel=\"noopener\">Soumettez nous vos propositions par mail<\/a> !<\/p>\n<p>\u00a0<\/p>\n<p style=\"text-align: justify;\">*Les informations, adresses, horaires,\u2026 des \u00e9v\u00e9nements que nous citons sont susceptibles d\u2019\u00e9voluer entre la publication de notre article et leur date (annulation, changement de derni\u00e8re minute, horaires\u2026), veillez donc toujours \u00e0 v\u00e9rifier les informations sur les sites des diff\u00e9rents \u00e9v\u00e9nements et organisateurs dont nous partageons le lien. N\u2019h\u00e9sitez pas \u00e9galement \u00e0 nous le communiquer si vous trouvez une erreur. Merci beaucoup !<br class=\"yoast-text-mark\"\/>&gt;&gt;&gt;&gt;** Toutes les images de cet article servent \u00e0 illustrer quelques \u00e9v\u00e9nements, leurs cr\u00e9dits appartenant aux organisateurs.<br \/>*** La consommation d\u2019alcool est dangereuse pour la sant\u00e9 mentale et physique, elle est \u00e0 consommer avec mod\u00e9ration.<\/p>\n<p>\t<a href=\"https:\/\/girlstakelyon.com\/bonnes-adresses-lyon\/\" target=\"_blank\" rel=\"noopener\">BONNES ADRESSES<\/a><\/p>\n<p><a href=\"https:\/\/girlstakelyon.com\/bonnes-adresses-lyon\/\" title=\"BONNES ADRESSES\" target=\"_blank\" rel=\"noopener\"><br \/>\n<img loading=\"lazy\" decoding=\"async\" width=\"80\" height=\"80\" src=\"data:image\/svg+xml,%3Csvg%20xmlns=\" http:=\"\" class=\"attachment-80x80 size-80x80 wp-post-image\" alt=\"jeremy galvan\" data-lazy-src=\"https:\/\/www.europesays.com\/fr\/wp-content\/uploads\/2025\/06\/Jeremy_Galvan_5_-80x80.jpg\"\/>\t<\/a><\/p>\n<p><br class=\"clear\"\/><\/p>\n<p>Partager<\/p>\n<p><br class=\"clear\"\/><br \/>\n<script async src=\"\/\/www.instagram.com\/embed.js\"><\/script><\/p>\n","protected":false},"excerpt":{"rendered":"On esp\u00e8re vous retrouver en pleine forme en ce d\u00e9but d\u2019ann\u00e9e ! Nous vous adressons nos meilleurs v\u0153ux&hellip;\n","protected":false},"author":2,"featured_media":465454,"comment_status":"","ping_status":"","sticky":false,"template":"","format":"standard","meta":{"footnotes":""},"categories":[1889],"tags":[1111,11,2430,1777,674,1011,27,2428,12,25],"class_list":{"0":"post-648105","1":"post","2":"type-post","3":"status-publish","4":"format-standard","5":"has-post-thumbnail","7":"category-lyon","8":"tag-actu","9":"tag-actualites","10":"tag-auvergne-rhone-alpes","11":"tag-eu","12":"tag-europe","13":"tag-fr","14":"tag-france","15":"tag-lyon","16":"tag-news","17":"tag-republique-francaise"},"share_on_mastodon":{"url":"https:\/\/pubeurope.com\/@fr\/115856305200076398","error":""},"_links":{"self":[{"href":"https:\/\/www.europesays.com\/fr\/wp-json\/wp\/v2\/posts\/648105","targetHints":{"allow":["GET"]}}],"collection":[{"href":"https:\/\/www.europesays.com\/fr\/wp-json\/wp\/v2\/posts"}],"about":[{"href":"https:\/\/www.europesays.com\/fr\/wp-json\/wp\/v2\/types\/post"}],"author":[{"embeddable":true,"href":"https:\/\/www.europesays.com\/fr\/wp-json\/wp\/v2\/users\/2"}],"replies":[{"embeddable":true,"href":"https:\/\/www.europesays.com\/fr\/wp-json\/wp\/v2\/comments?post=648105"}],"version-history":[{"count":0,"href":"https:\/\/www.europesays.com\/fr\/wp-json\/wp\/v2\/posts\/648105\/revisions"}],"wp:featuredmedia":[{"embeddable":true,"href":"https:\/\/www.europesays.com\/fr\/wp-json\/wp\/v2\/media\/465454"}],"wp:attachment":[{"href":"https:\/\/www.europesays.com\/fr\/wp-json\/wp\/v2\/media?parent=648105"}],"wp:term":[{"taxonomy":"category","embeddable":true,"href":"https:\/\/www.europesays.com\/fr\/wp-json\/wp\/v2\/categories?post=648105"},{"taxonomy":"post_tag","embeddable":true,"href":"https:\/\/www.europesays.com\/fr\/wp-json\/wp\/v2\/tags?post=648105"}],"curies":[{"name":"wp","href":"https:\/\/api.w.org\/{rel}","templated":true}]}}