{"id":648107,"date":"2026-01-07T23:03:12","date_gmt":"2026-01-07T23:03:12","guid":{"rendered":"https:\/\/www.europesays.com\/fr\/648107\/"},"modified":"2026-01-07T23:03:12","modified_gmt":"2026-01-07T23:03:12","slug":"sarah-knafo-deputee-europeenne-dextreme-droite-reconquete-annonce-sa-candidature-a-la-mairie-de-paris","status":"publish","type":"post","link":"https:\/\/www.europesays.com\/fr\/648107\/","title":{"rendered":"Sarah Knafo, d\u00e9put\u00e9e europ\u00e9enne d&rsquo;extr\u00eame droite Reconqu\u00eate!, annonce sa candidature \u00e0 la mairie de Paris"},"content":{"rendered":"<p>                    Par<br \/>\n        <strong><br \/>\n            <a href=\"https:\/\/actu.fr\/auteur\/m-pomme\" title=\"Consulter tous les articles de Marie Pomme\" target=\"_blank\" rel=\"noopener\">Marie Pomme<\/a><br \/>\n                    <\/strong><\/p>\n<p>        Publi\u00e9 le<\/p>\n<p>            7 janv. 2026 \u00e0 21h10<br \/>\n        ; mis \u00e0 jour le 7 janv. 2026 \u00e0 21h36    <\/p>\n<p>Ce mercredi 7\u00a0janvier sonne le d\u00e9but de la campagne de <a href=\"https:\/\/actu.fr\/ile-de-france\/paris_75056\/municipales-a-paris-sarah-knafo-est-prete-a-y-aller-et-veut-que-la-gauche-perde-la-ville_63609491.html\" target=\"_blank\" rel=\"noopener\">Sarah Knafo<\/a> pour les <a href=\"https:\/\/actu.fr\/ile-de-france\/paris_75\/politique\/elections-municipales\" target=\"_blank\" rel=\"noopener\">\u00e9lections municipales de Paris<\/a> en mars prochain. La d\u00e9put\u00e9e europ\u00e9enne de <a href=\"https:\/\/actu.fr\/tag\/reconquete\" target=\"_blank\" rel=\"noopener\">Reconqu\u00eate\u2009!<\/a> et compagne d\u2019<a href=\"https:\/\/actu.fr\/tag\/eric-zemmour\" target=\"_blank\" rel=\"noopener\">\u00c9ric Zemmour<\/a>, a annonc\u00e9 sa candidature \u00e0 la mairie de Paris au journal t\u00e9l\u00e9vis\u00e9 de 20h sur TF1.<\/p>\n<p>Paris, \u00ab\u2009ville sale et insalubre, qui d\u00e9cline\u2009\u00bb<\/p>\n<p class=\" wall-content\">Face \u00e0 elle, il y a d\u00e9j\u00e0 <a href=\"https:\/\/actu.fr\/ile-de-france\/paris_75056\/paris-est-la-passion-de-ma-vie-le-depute-emmanuel-gregoire-pret-a-remplacer-anne-hidalgo-en-2026_61882394.html\" target=\"_blank\" rel=\"noopener\">Emmanuel Gr\u00e9goire<\/a>, qui veut prendre la suite d\u2019<a href=\"https:\/\/actu.fr\/tag\/anne-hidalgo\" target=\"_blank\" rel=\"noopener\">Anne Hidalgo<\/a>, maire PS sortante. <a href=\"https:\/\/actu.fr\/ile-de-france\/paris_75056\/candidate-lfi-aux-municipales-a-paris-sophia-chikirou-sera-jugee-en-mai-2026-pour-escroquerie_63648436.html\" target=\"_blank\" rel=\"noopener\">Sophia Chikirou<\/a>, d\u00e9put\u00e9e insoumise, est \u00e9galement sur les rangs, de m\u00eame que\u00a0<a href=\"https:\/\/actu.fr\/ile-de-france\/paris_75056\/paris-est-face-au-mur-de-la-dette-le-budget-d-anne-hidalgo-critique-par-la-droite-avant-les-municipales_63583627.html\" target=\"_blank\" rel=\"noopener\">Rachida Dati<\/a> (LR), ministre de la Culture.<\/p>\n<p class=\" wall-content\">Elle annonce publier son programme dans les prochains jours mais en donne d\u00e9j\u00e0 les grandes lignes\u2009: elle proposera \u00ab\u00a0un plan d\u2019\u00e9conomies de pr\u00e8s 10 milliards d\u2019euros\u00a0\u00bb et voudrait \u00ab\u00a0diviser par deux la taxe fonci\u00e8re de tous les Parisiens\u00a0\u00bb.<\/p>\n<p class=\" wall-content\">Son objectif\u2009: lutter contre la salet\u00e9 et redresser Paris, qui, selon elle, fait aujourd\u2019hui figure de \u00ab\u00a0ville sale et insalubre, qui d\u00e9cline\u00a0\u00bb.<\/p>\n<p>Un visage moins associ\u00e9 aux obsessions identitaires<\/p>\n<p class=\" wall-content\">Auparavant directrice de campagne d\u2019\u00c9ric Zemmour, son mari, elle sort de l\u2019ombre. Depuis plusieurs semaines, elle court les m\u00e9dias, \u00e0 tel point que Pascal Praud a m\u00eame d\u00fb lui demander de quitter le <a href=\"https:\/\/actu.fr\/societe\/l-arcom-met-en-garde-cnews-ce-que-reproche-le-gendarme-de-l-audiovisuel-a-l-heure-des-pros-2_63532927.html\" target=\"_blank\" rel=\"noopener\">plateau de CNews<\/a>, car elle y avait \u00e9puis\u00e9 son temps de parole.<\/p>\n<p class=\" wall-content\">Visage avenant d\u2019un lib\u00e9ralisme d\u00e9complex\u00e9, moins associ\u00e9e aux obsessions identitaires \u2013 et aux condamnations \u2013 de son conjoint, elle appara\u00eet aujourd\u2019hui mieux plac\u00e9e pour incarner cette \u00ab\u00a0union des droites\u00a0\u00bb dont r\u00eavent aussi ses sponsors.<\/p>\n<p>Son parcours d\u2019\u00e9lite<\/p>\n<p class=\" wall-content\">Petite-fille de juifs marocains, n\u00e9e en Seine-Saint-Denis, elle pr\u00e9sente un parcours d\u2019\u00e9lite\u2009: Sciences Po, ENA, Cour des comptes. Le c\u0153ur \u00e0 droite, encart\u00e9e \u00e0 l\u2019UMP et membre du syndicat \u00e9tudiant UNI, elle laisse le souvenir d\u2019une \u00ab\u00a0bosseuse\u00a0\u00bb, mais aussi d\u2019une \u00ab\u00a0intrigante\u00a0\u00bb, selon un condisciple de l\u2019institut d\u2019\u00e9tudes politiques de Paris.<\/p>\n<p>Votre r\u00e9gion, votre actu !<\/p>\n<p>Recevez chaque jour les infos qui comptent pour vous.<\/p>\n<p>\t<a href=\"https:\/\/actu.fr\/newsletter\" class=\"ac-btn ac-btn--corner ac-btn--medium ac-btn--blue800\" target=\"_blank\" rel=\"noopener\">S&rsquo;incrire<\/a><\/p>\n<p class=\" wall-content\">Rel\u00e9gu\u00e9e \u00e0 Bruxelles dans le petit groupe des sulfureux Allemands de l\u2019AfD, marginale dans l\u2019Hexagone quand elle revendique ses affinit\u00e9s trumpistes, m\u00eame si elle n\u2019est pas appr\u00e9ci\u00e9e de <a href=\"https:\/\/actu.fr\/tag\/marine-le-pen\" target=\"_blank\" rel=\"noopener\">Marine Le\u00a0Pen<\/a> pour avoir plusieurs fois qualifi\u00e9 le RN de \u00ab\u00a0trop socialiste\u00a0\u00bb, la pr\u00e9tendante de Reconqu\u00eate\u2009! peut encore esp\u00e9rer se rabibocher avec <a href=\"https:\/\/actu.fr\/tag\/jordan-bardella\" target=\"_blank\" rel=\"noopener\">Jordan Bardella<\/a>.<\/p>\n<p class=\" wall-content\">Les deux ont quelques points communs\u2009: m\u00eame banlieue d\u2019origine, m\u00eame g\u00e9n\u00e9ration, m\u00eame initiation nationaliste \u00e0 Saint-Germain-des-Pr\u00e9s, dans les tr\u00e8s droitiers bars de la rue des Canettes.<\/p>\n<p class=\" wall-content\">Personnalisez votre actualit\u00e9 en ajoutant vos villes et m\u00e9dias en favori avec <a href=\"https:\/\/moncompte.actu.fr\" title=\"D\u00e9couvez Mon Actu\" rel=\"nofollow noopener\" data-trk=\"{&quot;cta&quot;:{&quot;action&quot;:&quot;https:\\\/\\\/moncompte.actu.fr&quot;,&quot;category&quot;:&quot;mon compte&quot;,&quot;from&quot;:&quot;article footer&quot;,&quot;name&quot;:&quot;Mon actu&quot;,&quot;type&quot;:&quot;cta&quot;}}\" target=\"_blank\">Mon Actu<\/a>.<\/p>\n","protected":false},"excerpt":{"rendered":"Par Marie Pomme Publi\u00e9 le 7 janv. 2026 \u00e0 21h10 ; mis \u00e0 jour le 7 janv. 2026&hellip;\n","protected":false},"author":2,"featured_media":648108,"comment_status":"","ping_status":"","sticky":false,"template":"","format":"standard","meta":{"footnotes":""},"categories":[1888],"tags":[1111,1928,11,1927,4188,1777,674,1076,1011,27,3434,12,1926,626,1925,316,25,15232],"class_list":{"0":"post-648107","1":"post","2":"type-post","3":"status-publish","4":"format-standard","5":"has-post-thumbnail","7":"category-paris","8":"tag-actu","9":"tag-actu-paris","10":"tag-actualites","11":"tag-actualites-paris","12":"tag-elections-municipales","13":"tag-eu","14":"tag-europe","15":"tag-extreme-droite","16":"tag-fr","17":"tag-france","18":"tag-municipales-2026","19":"tag-news","20":"tag-news-paris","21":"tag-paris","22":"tag-paris-news","23":"tag-politique","24":"tag-republique-francaise","25":"tag-sarah-knafo"},"share_on_mastodon":{"url":"https:\/\/pubeurope.com\/@fr\/115856317129746148","error":""},"_links":{"self":[{"href":"https:\/\/www.europesays.com\/fr\/wp-json\/wp\/v2\/posts\/648107","targetHints":{"allow":["GET"]}}],"collection":[{"href":"https:\/\/www.europesays.com\/fr\/wp-json\/wp\/v2\/posts"}],"about":[{"href":"https:\/\/www.europesays.com\/fr\/wp-json\/wp\/v2\/types\/post"}],"author":[{"embeddable":true,"href":"https:\/\/www.europesays.com\/fr\/wp-json\/wp\/v2\/users\/2"}],"replies":[{"embeddable":true,"href":"https:\/\/www.europesays.com\/fr\/wp-json\/wp\/v2\/comments?post=648107"}],"version-history":[{"count":0,"href":"https:\/\/www.europesays.com\/fr\/wp-json\/wp\/v2\/posts\/648107\/revisions"}],"wp:featuredmedia":[{"embeddable":true,"href":"https:\/\/www.europesays.com\/fr\/wp-json\/wp\/v2\/media\/648108"}],"wp:attachment":[{"href":"https:\/\/www.europesays.com\/fr\/wp-json\/wp\/v2\/media?parent=648107"}],"wp:term":[{"taxonomy":"category","embeddable":true,"href":"https:\/\/www.europesays.com\/fr\/wp-json\/wp\/v2\/categories?post=648107"},{"taxonomy":"post_tag","embeddable":true,"href":"https:\/\/www.europesays.com\/fr\/wp-json\/wp\/v2\/tags?post=648107"}],"curies":[{"name":"wp","href":"https:\/\/api.w.org\/{rel}","templated":true}]}}