{"id":648109,"date":"2026-01-07T23:04:11","date_gmt":"2026-01-07T23:04:11","guid":{"rendered":"https:\/\/www.europesays.com\/fr\/648109\/"},"modified":"2026-01-07T23:04:11","modified_gmt":"2026-01-07T23:04:11","slug":"paris-la-tour-montparnasse-videe-de-ses-occupants-cest-pour-tres-bientot","status":"publish","type":"post","link":"https:\/\/www.europesays.com\/fr\/648109\/","title":{"rendered":"Paris : La tour Montparnasse vid\u00e9e de ses occupants, c\u2019est pour tr\u00e8s bient\u00f4t"},"content":{"rendered":"<p class=\"mb-4 text-lg md:leading-8 break-words\"><strong>menage de printemps &#8211; La tour Montparnasse sera enti\u00e8rement vid\u00e9e de ses occupants et ferm\u00e9e au public le 31 mars, avant le lancement d\u2019un vaste chantier de r\u00e9novation pr\u00e9vu \u00e0 partir de 2026<\/strong><\/p>\n<p class=\"mb-4 text-lg md:leading-8 break-words\">La <a href=\"https:\/\/www.20minutes.fr\/dossier\/tour_montparnasse?at_medium=RSS%20feed&amp;at_campaign=ynews&amp;utm_source=yahoo&amp;utm_medium=rss&amp;utm_campaign=news_feed&amp;utm_content=in_article_link\" rel=\"nofollow noopener\" target=\"_blank\" data-ylk=\"slk:tour Montparnasse;elm:context_link;itc:0;sec:content-canvas\" class=\"link \">tour Montparnasse<\/a> sera enti\u00e8rement vid\u00e9e de ses occupants et ferm\u00e9e au public le 31 mars prochain, avant le lancement d\u2019un vaste chantier de r\u00e9novation. L\u2019annonce a \u00e9t\u00e9 faite mercredi lors d\u2019une r\u00e9union \u00e0 l\u2019H\u00f4tel de Ville de Paris par Fr\u00e9d\u00e9ric Lemos, repr\u00e9sentant de l\u2019un des copropri\u00e9taires de l\u2019\u00e9difice.<\/p>\n<p class=\"mb-4 text-lg md:leading-8 break-words\">Selon lui, les copropri\u00e9taires ont vot\u00e9 le 19 d\u00e9cembre dernier, \u00e0 99,5 %, la fermeture anticip\u00e9e du b\u00e2timent. Cette d\u00e9cision fait suite \u00e0 une demande des pr\u00e9fectures de Paris et d\u2019\u00cele-de-France, qui ont appel\u00e9 \u00e0 acc\u00e9l\u00e9rer le calendrier du projet de r\u00e9novation.<\/p>\n<p>Des pr\u00e9occupations sanitaires<\/p>\n<p class=\"mb-4 text-lg md:leading-8 break-words\">Dans un courrier dat\u00e9 du 14 novembre, les autorit\u00e9s pr\u00e9fectorales avaient demand\u00e9 une \u00ab fermeture rapide du b\u00e2timent au public \u00bb, invoquant notamment la pr\u00e9sence d\u2019amiante. Elles souhaitaient une mise en \u0153uvre \u00ab au plus tard au d\u00e9but de l\u2019ann\u00e9e 2026 \u00bb, un calendrier finalement avanc\u00e9 de plusieurs mois.<\/p>\n<p class=\"mb-4 text-lg md:leading-8 break-words\">La fermeture interviendra donc d\u00e8s le 31 mars, tandis que le d\u00e9but effectif des travaux est attendu \u00ab probablement apr\u00e8s l\u2019\u00e9t\u00e9 \u00bb, selon Fr\u00e9d\u00e9ric Lemos, en marge de la signature d\u2019un protocole avec la mairie de Paris portant sur la restructuration du centre commercial Maine Montparnasse, attenant \u00e0 la tour.<\/p>\n<p>Une m\u00e9tamorphose \u00e0 plus de 600 millions d\u2019euros<\/p>\n<p class=\"mb-4 text-lg md:leading-8 break-words\">Culminant \u00e0 210 m\u00e8tres, la tour Montparnasse doit faire l\u2019objet d\u2019une transformation en profondeur. Le projet pr\u00e9voit une fa\u00e7ade vitr\u00e9e, l\u2019installation d\u2019un h\u00f4tel, de commerces et de services, ainsi que la cr\u00e9ation d\u2019une serre agricole au(&#8230;)<\/p>\n<p class=\"mb-4 text-lg md:leading-8 break-words\"><a href=\"https:\/\/www.20minutes.fr\/societe\/4194905-20260107-paris-tour-montparnasse-videe-occupants-tres-bientot?at_medium=RSS%20feed&amp;at_campaign=ynews&amp;utm_source=yahoo&amp;utm_medium=rss&amp;utm_campaign=news_feed&amp;utm_content=read_more_link&quot;\" rel=\"nofollow noopener\" target=\"_blank\" data-ylk=\"slk:Lire la suite sur 20minutes;elm:context_link;itc:0;sec:content-canvas\" class=\"link \">Lire la suite sur 20minutes<\/a><\/p>\n<p>\u00c0 lire aussi :<br \/><a href=\"https:\/\/www.20minutes.fr\/arts-stars\/insolite\/4189672-20251204-cru-raid-images-improbables-parachutistes-atterrissant-parvis-defense?at_medium=RSS%20feed&amp;at_campaign=ynews&amp;utm_source=yahoo&amp;utm_medium=rss&amp;utm_campaign=news_feed&amp;utm_content=related_content_link\" rel=\"nofollow noopener\" target=\"_blank\" data-ylk=\"slk:\u00ab\u00a0J\u2019ai cru que c\u2019\u00e9tait le Raid\u00a0\u00bb\u00a0: les images improbables de parachutistes atterrissant sur le parvis de La D\u00e9fense;elm:context_link;itc:0;sec:content-canvas\" class=\"link \">\u00ab\u00a0J\u2019ai cru que c\u2019\u00e9tait le Raid\u00a0\u00bb\u00a0: les images improbables de parachutistes atterrissant sur le parvis de La D\u00e9fense<\/a><br \/><a href=\"https:\/\/www.20minutes.fr\/faits_divers\/4185692-20251114-paris-coup-feu-gare-montparnasse-police-tire-homme-exhibait-couteau?at_medium=RSS%20feed&amp;at_campaign=ynews&amp;utm_source=yahoo&amp;utm_medium=rss&amp;utm_campaign=news_feed&amp;utm_content=related_content_link\" rel=\"nofollow noopener\" target=\"_blank\" data-ylk=\"slk:Paris\u00a0: Deux bless\u00e9s en gare Montparnasse apr\u00e8s que la police a tir\u00e9 sur un homme qui brandissait un couteau;elm:context_link;itc:0;sec:content-canvas\" class=\"link \">Paris\u00a0: Deux bless\u00e9s en gare Montparnasse apr\u00e8s que la police a tir\u00e9 sur un homme qui brandissait un couteau<\/a><\/p>\n","protected":false},"excerpt":{"rendered":"menage de printemps &#8211; La tour Montparnasse sera enti\u00e8rement vid\u00e9e de ses occupants et ferm\u00e9e au public le&hellip;\n","protected":false},"author":2,"featured_media":648110,"comment_status":"","ping_status":"","sticky":false,"template":"","format":"standard","meta":{"footnotes":""},"categories":[1888],"tags":[1111,1928,11,1927,1777,674,1011,27,75325,43944,40113,12,1926,17378,626,1925,25,1423],"class_list":{"0":"post-648109","1":"post","2":"type-post","3":"status-publish","4":"format-standard","5":"has-post-thumbnail","7":"category-paris","8":"tag-actu","9":"tag-actu-paris","10":"tag-actualites","11":"tag-actualites-paris","12":"tag-eu","13":"tag-europe","14":"tag-fr","15":"tag-france","16":"tag-frederic-lemos","17":"tag-lhotel-de-ville-de-paris","18":"tag-la-tour","19":"tag-news","20":"tag-news-paris","21":"tag-occupants","22":"tag-paris","23":"tag-paris-news","24":"tag-republique-francaise","25":"tag-tour-montparnasse"},"share_on_mastodon":{"url":"https:\/\/pubeurope.com\/@fr\/115856321155890799","error":""},"_links":{"self":[{"href":"https:\/\/www.europesays.com\/fr\/wp-json\/wp\/v2\/posts\/648109","targetHints":{"allow":["GET"]}}],"collection":[{"href":"https:\/\/www.europesays.com\/fr\/wp-json\/wp\/v2\/posts"}],"about":[{"href":"https:\/\/www.europesays.com\/fr\/wp-json\/wp\/v2\/types\/post"}],"author":[{"embeddable":true,"href":"https:\/\/www.europesays.com\/fr\/wp-json\/wp\/v2\/users\/2"}],"replies":[{"embeddable":true,"href":"https:\/\/www.europesays.com\/fr\/wp-json\/wp\/v2\/comments?post=648109"}],"version-history":[{"count":0,"href":"https:\/\/www.europesays.com\/fr\/wp-json\/wp\/v2\/posts\/648109\/revisions"}],"wp:featuredmedia":[{"embeddable":true,"href":"https:\/\/www.europesays.com\/fr\/wp-json\/wp\/v2\/media\/648110"}],"wp:attachment":[{"href":"https:\/\/www.europesays.com\/fr\/wp-json\/wp\/v2\/media?parent=648109"}],"wp:term":[{"taxonomy":"category","embeddable":true,"href":"https:\/\/www.europesays.com\/fr\/wp-json\/wp\/v2\/categories?post=648109"},{"taxonomy":"post_tag","embeddable":true,"href":"https:\/\/www.europesays.com\/fr\/wp-json\/wp\/v2\/tags?post=648109"}],"curies":[{"name":"wp","href":"https:\/\/api.w.org\/{rel}","templated":true}]}}