{"id":64811,"date":"2025-04-30T16:41:08","date_gmt":"2025-04-30T16:41:08","guid":{"rendered":"https:\/\/www.europesays.com\/fr\/64811\/"},"modified":"2025-04-30T16:41:08","modified_gmt":"2025-04-30T16:41:08","slug":"le-monde-doit-surmonter-la-peur-des-etats-unis-pour-mettre-fin-au-genocide-a-gaza","status":"publish","type":"post","link":"https:\/\/www.europesays.com\/fr\/64811\/","title":{"rendered":"le monde \u00ab doit surmonter \u00bb la \u00ab peur \u00bb des \u00c9tats-Unis pour mettre fin au g\u00e9nocide \u00e0 Gaza"},"content":{"rendered":"<p style=\"text-align:justify;\">AA \/ Istanbul \/ Saadet Gokce<\/p>\n<p style=\"text-align:justify;\">L&rsquo;homme d&rsquo;Etat malaisien et ancien Premier ministre Mahathir Mohamad a exhort\u00e9, mercredi, le monde \u00e0 \u00ab surmonter \u00bb la \u00ab peur \u00bb des Etats-Unis pour mettre fin au g\u00e9nocide dans la Bande de Gaza.<\/p>\n<p style=\"text-align:justify;\">\u00ab Nous avons peur de l&rsquo;Am\u00e9rique. Mais nous devons surmonter nos peurs. Il existe des moyens d&rsquo;arr\u00eater le massacre \u00bb, a \u00e9crit Mahathir sur le r\u00e9seau social X, ajoutant que le soutien des \u00c9tats-Unis \u00e0 Isra\u00ebl emp\u00eachait les nations d&rsquo;apporter leur aide \u00e0 Gaza.<\/p>\n<p style=\"text-align:justify;\">\u00ab Et le monde ne peut rien faire. Pourquoi ? Parce que le grand peuple am\u00e9ricain soutient pleinement le g\u00e9nocide isra\u00e9lien. Ce sont les m\u00eames personnes qui se gargarisent des droits de l&rsquo;homme, du caract\u00e8re sacr\u00e9 de la vie, etc. etc \u00bb, a d\u00e9clar\u00e9 Mahathir.<\/p>\n<p style=\"text-align:justify;\">L&rsquo;ancien premier ministre a d\u00e9clar\u00e9 que les \u00c9tats-Unis consid\u00e9raient le reste du monde comme un \u00ab ennemi \u00bb et les accusaient de \u00ab tromper l&rsquo;Am\u00e9rique \u00bb.<\/p>\n<p style=\"text-align:justify;\">Mahathir a pr\u00e9venu que le monde \u00e9tait \u00ab confront\u00e9 \u00e0 la menace s\u00e9rieuse d&rsquo;une troisi\u00e8me guerre mondiale \u00bb, exhortant les pays \u00e0 faire fi de ce qu\u2019il qualifie de \u00ab bluff \u00bb ou de discours trompeur des \u00c9tats-Unis.<\/p>\n<p style=\"text-align:justify;\">\u00ab Seule une menace contre l&rsquo;Am\u00e9rique l&#8217;emp\u00eachera de se joindre \u00e0 Isra\u00ebl dans le massacre du peuple palestinien, dans l&rsquo;espoir de conqu\u00e9rir Gaza pour en faire une station touristique \u00bb, a d\u00e9clar\u00e9 l&rsquo;homme d&rsquo;\u00c9tat chevronn\u00e9.<\/p>\n<p style=\"text-align:justify;\">L&rsquo;arm\u00e9e isra\u00e9lienne a repris sa guerre g\u00e9nocidaire contre la Bande de Gaza le 18 mars, rompant l&rsquo;accord de cessez-le-feu et d&rsquo;\u00e9change de prisonniers conclu le 19 janvier avec le mouvement de r\u00e9sistance palestinien Hamas.<\/p>\n<p style=\"text-align:justify;\">Depuis octobre 2023, pr\u00e8s de 52 400 Palestiniens, pour la plupart des femmes et des enfants, ont \u00e9t\u00e9 tu\u00e9s \u00e0 Gaza par les attaques meurtri\u00e8res de l&rsquo;arm\u00e9e isra\u00e9lienne.<\/p>\n<p style=\"text-align:justify;\">* Traduit de l\u2019Anglais par Mourad Belhaj<\/p>\n<p>                            &#13;<br \/>\n                                <a href=\"https:\/\/www.aa.com.tr\/fr\/p\/abonnement\/1001\" target=\"_blank\" style=\"font-size:12px; color:#444; text-decoration:none;\" rel=\"noopener\">&#13;<br \/>\n                                    Seulement une partie des d\u00e9p\u00eaches, que l&rsquo;Agence Anadolu diffuse \u00e0 ses abonn\u00e9s via le Syst\u00e8me de Diffusion interne (HAS), est diffus\u00e9e sur le site de l&rsquo;AA, de mani\u00e8re r\u00e9sum\u00e9e. <b style=\"color:#1897F7\">Contactez-nous s&rsquo;il vous pla\u00eet pour vous abonner.<\/b>&#13;<br \/>\n                                <\/a>&#13;<\/p>\n","protected":false},"excerpt":{"rendered":"AA \/ Istanbul \/ Saadet Gokce L&rsquo;homme d&rsquo;Etat malaisien et ancien Premier ministre Mahathir Mohamad a exhort\u00e9, mercredi,&hellip;\n","protected":false},"author":2,"featured_media":64812,"comment_status":"","ping_status":"","sticky":false,"template":"","format":"standard","meta":{"footnotes":""},"categories":[1589],"tags":[4295,11,1785,4628,73,1866,16422,664,16423,3444,12,1864,1865,1863,308],"class_list":{"0":"post-64811","1":"post","2":"type-post","3":"status-publish","4":"format-standard","5":"has-post-thumbnail","7":"category-etats-unis","8":"tag-tats-unis","9":"tag-actualites","10":"tag-anadolu-ajansi","11":"tag-bande-de-gaza","12":"tag-etats-unis","13":"tag-etats-unis-damerique","14":"tag-guerre-gnocidaire-isralienne","15":"tag-israel","16":"tag-mahathir-mohamad","17":"tag-malaisie","18":"tag-news","19":"tag-united-states","20":"tag-united-states-of-america","21":"tag-us","22":"tag-usa"},"share_on_mastodon":{"url":"https:\/\/pubeurope.com\/@fr\/114427912791817939","error":""},"_links":{"self":[{"href":"https:\/\/www.europesays.com\/fr\/wp-json\/wp\/v2\/posts\/64811","targetHints":{"allow":["GET"]}}],"collection":[{"href":"https:\/\/www.europesays.com\/fr\/wp-json\/wp\/v2\/posts"}],"about":[{"href":"https:\/\/www.europesays.com\/fr\/wp-json\/wp\/v2\/types\/post"}],"author":[{"embeddable":true,"href":"https:\/\/www.europesays.com\/fr\/wp-json\/wp\/v2\/users\/2"}],"replies":[{"embeddable":true,"href":"https:\/\/www.europesays.com\/fr\/wp-json\/wp\/v2\/comments?post=64811"}],"version-history":[{"count":0,"href":"https:\/\/www.europesays.com\/fr\/wp-json\/wp\/v2\/posts\/64811\/revisions"}],"wp:featuredmedia":[{"embeddable":true,"href":"https:\/\/www.europesays.com\/fr\/wp-json\/wp\/v2\/media\/64812"}],"wp:attachment":[{"href":"https:\/\/www.europesays.com\/fr\/wp-json\/wp\/v2\/media?parent=64811"}],"wp:term":[{"taxonomy":"category","embeddable":true,"href":"https:\/\/www.europesays.com\/fr\/wp-json\/wp\/v2\/categories?post=64811"},{"taxonomy":"post_tag","embeddable":true,"href":"https:\/\/www.europesays.com\/fr\/wp-json\/wp\/v2\/tags?post=64811"}],"curies":[{"name":"wp","href":"https:\/\/api.w.org\/{rel}","templated":true}]}}