{"id":648117,"date":"2026-01-07T23:08:40","date_gmt":"2026-01-07T23:08:40","guid":{"rendered":"https:\/\/www.europesays.com\/fr\/648117\/"},"modified":"2026-01-07T23:08:40","modified_gmt":"2026-01-07T23:08:40","slug":"guerre-en-ukraine-les-etats-unis-reprennent-les-negociations-avec-kiev-fustigent-lotan-et-arretent-un-navire-russe","status":"publish","type":"post","link":"https:\/\/www.europesays.com\/fr\/648117\/","title":{"rendered":"Guerre en Ukraine : Les Etats-Unis reprennent les n\u00e9gociations avec Kiev, fustigent l\u2019Otan et arr\u00eatent un navire russe"},"content":{"rendered":"<p class=\"mb-4 text-lg md:leading-8 break-words\"><strong>R\u00e9cap &#8211; \u00ab 20 Minutes \u00bb fait le point pour vous tous les soirs sur le conflit en Ukraine. Ce mercredi, les Etats-Unis de Donald Trump \u00e9taient sur tous les fronts, faisant monter la tension \u00e0 la fois avec la Russie et les alli\u00e9s de l\u2019Otan<\/strong><\/p>\n<p class=\"mb-4 text-lg md:leading-8 break-words\">Vous avez rat\u00e9 les derniers \u00e9v\u00e9nements sur la <a href=\"https:\/\/www.20minutes.fr\/monde\/ukraine\/?at_medium=RSS%20feed&amp;at_campaign=ynews&amp;utm_source=yahoo&amp;utm_medium=rss&amp;utm_campaign=news_feed&amp;utm_content=in_article_link\" rel=\"nofollow noopener\" target=\"_blank\" data-ylk=\"slk:guerre en Ukraine;elm:context_link;itc:0;sec:content-canvas\" class=\"link \">guerre en Ukraine<\/a> ? 20 Minutes fait le point pour vous tous les soirs. Voici l\u2019essentiel de ce mercredi 7 janvier, au 1.413e jour du conflit.<\/p>\n<p>Le fait du jour<\/p>\n<p class=\"mb-4 text-lg md:leading-8 break-words\">Apr\u00e8s un engagement mardi des alli\u00e9s occidentaux \u00e0 <a href=\"https:\/\/www.20minutes.fr\/monde\/ukraine\/4194644-20260106-guerre-ukraine-reunis-paris-allies-engagent-force-multinationale-etats-unis?at_medium=RSS%20feed&amp;at_campaign=ynews&amp;utm_source=yahoo&amp;utm_medium=rss&amp;utm_campaign=news_feed&amp;utm_content=in_article_link\" rel=\"nofollow noopener\" target=\"_blank\" data-ylk=\"slk:prot\u00e9ger l\u2019Ukraine apr\u00e8s un \u00e9ventuel cessez-le-feu;elm:context_link;itc:0;sec:content-canvas\" class=\"link \">prot\u00e9ger l\u2019Ukraine apr\u00e8s un \u00e9ventuel cessez-le-feu<\/a>, les discussions se sont poursuivies ce mercredi \u00e0 Paris autour des contours d\u2019un plan de paix. Le pr\u00e9sident ukrainien Volodymyr Zelensky et l\u2019envoy\u00e9 sp\u00e9cial de Donald Trump Steve Witkoff ont en effet annonc\u00e9 que leurs repr\u00e9sentants \u00e9taient rest\u00e9s dans la capitale fran\u00e7aise. Et, selon Volodymyr Zelensky, les \u00e9changes ont abord\u00e9 les \u00ab questions les plus difficiles \u00bb avec les Etats-Unis, notamment celles li\u00e9es aux territoires et \u00e0 la centrale nucl\u00e9aire de Zaporijjia. A l\u2019arr\u00eat, la centrale ukrainienne est actuellement occup\u00e9e par l\u2019arm\u00e9e russe qui revendique le contr\u00f4le de la r\u00e9gion.<\/p>\n<p class=\"mb-4 text-lg md:leading-8 break-words\">Des repr\u00e9sentants de la France, de l\u2019<a href=\"https:\/\/www.20minutes.fr\/dossier\/allemagne?at_medium=RSS%20feed&amp;at_campaign=ynews&amp;utm_source=yahoo&amp;utm_medium=rss&amp;utm_campaign=news_feed&amp;utm_content=in_article_link\" rel=\"nofollow noopener\" target=\"_blank\" data-ylk=\"slk:Allemagne;elm:context_link;itc:0;sec:content-canvas\" class=\"link \">Allemagne<\/a> et du Royaume-Uni participaient \u00e9galement aux discussions ce mercredi, ainsi que des repr\u00e9sentants de l\u2019Italie et de la Turquie. Volodymyr Zelensky a, par ailleurs, soulign\u00e9 l\u2019importance pour les alli\u00e9s occidentaux de Kiev d\u2019exercer une pression sur Moscou.<\/p>\n<p>La d\u00e9claration du jour<\/p>\n<blockquote class=\"mb-4 border-l-2 pl-5 italic text-tertiary\">\n<p class=\"mb-4 text-lg md:leading-8 break-words\">Je doute que l\u2019Otan soit l\u00e0 pour nous si nous avons besoin d\u2019eux<\/p>\n<\/blockquote>\n<p class=\"mb-4 text-lg md:leading-8 break-words\">Les paroles sont sign\u00e9es Donald Trump. Le pr\u00e9sident am\u00e9ricain a publi\u00e9 ce mercredi, sur son r\u00e9seau Truth Social, un message truff\u00e9 de r\u00e9criminations contre l\u2019alliance de d\u00e9fense transatlantique. \u00ab Nous serons tou(&#8230;)<\/p>\n<p class=\"mb-4 text-lg md:leading-8 break-words\"><a href=\"https:\/\/www.20minutes.fr\/monde\/ukraine\/4194878-20260107-guerre-ukraine-etats-unis-reprennent-negociations-kiev-fustigent-otan-arretent-navire-russe?at_medium=RSS%20feed&amp;at_campaign=ynews&amp;utm_source=yahoo&amp;utm_medium=rss&amp;utm_campaign=news_feed&amp;utm_content=read_more_link&quot;\" rel=\"nofollow noopener\" target=\"_blank\" data-ylk=\"slk:Lire la suite sur 20minutes;elm:context_link;itc:0;sec:content-canvas\" class=\"link \">Lire la suite sur 20minutes<\/a><\/p>\n<p>\u00c0 lire aussi :<br \/><a href=\"https:\/\/www.20minutes.fr\/monde\/4194754-20260107-guerre-ukraine-an-apres-livraison-bilan-mirage-2000-5-francais-cedes-kiev?at_medium=RSS%20feed&amp;at_campaign=ynews&amp;utm_source=yahoo&amp;utm_medium=rss&amp;utm_campaign=news_feed&amp;utm_content=related_content_link\" rel=\"nofollow noopener\" target=\"_blank\" data-ylk=\"slk:Guerre en Ukraine : Un an apr\u00e8s leur livraison, quel bilan pour les Mirage 2000-5 fran\u00e7ais c\u00e9d\u00e9s \u00e0 Kiev ?;elm:context_link;itc:0;sec:content-canvas\" class=\"link \">Guerre en Ukraine : Un an apr\u00e8s leur livraison, quel bilan pour les Mirage 2000-5 fran\u00e7ais c\u00e9d\u00e9s \u00e0 Kiev ?<\/a><br \/><a href=\"https:\/\/www.20minutes.fr\/monde\/ukraine\/4194644-20260106-guerre-ukraine-reunis-paris-allies-engagent-force-multinationale-etats-unis?at_medium=RSS%20feed&amp;at_campaign=ynews&amp;utm_source=yahoo&amp;utm_medium=rss&amp;utm_campaign=news_feed&amp;utm_content=related_content_link\" rel=\"nofollow noopener\" target=\"_blank\" data-ylk=\"slk:Guerre en Ukraine : R\u00e9unis \u00e0 Paris, les alli\u00e9s s\u2019engagent pour une \u00ab force multinationale \u00bb avec les Etats-Unis;elm:context_link;itc:0;sec:content-canvas\" class=\"link \">Guerre en Ukraine : R\u00e9unis \u00e0 Paris, les alli\u00e9s s\u2019engagent pour une \u00ab force multinationale \u00bb avec les Etats-Unis<\/a><\/p>\n","protected":false},"excerpt":{"rendered":"R\u00e9cap &#8211; \u00ab 20 Minutes \u00bb fait le point pour vous tous les soirs sur le conflit en&hellip;\n","protected":false},"author":2,"featured_media":648118,"comment_status":"","ping_status":"","sticky":false,"template":"","format":"standard","meta":{"footnotes":""},"categories":[1590],"tags":[11,75,73,1777,674,40425,12,220,134],"class_list":{"0":"post-648117","1":"post","2":"type-post","3":"status-publish","4":"format-standard","5":"has-post-thumbnail","7":"category-ukraine","8":"tag-actualites","9":"tag-donald-trump","10":"tag-etats-unis","11":"tag-eu","12":"tag-europe","13":"tag-les-allies","14":"tag-news","15":"tag-ukraine","16":"tag-volodymyr-zelensky"},"share_on_mastodon":{"url":"https:\/\/pubeurope.com\/@fr\/115856336682874145","error":""},"_links":{"self":[{"href":"https:\/\/www.europesays.com\/fr\/wp-json\/wp\/v2\/posts\/648117","targetHints":{"allow":["GET"]}}],"collection":[{"href":"https:\/\/www.europesays.com\/fr\/wp-json\/wp\/v2\/posts"}],"about":[{"href":"https:\/\/www.europesays.com\/fr\/wp-json\/wp\/v2\/types\/post"}],"author":[{"embeddable":true,"href":"https:\/\/www.europesays.com\/fr\/wp-json\/wp\/v2\/users\/2"}],"replies":[{"embeddable":true,"href":"https:\/\/www.europesays.com\/fr\/wp-json\/wp\/v2\/comments?post=648117"}],"version-history":[{"count":0,"href":"https:\/\/www.europesays.com\/fr\/wp-json\/wp\/v2\/posts\/648117\/revisions"}],"wp:featuredmedia":[{"embeddable":true,"href":"https:\/\/www.europesays.com\/fr\/wp-json\/wp\/v2\/media\/648118"}],"wp:attachment":[{"href":"https:\/\/www.europesays.com\/fr\/wp-json\/wp\/v2\/media?parent=648117"}],"wp:term":[{"taxonomy":"category","embeddable":true,"href":"https:\/\/www.europesays.com\/fr\/wp-json\/wp\/v2\/categories?post=648117"},{"taxonomy":"post_tag","embeddable":true,"href":"https:\/\/www.europesays.com\/fr\/wp-json\/wp\/v2\/tags?post=648117"}],"curies":[{"name":"wp","href":"https:\/\/api.w.org\/{rel}","templated":true}]}}