{"id":648119,"date":"2026-01-07T23:09:12","date_gmt":"2026-01-07T23:09:12","guid":{"rendered":"https:\/\/www.europesays.com\/fr\/648119\/"},"modified":"2026-01-07T23:09:12","modified_gmt":"2026-01-07T23:09:12","slug":"usa-les-etats-unis-abandonnent-les-seuils-officiels-de-consommation-dalcool","status":"publish","type":"post","link":"https:\/\/www.europesays.com\/fr\/648119\/","title":{"rendered":"USA | Les \u00c9tats-Unis abandonnent les seuils officiels de consommation d\u2019alcool"},"content":{"rendered":"<p data-start=\"207\" data-end=\"556\">Publi\u00e9es le 7 janvier 2026, les nouvelles Dietary Guidelines am\u00e9ricaines rompent avec plus de 40 ans de recommandations chiffr\u00e9es sur la consommation d\u2019alcool.<\/p>\n<p data-start=\"207\" data-end=\"556\">Le gouvernement f\u00e9d\u00e9ral invite d\u00e9sormais les consommateurs \u00e0 \u00ab limiter \u00bb leur consommation, sans fixer de seuil pr\u00e9cis, et&#8230;<\/p>\n<p><img loading=\"lazy\" decoding=\"async\" width=\"800\" height=\"236\" src=\"https:\/\/www.europesays.com\/fr\/wp-content\/uploads\/2025\/12\/mag-2.jpeg\" class=\"attachment-full size-full\" alt=\"\"  \/><\/p>\n<p>\u00a0<\/p>\n<p style=\"text-align: center;\"><strong>INSCRIVEZ-VOUS POUR D\u00c9BLOQUER LE CONTENU<\/strong><\/p>\n<p style=\"text-align: center;\">Encouragez Baron Mag et soutenez l\u2019entrepreneuriat local<\/p>\n","protected":false},"excerpt":{"rendered":"Publi\u00e9es le 7 janvier 2026, les nouvelles Dietary Guidelines am\u00e9ricaines rompent avec plus de 40 ans de recommandations&hellip;\n","protected":false},"author":2,"featured_media":648120,"comment_status":"","ping_status":"","sticky":false,"template":"","format":"standard","meta":{"footnotes":""},"categories":[1589],"tags":[11,73,1866,12,1864,1865,1863,308],"class_list":{"0":"post-648119","1":"post","2":"type-post","3":"status-publish","4":"format-standard","5":"has-post-thumbnail","7":"category-etats-unis","8":"tag-actualites","9":"tag-etats-unis","10":"tag-etats-unis-damerique","11":"tag-news","12":"tag-united-states","13":"tag-united-states-of-america","14":"tag-us","15":"tag-usa"},"share_on_mastodon":{"url":"https:\/\/pubeurope.com\/@fr\/115856340689108647","error":""},"_links":{"self":[{"href":"https:\/\/www.europesays.com\/fr\/wp-json\/wp\/v2\/posts\/648119","targetHints":{"allow":["GET"]}}],"collection":[{"href":"https:\/\/www.europesays.com\/fr\/wp-json\/wp\/v2\/posts"}],"about":[{"href":"https:\/\/www.europesays.com\/fr\/wp-json\/wp\/v2\/types\/post"}],"author":[{"embeddable":true,"href":"https:\/\/www.europesays.com\/fr\/wp-json\/wp\/v2\/users\/2"}],"replies":[{"embeddable":true,"href":"https:\/\/www.europesays.com\/fr\/wp-json\/wp\/v2\/comments?post=648119"}],"version-history":[{"count":0,"href":"https:\/\/www.europesays.com\/fr\/wp-json\/wp\/v2\/posts\/648119\/revisions"}],"wp:featuredmedia":[{"embeddable":true,"href":"https:\/\/www.europesays.com\/fr\/wp-json\/wp\/v2\/media\/648120"}],"wp:attachment":[{"href":"https:\/\/www.europesays.com\/fr\/wp-json\/wp\/v2\/media?parent=648119"}],"wp:term":[{"taxonomy":"category","embeddable":true,"href":"https:\/\/www.europesays.com\/fr\/wp-json\/wp\/v2\/categories?post=648119"},{"taxonomy":"post_tag","embeddable":true,"href":"https:\/\/www.europesays.com\/fr\/wp-json\/wp\/v2\/tags?post=648119"}],"curies":[{"name":"wp","href":"https:\/\/api.w.org\/{rel}","templated":true}]}}