{"id":648121,"date":"2026-01-07T23:10:10","date_gmt":"2026-01-07T23:10:10","guid":{"rendered":"https:\/\/www.europesays.com\/fr\/648121\/"},"modified":"2026-01-07T23:10:10","modified_gmt":"2026-01-07T23:10:10","slug":"yoshua-bengio-nomme-officier-de-lordre-de-lempire-britannique","status":"publish","type":"post","link":"https:\/\/www.europesays.com\/fr\/648121\/","title":{"rendered":"Yoshua Bengio nomm\u00e9 officier de l\u2019Ordre de l\u2019Empire britannique"},"content":{"rendered":"<p>Yoshua Bengio, professeur au D\u00e9partement d\u2019informatique et de recherche op\u00e9rationnelle de l\u2019Universit\u00e9 de Montr\u00e9al, a \u00e9t\u00e9 nomm\u00e9 officier de l\u2019Ordre de l\u2019Empire britannique par le gouvernement du Royaume-Uni.\u00a0<\/p>\n<p>Cette distinction lui est remise \u00abpour services rendus \u00e0 l\u2019intelligence artificielle au Royaume-Uni\u00bb. Membre de la Royal Society de Londres, il est notamment conseiller sp\u00e9cial en intelligence artificielle (IA) aupr\u00e8s du gouvernement britannique.\u00a0<\/p>\n<p>Dans la hi\u00e9rarchie de l\u2019Ordre de l\u2019Empire britannique, l\u2019attribution du grade d\u2019officier vise notamment \u00e0 reconna\u00eetre une contribution marquante dont le rayonnement d\u00e9passe les fronti\u00e8res.\u00a0<\/p>\n<p>Pionnier de l\u2019apprentissage profond, Yoshua Bengio est copr\u00e9sident et directeur scientifique de LoiZ\u00e9ro, fondateur et conseiller scientifique de Mila \u2013 l\u2019Institut qu\u00e9b\u00e9cois d\u2019intelligence artificielle \u2013 et codirecteur du programme Apprentissage automatique, apprentissage biologique de CIFAR en tant que senior fellow. Il est \u00e9galement conseiller sp\u00e9cial et directeur scientifique fondateur d\u2019IVADO, l\u2019institut de recherche et de transfert en intelligence artificielle.<\/p>\n","protected":false},"excerpt":{"rendered":"Yoshua Bengio, professeur au D\u00e9partement d\u2019informatique et de recherche op\u00e9rationnelle de l\u2019Universit\u00e9 de Montr\u00e9al, a \u00e9t\u00e9 nomm\u00e9 officier&hellip;\n","protected":false},"author":2,"featured_media":648122,"comment_status":"","ping_status":"","sticky":false,"template":"","format":"standard","meta":{"footnotes":""},"categories":[1588],"tags":[11,75330,24272,1777,674,75328,75329,311,75333,223,75334,75332,75331,12,75326,5854,473,1853,1851,1850,1852,75327],"class_list":{"0":"post-648121","1":"post","2":"type-post","3":"status-publish","4":"format-standard","5":"has-post-thumbnail","7":"category-royaume-uni","8":"tag-actualites","9":"tag-departement-dinformatique-et-de-recherche-operationnelle","10":"tag-diro","11":"tag-eu","12":"tag-europe","13":"tag-faculte-des-arts-et-des-sciences","14":"tag-fas","15":"tag-informatique","16":"tag-institut-de-valorisation-des-donnees","17":"tag-intelligence-artificielle","18":"tag-ivado","19":"tag-mila","20":"tag-mila-institut-quebecois-dintelligence-artificielle","21":"tag-news","22":"tag-prix-et-distinctions","23":"tag-professeurs","24":"tag-royaume-uni","25":"tag-royaume-uni-de-grande-bretagne-et-dirlande-du-nord","26":"tag-uk","27":"tag-united-kingdom","28":"tag-united-kingdom-of-great-britain-and-northern-ireland","29":"tag-yoshua-bengio"},"share_on_mastodon":{"url":"","error":"Validation failed: Text character limit of 500 exceeded"},"_links":{"self":[{"href":"https:\/\/www.europesays.com\/fr\/wp-json\/wp\/v2\/posts\/648121","targetHints":{"allow":["GET"]}}],"collection":[{"href":"https:\/\/www.europesays.com\/fr\/wp-json\/wp\/v2\/posts"}],"about":[{"href":"https:\/\/www.europesays.com\/fr\/wp-json\/wp\/v2\/types\/post"}],"author":[{"embeddable":true,"href":"https:\/\/www.europesays.com\/fr\/wp-json\/wp\/v2\/users\/2"}],"replies":[{"embeddable":true,"href":"https:\/\/www.europesays.com\/fr\/wp-json\/wp\/v2\/comments?post=648121"}],"version-history":[{"count":0,"href":"https:\/\/www.europesays.com\/fr\/wp-json\/wp\/v2\/posts\/648121\/revisions"}],"wp:featuredmedia":[{"embeddable":true,"href":"https:\/\/www.europesays.com\/fr\/wp-json\/wp\/v2\/media\/648122"}],"wp:attachment":[{"href":"https:\/\/www.europesays.com\/fr\/wp-json\/wp\/v2\/media?parent=648121"}],"wp:term":[{"taxonomy":"category","embeddable":true,"href":"https:\/\/www.europesays.com\/fr\/wp-json\/wp\/v2\/categories?post=648121"},{"taxonomy":"post_tag","embeddable":true,"href":"https:\/\/www.europesays.com\/fr\/wp-json\/wp\/v2\/tags?post=648121"}],"curies":[{"name":"wp","href":"https:\/\/api.w.org\/{rel}","templated":true}]}}