{"id":648123,"date":"2026-01-07T23:11:11","date_gmt":"2026-01-07T23:11:11","guid":{"rendered":"https:\/\/www.europesays.com\/fr\/648123\/"},"modified":"2026-01-07T23:11:11","modified_gmt":"2026-01-07T23:11:11","slug":"allemagne-courtise-par-le-paris-fc-arnaud-kalimuendo-prete-a-leintracht-francfort-par-nottingham","status":"publish","type":"post","link":"https:\/\/www.europesays.com\/fr\/648123\/","title":{"rendered":"Allemagne\u00a0: courtis\u00e9 par le Paris FC, Arnaud Kalimuendo pr\u00eat\u00e9 \u00e0 l\u2019Eintracht Francfort par Nottingham"},"content":{"rendered":"<p class=\"paragraph text_align_left lp-f-body-02\">Arnaud Kalimuendo ne d\u00e9couvrira pas le deuxi\u00e8me club de la capitale. Ou du moins pas cette saison. Ce mercredi soir, <a href=\"https:\/\/www.leparisien.fr\/sports\/football\/ligue-1\/mercato-paris-fc-le-promu-parisien-tres-chaud-pour-recruter-sidiki-cherif-revelation-en-ligue-1-31-12-2025-LELUQBXU2FAUPBODVHNWSJX3PM.php\" target=\"_blank\" rel=\"noopener\">l\u2019Eintracht Francfort a officialis\u00e9 l\u2019arriv\u00e9e en pr\u00eat de l\u2019attaquant de 23\u00a0ans<\/a>. Arriv\u00e9 cet \u00e9t\u00e9 \u00e0 Nottingham Forest en provenance du Stade Rennais, l\u2019international Espoirs fran\u00e7ais n\u2019a pas convaincu lors de la premi\u00e8re partie de la saison.<\/p>\n<p class=\"\">Peu utilis\u00e9 par les Reds, l\u2019avant-centre form\u00e9 au <a href=\"https:\/\/www.leparisien.fr\/sports\/football\/psg\/\" target=\"_blank\" rel=\"noopener\">Paris Saint-Germain<\/a> n\u2019a pas marqu\u00e9 lors de ses neuf entr\u00e9es en jeu en Premier League. Cette statistique peu avantageuse n\u2019avait pas emp\u00each\u00e9 le <a href=\"https:\/\/www.leparisien.fr\/sports\/football\/paris-fc\/\" target=\"_blank\" rel=\"noopener\">Paris FC<\/a> de <a href=\"https:\/\/www.leparisien.fr\/sports\/football\/paris-fc\/mercato-paris-fc-avec-jusqua-cinq-renforts-attendus-le-promu-parisien-est-decide-a-frapper-fort-cet-hiver-22-12-2025-YPO532UJNRG7DOIMAHB23EXDIY.php\" target=\"_blank\" rel=\"noopener\">se renseigner sur le profil de l\u2019ancien Rennais<\/a>. Ce dernier figurait sur la liste du quinzi\u00e8me de Ligue\u00a01 qui cherche \u00e0 se renforcer dans tous les secteurs de jeu \u00e0 l\u2019occasion de ce mercato d\u2019hiver.<\/p>\n<p>Il remplace Wahi<\/p>\n<p class=\"\">En Bundesliga, Kalimuendo va remplacer num\u00e9riquement Elye Wahi, parti \u00e0 l\u2019OGC Nice cet hiver. \u00ab\u00a0Il est rapide, r\u00e9alise des appels en profondeur et c\u2019est un finisseur clinique. Il travaille \u00e9galement tr\u00e8s dur sans le ballon. Il \u00e9tait important pour nous qu\u2019il corresponde non seulement \u00e0 notre style de jeu, mais aussi \u00e0 notre philosophie\u00a0\u00bb, l\u2019a pr\u00e9sent\u00e9 le directeur sportif de l\u2019Eintracht, Markus Kr\u00f6sche.<\/p>\n<p class=\"\">Le pr\u00eat du natif de Suresnes s\u2019\u00e9tire sur les six prochains moins, mais le club francfortois a communiqu\u00e9 qu\u2019il disposait d\u2019une option pour transformer ce mouvement en transfert d\u00e9finitif. Il pourrait imiter un autre ancien Parisien qui s\u2019est relanc\u00e9 chez les Aigles\u00a0: Hugo Ekitike.<\/p>\n","protected":false},"excerpt":{"rendered":"Arnaud Kalimuendo ne d\u00e9couvrira pas le deuxi\u00e8me club de la capitale. Ou du moins pas cette saison. Ce&hellip;\n","protected":false},"author":2,"featured_media":648124,"comment_status":"","ping_status":"","sticky":false,"template":"","format":"standard","meta":{"footnotes":""},"categories":[1587],"tags":[11,672,1804,1805,1803,1777,674,63,1801,12,1802,60],"class_list":{"0":"post-648123","1":"post","2":"type-post","3":"status-publish","4":"format-standard","5":"has-post-thumbnail","7":"category-allemagne","8":"tag-actualites","9":"tag-allemagne","10":"tag-bundesrepublik-deutschland","11":"tag-de","12":"tag-deutschland","13":"tag-eu","14":"tag-europe","15":"tag-football","16":"tag-germany","17":"tag-news","18":"tag-republique-federale-dallemagne","19":"tag-sports"},"share_on_mastodon":{"url":"https:\/\/pubeurope.com\/@fr\/115856348646414480","error":""},"_links":{"self":[{"href":"https:\/\/www.europesays.com\/fr\/wp-json\/wp\/v2\/posts\/648123","targetHints":{"allow":["GET"]}}],"collection":[{"href":"https:\/\/www.europesays.com\/fr\/wp-json\/wp\/v2\/posts"}],"about":[{"href":"https:\/\/www.europesays.com\/fr\/wp-json\/wp\/v2\/types\/post"}],"author":[{"embeddable":true,"href":"https:\/\/www.europesays.com\/fr\/wp-json\/wp\/v2\/users\/2"}],"replies":[{"embeddable":true,"href":"https:\/\/www.europesays.com\/fr\/wp-json\/wp\/v2\/comments?post=648123"}],"version-history":[{"count":0,"href":"https:\/\/www.europesays.com\/fr\/wp-json\/wp\/v2\/posts\/648123\/revisions"}],"wp:featuredmedia":[{"embeddable":true,"href":"https:\/\/www.europesays.com\/fr\/wp-json\/wp\/v2\/media\/648124"}],"wp:attachment":[{"href":"https:\/\/www.europesays.com\/fr\/wp-json\/wp\/v2\/media?parent=648123"}],"wp:term":[{"taxonomy":"category","embeddable":true,"href":"https:\/\/www.europesays.com\/fr\/wp-json\/wp\/v2\/categories?post=648123"},{"taxonomy":"post_tag","embeddable":true,"href":"https:\/\/www.europesays.com\/fr\/wp-json\/wp\/v2\/tags?post=648123"}],"curies":[{"name":"wp","href":"https:\/\/api.w.org\/{rel}","templated":true}]}}