{"id":648127,"date":"2026-01-07T23:13:13","date_gmt":"2026-01-07T23:13:13","guid":{"rendered":"https:\/\/www.europesays.com\/fr\/648127\/"},"modified":"2026-01-07T23:13:13","modified_gmt":"2026-01-07T23:13:13","slug":"traite-ue-mercosur-bientot-scelle-bruxelles-multiplie-les-gestes-envers-paris-et-rome-2","status":"publish","type":"post","link":"https:\/\/www.europesays.com\/fr\/648127\/","title":{"rendered":"Trait\u00e9 UE-Mercosur bient\u00f4t scell\u00e9 ? Bruxelles multiplie les gestes envers Paris et Rome"},"content":{"rendered":"<p>La Commission europ\u00e9enne multiplie les concessions envers les agriculteurs europ\u00e9ens pour pouvoir fixer une date de signature de l&rsquo;accord commercial avec le Mercosur.<\/p>\n<p>Qu&rsquo;il s\u2019agisse de d\u00e9bloquer des fonds suppl\u00e9mentaires ou d&rsquo;assouplir la r\u00e9glementation, la Commission r\u00e9pond aux demandes des principaux pays faisant encore obstacle : l&rsquo;Italie et la France, qui ont pr\u00e9sent\u00e9 une liste d&rsquo;exigences avant de s&rsquo;engager dans l&rsquo;accord. Rome se montre pr\u00eate \u00e0 signer rapidement, tandis que Paris reste prudent \u00e0 l\u2019approche d&rsquo;une semaine de manifestations annonc\u00e9es par les agriculteurs fran\u00e7ais.<\/p>\n<p>Mercredi, la Commission a accept\u00e9 de suspendre r\u00e9troactivement, \u00e0 compter du 1er janvier, la taxe carbone europ\u00e9enne sur les engrais, conform\u00e9ment aux demandes des deux pays et des agriculteurs, qui estimaient que cette taxe les d\u00e9savantagerait en termes de co\u00fbts de production.<\/p>\n<p>Cette annonce intervient un jour apr\u00e8s que la Commission a \u00e9galement accept\u00e9 de d\u00e9bloquer des fonds anticip\u00e9s pour les agriculteurs, conform\u00e9ment aux demandes italiennes.<\/p>\n<p>\u00ab\u00a0Les pr\u00e9occupations des agriculteurs ne sont pas une consid\u00e9ration secondaire dans notre politique commerciale\u00a0\u00bb, a d\u00e9clar\u00e9 le commissaire europ\u00e9en au Commerce, Maro\u0161 \u0160ef\u010dovi\u010d, apr\u00e8s l&rsquo;annonce, ajoutant : \u00ab\u00a0Ils sont essentiels pour l&rsquo;Europe.\u00a0\u00bb<\/p>\n<p>Les responsables fran\u00e7ais et italiens craignent que le secteur agricole de leur pays ne soit expos\u00e9 \u00e0 une \u00ab\u00a0augmentation significative\u00a0\u00bb du co\u00fbt des engrais import\u00e9s dans l&rsquo;UE, dont les prix devraient bondir d&rsquo;environ 25 % en raison des nouvelles taxes.<\/p>\n<p>Dans une lettre publi\u00e9e mardi, la pr\u00e9sidente de la Commission europ\u00e9enne, Ursula von der Leyen, a promis aux agriculteurs un acc\u00e8s \u00e0 <a href=\"https:\/\/fr.euronews.com\/business\/2026\/01\/06\/accord-ue-mercosur-la-commission-propose-de-debloquer-45-milliards-deuros-aux-agriculteurs\" target=\"_blank\" rel=\"noopener\"><strong>45 milliards d&rsquo;euros<\/strong><\/a> issus du budget de la politique agricole commune (PAC) d\u00e8s 2028.<\/p>\n<p>\u00ab\u00a0Pour l\u2019Italie, cela signifie disposer de davantage de ressources pour l&rsquo;agriculture dans le prochain budget septennal, par rapport \u00e0 l&rsquo;actuel\u00a0\u00bb, a d\u00e9clar\u00e9 mercredi le ministre italien de l&rsquo;Agriculture, Francesco Lollobrigida, aux journalistes.<\/p>\n<p><strong>Meloni d\u00e9tient la cl\u00e9 pour sceller l\u2019accord du Mercosur<\/strong><\/p>\n<p>Les derni\u00e8res d\u00e9cisions de la Commission ont convaincu l&rsquo;Italie de soutenir l&rsquo;accord commercial.<\/p>\n<p>La position de Rome reste cruciale, car l&rsquo;accord n\u00e9cessite une majorit\u00e9 qualifi\u00e9e des \u00c9tats membres pour \u00eatre approuv\u00e9. Un d\u00e9lai demand\u00e9 par la Premi\u00e8re ministre, Giorgia Meloni, en d\u00e9cembre dernier avait fait d\u00e9railler la signature initialement pr\u00e9vue pour la fin de l\u2019ann\u00e9e.<\/p>\n<p>Aujourd\u2019hui, les conditions semblent r\u00e9unies, a sugg\u00e9r\u00e9 Lollobrigida mercredi, avant la r\u00e9union avec ses homologues. <\/p>\n<p>\u00ab\u00a0Si la Commission confirme ses engagements, l&rsquo;Italie soutiendra l\u2019accord\u00a0\u00bb, a-t-il d\u00e9clar\u00e9 aux journalistes. En th\u00e9orie, cela faciliterait la signature, que des pays comme l&rsquo;Allemagne et l&rsquo;Espagne cherchent \u00e0 s\u00e9curiser juridiquement d\u00e8s ce mois-ci.<\/p>\n<p>Alors que l&rsquo;Italie signale sa volont\u00e9 d&rsquo;avancer, la France reste la plus r\u00e9ticente. M\u00eame si la Commission exerce des pressions pour obtenir l&rsquo;accord, les diplomates admettent qu&rsquo;il ne peut \u00eatre impos\u00e9 au gouvernement fran\u00e7ais sans un r\u00e9cit politique permettant \u00e0 Paris de le soutenir.<\/p>\n<p>Le gouvernement fran\u00e7ais et Emmanuel Macron font face \u00e0 une <a href=\"https:\/\/fr.euronews.com\/2026\/01\/07\/le-siege-de-lyon-symbole-dune-agriculture-francaise-au-bord-de-la-rupture\" target=\"_blank\" rel=\"noopener\"><strong>profonde crise agricole<\/strong><\/a> qui pourrait se traduire par des manifestations \u00e0 Paris jeudi, au moment m\u00eame o\u00f9 la pr\u00e9sidence chypriote de l&rsquo;UE envisage de programmer un vote sur l&rsquo;accord \u00e0 Bruxelles vendredi.<\/p>\n<p>Mercredi, dans un effort suppl\u00e9mentaire pour apaiser les agriculteurs, la France a suspendu les importations de produits agricoles contenant des r\u00e9sidus de pesticides interdits dans l&rsquo;UE. Cette mesure doit encore recevoir le feu vert de la Commission.<\/p>\n","protected":false},"excerpt":{"rendered":"La Commission europ\u00e9enne multiplie les concessions envers les agriculteurs europ\u00e9ens pour pouvoir fixer une date de signature de&hellip;\n","protected":false},"author":2,"featured_media":648128,"comment_status":"","ping_status":"","sticky":false,"template":"","format":"standard","meta":{"footnotes":""},"categories":[1586],"tags":[11,327,1777,674,1779,1011,27,21426,12,25,1778,364],"class_list":{"0":"post-648127","1":"post","2":"type-post","3":"status-publish","4":"format-standard","5":"has-post-thumbnail","7":"category-europe","8":"tag-actualites","9":"tag-agriculture","10":"tag-eu","11":"tag-europe","12":"tag-european-union","13":"tag-fr","14":"tag-france","15":"tag-mercosur","16":"tag-news","17":"tag-republique-francaise","18":"tag-ue","19":"tag-union-europeenne"},"share_on_mastodon":{"url":"https:\/\/pubeurope.com\/@fr\/115856356466718200","error":""},"_links":{"self":[{"href":"https:\/\/www.europesays.com\/fr\/wp-json\/wp\/v2\/posts\/648127","targetHints":{"allow":["GET"]}}],"collection":[{"href":"https:\/\/www.europesays.com\/fr\/wp-json\/wp\/v2\/posts"}],"about":[{"href":"https:\/\/www.europesays.com\/fr\/wp-json\/wp\/v2\/types\/post"}],"author":[{"embeddable":true,"href":"https:\/\/www.europesays.com\/fr\/wp-json\/wp\/v2\/users\/2"}],"replies":[{"embeddable":true,"href":"https:\/\/www.europesays.com\/fr\/wp-json\/wp\/v2\/comments?post=648127"}],"version-history":[{"count":0,"href":"https:\/\/www.europesays.com\/fr\/wp-json\/wp\/v2\/posts\/648127\/revisions"}],"wp:featuredmedia":[{"embeddable":true,"href":"https:\/\/www.europesays.com\/fr\/wp-json\/wp\/v2\/media\/648128"}],"wp:attachment":[{"href":"https:\/\/www.europesays.com\/fr\/wp-json\/wp\/v2\/media?parent=648127"}],"wp:term":[{"taxonomy":"category","embeddable":true,"href":"https:\/\/www.europesays.com\/fr\/wp-json\/wp\/v2\/categories?post=648127"},{"taxonomy":"post_tag","embeddable":true,"href":"https:\/\/www.europesays.com\/fr\/wp-json\/wp\/v2\/tags?post=648127"}],"curies":[{"name":"wp","href":"https:\/\/api.w.org\/{rel}","templated":true}]}}