{"id":648133,"date":"2026-01-07T23:16:12","date_gmt":"2026-01-07T23:16:12","guid":{"rendered":"https:\/\/www.europesays.com\/fr\/648133\/"},"modified":"2026-01-07T23:16:12","modified_gmt":"2026-01-07T23:16:12","slug":"bruno-retailleau-sattaque-a-la-france-du-canape","status":"publish","type":"post","link":"https:\/\/www.europesays.com\/fr\/648133\/","title":{"rendered":"Bruno Retailleau s\u2019attaque \u00e0 la France du canap\u00e9"},"content":{"rendered":"<p>Le patron de LR, qui pr\u00e9pare sa candidature pr\u00e9sidentielle, a d\u00e9voil\u00e9 ce mercredi de premi\u00e8res propositions, d\u2019inspiration lib\u00e9ral temp\u00e9r\u00e9, sur le travail et le pouvoir d\u2019achat.<\/p>\n<p class=\"c-paragraph paywall\">Haro sur la France du canap\u00e9 ! Dans l\u2019un des visuels projet\u00e9s durant sa conf\u00e9rence de presse figurait un jeune dipl\u00f4m\u00e9 oisif, paisiblement vautr\u00e9 dans un moelleux fauteuil, percevant le ch\u00f4mage apr\u00e8s avoir travaill\u00e9 juste ce qu\u2019il faut pour toucher des indemnit\u00e9s. Bruno Retailleau le revendique : c\u2019est \u00e0 la France qui travaille, celle des \u00ab Nicolas qui paient \u00bb, et certainement pas \u00e0 celle des \u00ab assist\u00e9s \u00bb, qu\u2019il entend s\u2019adresser en vue de l\u2019\u00e9lection pr\u00e9sidentielle de 2027, \u00e0 laquelle <a href=\"https:\/\/www.lepoint.fr\/politique\/bruno-retailleau-candidat-a-lelysee-un-noel-pour-partir-a-lassaut-2BQTM573QNBVLDVYUV7TZC2JCY\/\" target=\"_self\" rel=\"noopener\" title=\"https:\/\/www.lepoint.fr\/politique\/bruno-retailleau-candidat-a-lelysee-un-noel-pour-partir-a-lassaut-2BQTM573QNBVLDVYUV7TZC2JCY\/\">il compte postuler prochainement<\/a>.<\/p>\n<p class=\"c-paragraph\">Press\u00e9 par des proches d\u2019occuper le terrain face aux favoris de la comp\u00e9tition que sont Jordan Bardella et \u00c9douard Philippe et d\u2019acc\u00e9l\u00e9rer sans attendre les municipales, le pr\u00e9sident des R\u00e9publicains, <a href=\"https:\/\/www.lepoint.fr\/politique\/c-etait-une-boucherie-pugilat-a-ciel-ouvert-chez-les-republicains-11-10-2025-2600757_20.php\" target=\"_self\" rel=\"noopener\" title=\"https:\/\/www.lepoint.fr\/politique\/c-etait-une-boucherie-pugilat-a-ciel-ouvert-chez-les-republicains-11-10-2025-2600757_20.php\">affaibli par sa sortie chaotique du gouvernement<\/a>, a entam\u00e9 ce mercredi une s\u00e9rie de rendez-vous pour d\u00e9voiler ses propositions. \u00c0 commencer par la valeur travail et le pouvoir d\u2019achat sur lesquels il a avanc\u00e9 cinq propositions concr\u00e8tes, un brin techniques, pour offrir aux salari\u00e9s \u00ab un 13e, presque un 14e mois \u00bb et r\u00e9duire le co\u00fbt du travail pour les chefs d\u2019entreprise.<\/p>\n<blockquote cite=\"Bruno Retailleau\" role=\"blockquote\" class=\"c-stack b-article-body--quote\" data-style-direction=\"vertical\" data-style-justification=\"start\" data-style-alignment=\"unset\" data-style-inline=\"false\" data-style-wrap=\"nowrap\">\n<p class=\"c-paragraph blockquote\">\u00ab Marine Le Pen est social-\u00e9tatiste \u00bb<\/p>\n<p>Bruno Retailleau<\/p><\/blockquote>\n<p class=\"c-paragraph\">\u00ab Notre mod\u00e8le est \u00e0 bout de souffle, je le nomme par son vrai nom : le social-\u00e9tatisme \u00bb, tance l\u2019\u00e9lu de Vend\u00e9e, qui pr\u00e9vient que \u00ab la f\u00eate est finie \u00bb. \u00ab Il va falloir renverser la table, tout \u00e7a ne peut plus supporter de Rustine \u00bb, promet-il. Las, il a beau expliquer que la France se retrouve dans la m\u00eame situation qu\u2019en 1958 et en appeler \u00e0 un projet aussi puissant que<a href=\"https:\/\/www.lepoint.fr\/debats\/delhommais-rueff-cet-economiste-francais-prophete-en-allemagne-14-01-2016-2009856_2.php\" target=\"_self\" rel=\"noopener\" title=\"https:\/\/www.lepoint.fr\/debats\/delhommais-rueff-cet-economiste-francais-prophete-en-allemagne-14-01-2016-2009856_2.php\"> le plan Pinay-Rueff<\/a> qui dopa l\u2019\u00e9conomie, ceux qui esp\u00e9raient un solide coup de tron\u00e7onneuse \u00e0 la Javier Milei resteront sur leur faim. <\/p>\n<p>Travailler\u2026 quatre minutes de plus par jour<\/p>\n<p class=\"c-paragraph\">Bruno Retailleau ne reprend pas davantage \u00e0 son compte la doxa lib\u00e9rale de son ancien mentor Fran\u00e7ois Fillon, qui promettait en 2017 de mettre \u00e0 bas les 35 heures. Mais pr\u00e9cisons qu\u2019il ne s\u2019agit que d\u2019un petit bout du canevas qu\u2019il compte d\u00e9ployer les prochains mois et que ses propositions restent \u00e0 venir sur des sujets aussi massifs que la fonction publique, les retraites ou un plan de 120 milliards d\u2019\u00e9conomies pour \u00ab d\u00e9bureaucratiser \u00bb un \u00c9tat \u00ab devenu ob\u00e8se \u00bb. Encore un peu de patience, donc.<\/p>\n<p class=\"c-paragraph\">Non, c\u2019est un projet lib\u00e9ral d\u2019inspiration gaulliste que revendique l\u2019ex-villi\u00e9riste, qui a mis en garde contre \u00ab une vision doloriste du travail, le sang et les larmes \u00bb. \u00ab Ce que je veux, dit-il, c\u2019est d\u00e9verrouiller les choses intelligemment \u00bb. Pas \u00e0 coups de masse ou de promesses incantatoires, donc. \u00ab C\u2019est du Aur\u00e9lien Pradi\u00e9 dans le texte ! \u00bb s\u2019amuse un cadre du parti. \u00ab On assume de mettre le paquet sur ceux qui travaillent et tant pis pour ceux qui ne travaillent pas ! \u00bb corrige <a href=\"https:\/\/www.lepoint.fr\/politique\/pierre-henri-dumont-lr-il-nous-faut-une-liste-avengers-aux-europeennes-07-10-2023-2538380_20.php\" target=\"_self\" rel=\"noopener\" title=\"https:\/\/www.lepoint.fr\/politique\/pierre-henri-dumont-lr-il-nous-faut-une-liste-avengers-aux-europeennes-07-10-2023-2538380_20.php\">Pierre-Henri Dumont<\/a>, secr\u00e9taire g\u00e9n\u00e9ral adjoint de LR qui plaide depuis des mois pour un projet qui \u00ab renverse la table \u00bb. \u00ab On veut redonner du pouvoir d\u2019achat par le travail, soutenir ceux qui se retroussent les manches \u00bb.<\/p>\n<p class=\"c-paragraph\">Pour en finir avec les lois Aubry honnies par la droite, Bruno Retailleau pr\u00e9conise donc de travailler\u2026 quatre minutes de plus par jour, soit deux jours par an \u2013 16 heures au total \u2013 afin de porter la dur\u00e9e annuelle du travail de 1 607 \u00e0 1 623 heures. \u00ab Les Fran\u00e7ais ne sont pas des fain\u00e9ants, a-t-il pris soin de pr\u00e9ciser. C\u2019est le travail qui est mal pay\u00e9 \u00bb. L\u00e0 o\u00f9 r\u00e9side la vraie nouveaut\u00e9, c\u2019est qu\u2019au-del\u00e0 de ce seuil, les salari\u00e9s comme les patrons seraient totalement exon\u00e9r\u00e9s de taxes et de cotisations (hors CSG et CRDS) avec, pour l\u2019employ\u00e9, l\u2019\u00e9quivalent d\u2019un \u00ab 13e mois, presque plus proche d\u2019un 14e mois \u00bb. Concr\u00e8tement, selon ses calculs, un employ\u00e9 au salaire m\u00e9dian percevrait 2 800 euros nets de plus par an s\u2019il accepte de r\u00e9aliser deux heures sup\u2019par semaine, soit 37,5 heures hebdomadaires en tout.<\/p>\n<p>Laurent Wauquiez tacl\u00e9<\/p>\n<p class=\"c-paragraph\">Loin des <a href=\"https:\/\/omie-francaise-13-09-2025-2598489_28.php\" target=\"_self\" rel=\"noopener\" title=\"https:\/\/omie-francaise-13-09-2025-2598489_28.php\">deux jours f\u00e9ri\u00e9s supprim\u00e9s et non r\u00e9mun\u00e9r\u00e9s<\/a> que proposait l\u2019ex-Premier ministre Fran\u00e7ois Bayrou, le Vend\u00e9en ressuscite le \u00ab travailler plus pour gagner plus \u00bb de Nicolas Sarkozy, qu\u2019il s\u2019est bien gard\u00e9 de revendiquer pour mod\u00e8le \u2013 leurs relations se sont tendues. Surtout, Retailleau vient chercher le RN sur un terrain qu\u2019il pr\u00e9empte de longue date, le pouvoir d\u2019achat. \u00ab Marine Le Pen est social-\u00e9tatiste \u00bb, accuse-t-il, sans mentionner Jordan Bardella dont la ligne plus lib\u00e9rale se veut davantage \u00ab patrons-compatible \u00bb.<\/p>\n<p class=\"c-paragraph\">De m\u00eame les b\u00e9n\u00e9ficiaires de \u00ab l\u2019assistanat \u00bb sont-ils dans le collimateur. \u00ab La France des Nicolas n\u2019en peut plus et la France des honn\u00eates gens non plus ! \u00bb proclame Retailleau, qui veut que la reprise du travail soit plus int\u00e9ressante que le maintien dans l\u2019inactivit\u00e9. Pour en finir avec le \u00ab maquis \u00bb intra\u00e7able des aides sociales, le patron de LR propose donc un \u00ab compte social unique \u00bb o\u00f9 seraient vers\u00e9es toutes les prestations, dont le montant global serait plafonn\u00e9 \u00e0 70 % du smic sous la forme d\u2019un \u00ab revenu d\u2019incitation \u00e0 l\u2019activit\u00e9 \u00bb (le \u00ab RIA \u00bb). Les quinze heures d\u2019activit\u00e9 en contrepartie deviendraient obligatoires et plus \u00ab au petit bonheur la chance \u00bb. \u00ab Le compte social unique, c\u2019est l\u2019arme massive antifraude \u00bb, parie-t-il. Une solution qu\u2019il pr\u00e9f\u00e8re \u00e0 <a href=\"https:\/\/www.lepoint.fr\/economie\/on-tourne-en-rond-l-allocation-sociale-unique-asu-une-fausse-bonne-idee-17-11-2025-2603333_28.php\" target=\"_self\" rel=\"noopener\" title=\"https:\/\/www.lepoint.fr\/economie\/on-tourne-en-rond-l-allocation-sociale-unique-asu-une-fausse-bonne-idee-17-11-2025-2603333_28.php\">l\u2019aide sociale unique<\/a>, \u00ab infaisable \u00bb. Son grand rival en interne, Laurent Wauquiez, qui d\u00e9fend cette id\u00e9e, appr\u00e9ciera.<\/p>\n<p class=\"c-paragraph\">L\u2019assurance-ch\u00f4mage serait en outre durcie pour interrompre toute indemnisation apr\u00e8s trois refus d\u2019emploi et les ruptures conventionnelles plafonn\u00e9es en montant comme en dur\u00e9e. Les contraintes sur le cumul emploi retraites seraient aussi lev\u00e9es pour permettre aux s\u00e9niors d\u2019arrondir leur bas de laine. Cerise sur le g\u00e2teau, le candidat putatif des R\u00e9publicains \u00e0 l\u2019\u00c9lys\u00e9e \u00e9value les gains potentiels de ses cinq premi\u00e8res propositions \u00e0 pas moins de \u00ab 30 milliards \u00bb par an. Lesquels seraient redistribu\u00e9s pour moiti\u00e9 aux entreprises et aux salari\u00e9s sous la forme, pour ces derniers, d\u2019un bonus suppl\u00e9mentaire de 500 euros par an.<\/p>\n<p>Menace de censure sur le Mercosur<\/p>\n<p class=\"c-paragraph\">\u00c0 ce stade, ses propositions sont loin de claquer comme un slogan de nature \u00e0 renverser la table dans une campagne. Des \u00e9lus \u00e0 droite conviennent en \u00ab off \u00bb que le s\u00e9nateur de Vend\u00e9e, habitu\u00e9 au travail aride en commission, p\u00e8che par un petit c\u00f4t\u00e9 \u00ab techno \u00bb. Mais lui tient \u00e0 avancer des pistes cr\u00e9dibles et chiffr\u00e9es, \u00e9labor\u00e9es avec la cinquantaine de groupes techniques qu\u2019il a mis en place au sein du parti pour r\u00e9fl\u00e9chir \u00e0 son futur projet. \u00ab L\u2019id\u00e9e, c\u2019est le travail, le travail, le travail \u00bb, r\u00e9sume Bruno Retailleau, qui esp\u00e8re se relancer politiquement par le fond des dossiers.<\/p>\n<p class=\"c-paragraph\">Reste \u00e0 savoir si l\u2019on ne retiendra pas de sa conf\u00e9rence de presse que sa menace sur <a href=\"https:\/\/www.lepoint.fr\/monde\/mercosur-comment-meloni-a-lache-macron-ABNGSKNHNBE7VETGYZ57J5YONI\/\" target=\"_self\" rel=\"noopener\" title=\"https:\/\/www.lepoint.fr\/monde\/mercosur-comment-meloni-a-lache-macron-ABNGSKNHNBE7VETGYZ57J5YONI\/\">l\u2019accord en instance sur le Mercosur<\/a> : si Emmanuel Macron ne s\u2019y opposait pas, les LR seraient tout dispos\u00e9s \u00e0 censurer son gouvernement\u2026<\/p>\n","protected":false},"excerpt":{"rendered":"Le patron de LR, qui pr\u00e9pare sa candidature pr\u00e9sidentielle, a d\u00e9voil\u00e9 ce mercredi de premi\u00e8res propositions, d\u2019inspiration lib\u00e9ral&hellip;\n","protected":false},"author":2,"featured_media":648134,"comment_status":"","ping_status":"","sticky":false,"template":"","format":"standard","meta":{"footnotes":""},"categories":[4],"tags":[47,11,65419,529,1013,6592,33,590,1011,27,75335,662,75336,6319,12,75337,626,75338,75339,316,25,3847,75340],"class_list":{"0":"post-648133","1":"post","2":"type-post","3":"status-publish","4":"format-standard","5":"has-post-thumbnail","7":"category-france","8":"tag-actualite","9":"tag-actualites","10":"tag-agnes-evren","11":"tag-assurance-chomage","12":"tag-bruno-retailleau","13":"tag-droite","14":"tag-economie","15":"tag-finance","16":"tag-fr","17":"tag-france","18":"tag-francois-asselin","19":"tag-ile-de-france","20":"tag-julien-chartier","21":"tag-les-republicains","22":"tag-news","23":"tag-othman-nasrou","24":"tag-paris","25":"tag-photos-isa-harsin","26":"tag-pierre-danon","27":"tag-politique","28":"tag-republique-francaise","29":"tag-travail","30":"tag-travail-gagnant"},"share_on_mastodon":{"url":"https:\/\/pubeurope.com\/@fr\/115856368139280071","error":""},"_links":{"self":[{"href":"https:\/\/www.europesays.com\/fr\/wp-json\/wp\/v2\/posts\/648133","targetHints":{"allow":["GET"]}}],"collection":[{"href":"https:\/\/www.europesays.com\/fr\/wp-json\/wp\/v2\/posts"}],"about":[{"href":"https:\/\/www.europesays.com\/fr\/wp-json\/wp\/v2\/types\/post"}],"author":[{"embeddable":true,"href":"https:\/\/www.europesays.com\/fr\/wp-json\/wp\/v2\/users\/2"}],"replies":[{"embeddable":true,"href":"https:\/\/www.europesays.com\/fr\/wp-json\/wp\/v2\/comments?post=648133"}],"version-history":[{"count":0,"href":"https:\/\/www.europesays.com\/fr\/wp-json\/wp\/v2\/posts\/648133\/revisions"}],"wp:featuredmedia":[{"embeddable":true,"href":"https:\/\/www.europesays.com\/fr\/wp-json\/wp\/v2\/media\/648134"}],"wp:attachment":[{"href":"https:\/\/www.europesays.com\/fr\/wp-json\/wp\/v2\/media?parent=648133"}],"wp:term":[{"taxonomy":"category","embeddable":true,"href":"https:\/\/www.europesays.com\/fr\/wp-json\/wp\/v2\/categories?post=648133"},{"taxonomy":"post_tag","embeddable":true,"href":"https:\/\/www.europesays.com\/fr\/wp-json\/wp\/v2\/tags?post=648133"}],"curies":[{"name":"wp","href":"https:\/\/api.w.org\/{rel}","templated":true}]}}