{"id":648143,"date":"2026-01-07T23:27:17","date_gmt":"2026-01-07T23:27:17","guid":{"rendered":"https:\/\/www.europesays.com\/fr\/648143\/"},"modified":"2026-01-07T23:27:17","modified_gmt":"2026-01-07T23:27:17","slug":"une-collection-monumentale-de-peintures-de-matisse-rarement-montrees-au-public-vient-detre-donnee-a-ce-musee-parisien","status":"publish","type":"post","link":"https:\/\/www.europesays.com\/fr\/648143\/","title":{"rendered":"Une collection monumentale de peintures de Matisse, rarement montr\u00e9es au public, vient d\u2019\u00eatre donn\u00e9e \u00e0 ce mus\u00e9e parisien"},"content":{"rendered":"<p data-start=\"0\" data-end=\"306\">Le <strong data-start=\"3\" data-end=\"44\">Mus\u00e9e d\u2019Art Moderne de Paris<\/strong> a r\u00e9cemment enrichi ses collections d\u2019une donation exceptionnelle d\u2019\u0153uvres de <strong data-start=\"123\" data-end=\"164\">Henri Matisse<\/strong>, en grande majorit\u00e9 in\u00e9dites. Cet ensemble, remis par la famille de l\u2019artiste, se compose principalement de portraits de <a href=\"https:\/\/www.timeout.fr\/paris\/art\/matisse-et-marguerite-le-regard-dun-pere-au-musee-dart-moderne-de-paris\" target=\"_blank\" rel=\"noopener\">sa fille Marguerite<\/a>.<\/p>\n<p><strong data-start=\"99\" data-end=\"205\">Le Mus\u00e9e d\u2019Art moderne de Paris enrichit ses collections d\u2019un don exceptionnel de 61 \u0153uvres de Matisse<\/strong><\/p>\n<p>D\u00e9c\u00e9d\u00e9 en 1954, Henri Matisse demeure l\u2019une des figures majeures du modernisme fran\u00e7ais, largement identifi\u00e9 pour ses compositions color\u00e9es et expressives du d\u00e9but du XXe si\u00e8cle. Les \u0153uvres r\u00e9cemment int\u00e9gr\u00e9es au fonds parisien \u00e9clairent un versant plus intime de son travail, centr\u00e9 sur le portrait et la repr\u00e9sentation de son entourage proche.<\/p>\n<p data-start=\"655\" data-end=\"932\" data-is-last-node=\"\" data-is-only-node=\"\">La donation comprend 61 \u0153uvres, portant \u00e0 81 le nombre total de pi\u00e8ces de Matisse conserv\u00e9es par le mus\u00e9e. Cette arriv\u00e9e triple ainsi le volume pr\u00e9c\u00e9demment d\u00e9tenu par l\u2019institution et renforce de mani\u00e8re significative la place de l\u2019artiste au sein de sa collection permanente.<\/p>\n<p data-start=\"0\" data-end=\"321\">Marguerite est le sujet de la quasi-totalit\u00e9 des dessins et esquisses donn\u00e9s, qui couvrent une p\u00e9riode allant de peintures la repr\u00e9sentant enfant, en 1901, \u00e0 des croquis plus \u00e9pur\u00e9s r\u00e9alis\u00e9s lorsqu\u2019elle \u00e9tait dans la vingtaine. L\u2019ensemble comprend \u00e9galement des lithographies, des livres illustr\u00e9s ainsi qu\u2019une sculpture.<\/p>\n<p><img decoding=\"async\" id=\"96dd028f-fa39-8383-616c-32ce74c04b3d\" class=\"photo lazy inline\" loading=\"lazy\" data-component=\"lazy-embed\" src=\"https:\/\/www.europesays.com\/fr\/wp-content\/uploads\/2026\/01\/1767828437_509_image.webp.webp\" alt=\"Une collection monumentale de peintures de Matisse, rarement montr\u00e9es au public, vient d\u2019\u00eatre donn\u00e9e \u00e0 ce mus\u00e9e parisien\" data-caption=\"\" data-credit=\"\u00a9 Centre Pompidou, MNAM-CCI\/Georges Meguerditchian\/Dist. GrandPalaisRmn\" data-width-class=\"\" data-image-id=\"106360370\"\/>&#13;<br \/>\n\u00a9 Centre Pompidou, MNAM-CCI\/Georges Meguerditchian\/Dist. GrandPalaisRmn&#13;<\/p>\n<p data-start=\"323\" data-end=\"774\">Fille ill\u00e9gitime de Henri Matisse et de Caroline Joblau, mod\u00e8le avec laquelle l\u2019artiste entretint une relation avant son mariage, Marguerite Matisse a grandi aupr\u00e8s de son p\u00e8re, dont elle deviendra plus tard l agente. Apr\u00e8s la mort du peintre, elle consacre plusieurs ann\u00e9es \u00e0 inventorier et rassembler son \u0153uvre, jouant un r\u00f4le d\u00e9terminant tant durant sa vie que dans la constitution et la pr\u00e9servation de son h\u00e9ritage artistique. Elle meurt en 1982.<\/p>\n<p data-start=\"776\" data-end=\"1156\">Les \u0153uvres avaient initialement \u00e9t\u00e9 pr\u00eat\u00e9es par Barbara Dauphin Duthuit \u2014 \u00e9pouse du petit-fils de Matisse \u2014 \u00e0 l\u2019occasion de l\u2019exposition Matisse et Marguerite. Le regard d\u2019un p\u00e8re, pr\u00e9sent\u00e9e l\u2019\u00e9t\u00e9 dernier. \u00c0 l\u2019issue de l\u2019exposition, la collectionneuse a choisi d\u2019en faire don d\u00e9finitif au <strong data-start=\"1067\" data-end=\"1108\">Mus\u00e9e d\u2019Art Moderne de Paris<\/strong>, plut\u00f4t que de rapatrier les \u0153uvres \u00e0 New York.<\/p>\n<p data-start=\"1158\" data-end=\"1473\" data-is-last-node=\"\" data-is-only-node=\"\">Dans un communiqu\u00e9, le mus\u00e9e a qualifi\u00e9 cette donation \u00ab d\u2019une g\u00e9n\u00e9rosit\u00e9 exceptionnelle \u00bb, soulignant qu\u2019elle t\u00e9moigne \u00ab de l\u2019engagement profond de Madame Duthuit et de la confiance qu\u2019elle accorde \u00e0 l\u2019institution \u00bb, appel\u00e9e \u00e0 devenir \u00ab la nouvelle maison de Marguerite pour les d\u00e9cennies et les si\u00e8cles \u00e0 venir \u00bb.<\/p>\n<p>Art et culture \u00e0 voir \u00e0 Paris cette ann\u00e9e<\/p>\n<p data-start=\"47\" data-end=\"215\">La capitale fran\u00e7aise s\u2019est hiss\u00e9e en t\u00eate du classement Time Out des meilleures villes du monde pour la culture en 2025 \u2014 et l\u2019ann\u00e9e en cours confirme cette dynamique.<\/p>\n<p data-start=\"217\" data-end=\"538\">\u00c0 l\u2019\u00e9t\u00e9, <a href=\"https:\/\/www.timeout.fr\/paris\/actualites\/pont-neuf-jr-presentera-la-caverne-du-pont-neuf-du-6-au-28-juin-2026-113025\" target=\"_blank\" rel=\"noopener\">le <strong data-start=\"229\" data-end=\"270\">Pont Neuf<\/strong>, le plus ancien pont de Paris, sera enti\u00e8rement envelopp\u00e9 par une \u0153uvre immersive<\/a> \u00e0 l\u2019allure min\u00e9rale. Une installation d\u2019ampleur exceptionnelle, pens\u00e9e comme une exp\u00e9rience unique, que<a href=\"https:\/\/www.timeout.fr\/paris\/actualites\/cette-oeuvre-immersive-parisienne-decroche-officiellement-le-titre-de-meilleure-nouvelle-experience-au-monde-en-2026-selon-time-out-120525#:~:text=Selon%20Time%20Out%2C%20la%20meilleure,plus%20ancien%20pont%20de%20Paris.\" target=\"_blank\" rel=\"noopener\"> Time Out a d\u00e9sign\u00e9e comme la meilleure nouveaut\u00e9 culturelle au monde<\/a> cette ann\u00e9e.<\/p>\n<p data-start=\"540\" data-end=\"1003\" data-is-last-node=\"\" data-is-only-node=\"\">Par ailleurs, si le <strong data-start=\"560\" data-end=\"601\">Centre Pompidou<\/strong> a ferm\u00e9 ses portes l\u2019an dernier pour travaux, l\u2019actualit\u00e9 artistique parisienne se renouvelle avec l\u2019ouverture d\u2019un <a href=\"https:\/\/www.timeout.fr\/paris\/actualites\/en-2025-la-fondation-cartier-demenage-et-jean-nouvel-est-evidemment-dans-le-coup-111624\" target=\"_blank\" rel=\"noopener\">nouveau site de la <strong data-start=\"737\" data-end=\"778\">Fondation Cartier<\/strong><\/a>. Sa premi\u00e8re exposition, pr\u00e9sent\u00e9e jusqu\u2019au mois d\u2019ao\u00fbt, r\u00e9unit plus de 600 \u0153uvres issues de sa collection, avec notamment des pi\u00e8ces de <strong data-start=\"916\" data-end=\"957\">David Lynch<\/strong> et <strong data-start=\"961\" data-end=\"1002\">Damien Hirst<\/strong>.<\/p>\n<p data-start=\"540\" data-end=\"1003\" data-is-last-node=\"\" data-is-only-node=\"\"><strong>\u00c0 lire aussi :\u00a0<\/strong><\/p>\n","protected":false},"excerpt":{"rendered":"Le Mus\u00e9e d\u2019Art Moderne de Paris a r\u00e9cemment enrichi ses collections d\u2019une donation exceptionnelle d\u2019\u0153uvres de Henri Matisse,&hellip;\n","protected":false},"author":2,"featured_media":648144,"comment_status":"","ping_status":"","sticky":false,"template":"","format":"standard","meta":{"footnotes":""},"categories":[1358],"tags":[19909,3734,1348,1384,1385,19908,1386,58,59,1011,27],"class_list":{"0":"post-648143","1":"post","2":"type-post","3":"status-publish","4":"format-standard","5":"has-post-thumbnail","7":"category-arts-et-design","8":"tag-actualites-art","9":"tag-art","10":"tag-arts","11":"tag-arts-and-design","12":"tag-arts-et-design","13":"tag-categories-art","14":"tag-design","15":"tag-divertissement","16":"tag-entertainment","17":"tag-fr","18":"tag-france"},"share_on_mastodon":{"url":"https:\/\/pubeurope.com\/@fr\/115856411457119979","error":""},"_links":{"self":[{"href":"https:\/\/www.europesays.com\/fr\/wp-json\/wp\/v2\/posts\/648143","targetHints":{"allow":["GET"]}}],"collection":[{"href":"https:\/\/www.europesays.com\/fr\/wp-json\/wp\/v2\/posts"}],"about":[{"href":"https:\/\/www.europesays.com\/fr\/wp-json\/wp\/v2\/types\/post"}],"author":[{"embeddable":true,"href":"https:\/\/www.europesays.com\/fr\/wp-json\/wp\/v2\/users\/2"}],"replies":[{"embeddable":true,"href":"https:\/\/www.europesays.com\/fr\/wp-json\/wp\/v2\/comments?post=648143"}],"version-history":[{"count":0,"href":"https:\/\/www.europesays.com\/fr\/wp-json\/wp\/v2\/posts\/648143\/revisions"}],"wp:featuredmedia":[{"embeddable":true,"href":"https:\/\/www.europesays.com\/fr\/wp-json\/wp\/v2\/media\/648144"}],"wp:attachment":[{"href":"https:\/\/www.europesays.com\/fr\/wp-json\/wp\/v2\/media?parent=648143"}],"wp:term":[{"taxonomy":"category","embeddable":true,"href":"https:\/\/www.europesays.com\/fr\/wp-json\/wp\/v2\/categories?post=648143"},{"taxonomy":"post_tag","embeddable":true,"href":"https:\/\/www.europesays.com\/fr\/wp-json\/wp\/v2\/tags?post=648143"}],"curies":[{"name":"wp","href":"https:\/\/api.w.org\/{rel}","templated":true}]}}