{"id":648157,"date":"2026-01-07T23:35:12","date_gmt":"2026-01-07T23:35:12","guid":{"rendered":"https:\/\/www.europesays.com\/fr\/648157\/"},"modified":"2026-01-07T23:35:12","modified_gmt":"2026-01-07T23:35:12","slug":"dead-by-daylight-stranger-things-revient-avec-vecna-eleven-et-dustin-gamekult","status":"publish","type":"post","link":"https:\/\/www.europesays.com\/fr\/648157\/","title":{"rendered":"Dead by Daylight : Stranger Things revient, avec Vecna, Eleven et Dustin &#8211; Gamekult"},"content":{"rendered":"<ol>\n<li><a href=\"https:\/\/news.google.com\/rss\/articles\/CBMiuwFBVV95cUxQOXVtNDhNOHIzUDR4d1Z2b09aVUtoc1FiQnJoMGEwb1BDUjlTSi1KWFFUT2FWbFZ4b3FMOHY4bGZJckhfYU93ZWpjUWEtZjAwT0lZeWoyVWJsaEk4ZDJ4ODZBQTZITnJWb1l4a0JkdDRERVlpR1FBeWxFY1ZJeXBVMzhjbGIzWENqTzRhS3dWNmJmWXJxQnlZWEl1Nl9oZ3RQX0JaUzVfMzFNZjFlSC1aX0JjcU1KUmE0dzNn?oc=5\" target=\"_blank\" rel=\"noopener\">Dead by Daylight : Stranger Things revient, avec Vecna, Eleven et Dustin<\/a>&nbsp;&nbsp;Gamekult<\/li>\n<li><a href=\"https:\/\/news.google.com\/rss\/articles\/CBMixgFBVV95cUxNNlVhS3RNWERBaFg1a2cwRmN6dnpBcjVoRFRkWFBlLXVQdEs1bVBzWXZWaVZRdmtkdVhaQS0tdTFGYUpZRG9kU21UQ095U0o4cXluZ2w2c3dWZzZtVnRzRjU3Qk83NG4yc01zODltZlBjdWVKejNERmlsV1pPcjR3Z3NlbWJYMzd0d2FSVE5NZFNMUkg1Vjdrd3ZIdEtLVDUyUnN3Q0dVYXBvdHlIUkF4T0Z1Nm04Mk1GdnJrdU9FXzljVDVpTmc?oc=5\" target=\"_blank\" rel=\"noopener\">Stranger Things revient dans Dead by Daylight avec Vecna et de nouveaux atouts<\/a>&nbsp;&nbsp;La Cr\u00e8me Du Gaming<\/li>\n<li><a href=\"https:\/\/news.google.com\/rss\/articles\/CBMirgFBVV95cUxNZWsxNGo3cWc1RzBQd0F6cmhuWkF4U3BHTEdHSGtGaXNtWlZKRkRYYmJsM25sVTNaUFJhSVl6UEotcE94MEZEdzFHMWxVZ2djbk5HanlrbTVYUWdsbC1aUG5UY0tEV3hBelhVbjlnd3FKOE9na0M5OGhuQ29DMXYwZ0tDRmlwQi1zS3NkZHBTQThKNHIyZ0cxcFMzYkw3YjIyXzc5M1pQQmRTeWJnY2c?oc=5\" target=\"_blank\" rel=\"noopener\">Stranger Things revient dans le jeu Dead by Daylight : Vecna devient tueur<\/a>&nbsp;&nbsp;Xboxygen<\/li>\n<li><a href=\"https:\/\/news.google.com\/rss\/articles\/CBMi1AFBVV95cUxPNGxPTlFtT3lINDR4eHFXY1U3QWFxb25CejZpQTFZWU1LUHRfbUlWdFE1bWVmR1Bib3ZxWHNoZU9FckFxNDNvTzRHME9pdFowZFlnS1EzVWNhX21BOVBRRXZqaElRU1BkcVZmbFc2QXIwYWhrYXVpUzV6YUk1Sm9kQl9JdTIyZzUwdXl5LWJSLWNCRTg2aHU1MlFNLVNsZTQ4Vl9QT2x1VTBGNmNpV2VnZ3VJMTRZUDgwTWk0UU5lUU9jSDB0R1U0dnd5VENwWmt4d3VGVA?oc=5\" target=\"_blank\" rel=\"noopener\">Dead by Daylight r\u00e9v\u00e8le sa nouvelle collaboration avec Stranger Things avec des dates et des d\u00e9tails<\/a>&nbsp;&nbsp;gamewave<\/li>\n<li><a href=\"https:\/\/news.google.com\/rss\/articles\/CBMijAFBVV95cUxOeThFWU8zaW90cHFQWjl3N3B6WmZBTk8xYlgzSUxiMEppNnNJeUFZaTBhNGJOcmVCWkVqU1kyRkY3Qk03enRmcEQtdkRDX1VYTjJtU3dUVWkyMDJyM19wSEIwQlNFWG5Tbm8zT01LOUtlYkxiOVpxTkdFQXcxVExQVGtDR3NsU25QbWNOaQ?oc=5\" target=\"_blank\" rel=\"noopener\">Stranger Things est de retour dans Dead by Daylight : Vecna, Dustin et Onze entrent dans le Brouillard<\/a>&nbsp;&nbsp;Dead by Daylight<\/li>\n<\/ol>\n","protected":false},"excerpt":{"rendered":"Dead by Daylight : Stranger Things revient, avec Vecna, Eleven et Dustin&nbsp;&nbsp;Gamekult Stranger Things revient dans Dead by&hellip;\n","protected":false},"author":2,"featured_media":648158,"comment_status":"","ping_status":"","sticky":false,"template":"","format":"standard","meta":{"footnotes":""},"categories":[7],"tags":[1011,27,43,40,41,39,42,44],"class_list":{"0":"post-648157","1":"post","2":"type-post","3":"status-publish","4":"format-standard","5":"has-post-thumbnail","7":"category-sciences-et-technologies","8":"tag-fr","9":"tag-france","10":"tag-science","11":"tag-science-and-technology","12":"tag-sciences","13":"tag-sciences-et-technologies","14":"tag-technologies","15":"tag-technology"},"share_on_mastodon":{"url":"https:\/\/pubeurope.com\/@fr\/115856442883946023","error":""},"_links":{"self":[{"href":"https:\/\/www.europesays.com\/fr\/wp-json\/wp\/v2\/posts\/648157","targetHints":{"allow":["GET"]}}],"collection":[{"href":"https:\/\/www.europesays.com\/fr\/wp-json\/wp\/v2\/posts"}],"about":[{"href":"https:\/\/www.europesays.com\/fr\/wp-json\/wp\/v2\/types\/post"}],"author":[{"embeddable":true,"href":"https:\/\/www.europesays.com\/fr\/wp-json\/wp\/v2\/users\/2"}],"replies":[{"embeddable":true,"href":"https:\/\/www.europesays.com\/fr\/wp-json\/wp\/v2\/comments?post=648157"}],"version-history":[{"count":0,"href":"https:\/\/www.europesays.com\/fr\/wp-json\/wp\/v2\/posts\/648157\/revisions"}],"wp:featuredmedia":[{"embeddable":true,"href":"https:\/\/www.europesays.com\/fr\/wp-json\/wp\/v2\/media\/648158"}],"wp:attachment":[{"href":"https:\/\/www.europesays.com\/fr\/wp-json\/wp\/v2\/media?parent=648157"}],"wp:term":[{"taxonomy":"category","embeddable":true,"href":"https:\/\/www.europesays.com\/fr\/wp-json\/wp\/v2\/categories?post=648157"},{"taxonomy":"post_tag","embeddable":true,"href":"https:\/\/www.europesays.com\/fr\/wp-json\/wp\/v2\/tags?post=648157"}],"curies":[{"name":"wp","href":"https:\/\/api.w.org\/{rel}","templated":true}]}}