{"id":648168,"date":"2026-01-07T23:41:11","date_gmt":"2026-01-07T23:41:11","guid":{"rendered":"https:\/\/www.europesays.com\/fr\/648168\/"},"modified":"2026-01-07T23:41:11","modified_gmt":"2026-01-07T23:41:11","slug":"affaire-du-chantage-a-la-sextape-a-la-mairie-de-saint-etienne-ou-sont-incarceres-les-condamnes","status":"publish","type":"post","link":"https:\/\/www.europesays.com\/fr\/648168\/","title":{"rendered":"Affaire du chantage \u00e0 la sextape \u00e0 la mairie de Saint-\u00c9tienne : o\u00f9 sont incarc\u00e9r\u00e9s les condamn\u00e9s ?"},"content":{"rendered":"<p>Condamn\u00e9s dans l\u2019affaire du chantage \u00e0 la sextape qui a secou\u00e9 la mairie de Saint-\u00c9tienne, les principaux protagonistes commencent \u00e0 purger leur peine. L\u2019ancien maire Ga\u00ebl Perdriau a \u00e9t\u00e9 incarc\u00e9r\u00e9 ce mercredi matin. Les autres condamn\u00e9s doivent \u00e9galement rejoindre la prison de Corbas. Point sur les lieux d\u2019incarc\u00e9ration et les suites judiciaires.<\/p>\n<p>Une nouvelle \u00e9tape judiciaire s\u2019ouvre dans l\u2019affaire du chantage \u00e0 la sextape \u00e0 la mairie de Saint-\u00c9tienne. Ce mercredi matin, Ga\u00ebl Perdriau, ancien maire de la ville, a \u00e9t\u00e9 incarc\u00e9r\u00e9 aux alentours de 10h30 au centre p\u00e9nitentiaire de Bourg-en-Bresse, dans l\u2019Ain.<\/p>\n<p>\u00c0 son arriv\u00e9e, l\u2019ex-\u00e9lu a \u00e9t\u00e9 plac\u00e9 \u00e0 l\u2019isolement, \u00e0 la demande de la justice. Une mesure exceptionnelle visant \u00e0 limiter ses d\u00e9placements au sein de l\u2019\u00e9tablissement, notamment lors des parloirs, afin d\u2019\u00e9viter tout incident. Cette information a \u00e9t\u00e9 confirm\u00e9e par une source syndicale p\u00e9nitentiaire \u00e0 l\u2019AFP.<\/p>\n<p>Pour rappel, le 1er d\u00e9cembre dernier, le tribunal correctionnel de Lyon a condamn\u00e9 Ga\u00ebl Perdriau \u00e0 cinq ans de prison, dont un an avec sursis, assortis de cinq ans d\u2019in\u00e9ligibilit\u00e9 avec ex\u00e9cution provisoire, dans le cadre de cette affaire de chantage politique.<\/p>\n<p>Malgr\u00e9 cette incarc\u00e9ration, la d\u00e9fense reste mobilis\u00e9e. L\u2019avocat de l\u2019ancien maire, Ma\u00eetre Jean-F\u00e9lix Luciani, a annonc\u00e9 vouloir d\u00e9poser d\u00e8s ce mercredi une demande de remise en libert\u00e9, estimant que son client \u00ab remplit tous les crit\u00e8res \u00bb pour en b\u00e9n\u00e9ficier. Ga\u00ebl Perdriau a \u00e9galement fait appel de sa condamnation, \u00e9voquant sur les r\u00e9seaux sociaux une \u00ab terrible injustice \u00bb et disant esp\u00e9rer que \u00ab la justice saura entendre [sa] voix \u00bb.<\/p>\n<p><strong>Les autres condamn\u00e9s \u00e0 la prison de Corbas<\/strong><br \/>Concernant les autres protagonistes de cette affaire, Gilles Rossary-Lenglet, Samy Keffi-J\u00e9r\u00f4me et Pierre Gauttierri ont \u00e9t\u00e9 incarc\u00e9r\u00e9s, ou doivent l\u2019\u00eatre, \u00e0 la prison de Corbas, dans le Rh\u00f4ne, selon les informations de nos confr\u00e8res d\u2019Ici Saint-\u00c9tienne et du Progr\u00e8s.<\/p>\n<p>\u00c0 noter que Gilles Rossary-Lenglet et Samy Keffi-J\u00e9r\u00f4me, tous deux condamn\u00e9s \u00e0 trois ans de prison ferme, ont eux aussi interjet\u00e9 appel. En revanche, Pierre Gauttierri, ancien directeur de cabinet du maire, condamn\u00e9 \u00e0 deux ans de prison ferme, n\u2019a pas fait appel de sa condamnation.<\/p>\n<p>AC<\/p>\n","protected":false},"excerpt":{"rendered":"Condamn\u00e9s dans l\u2019affaire du chantage \u00e0 la sextape qui a secou\u00e9 la mairie de Saint-\u00c9tienne, les principaux protagonistes&hellip;\n","protected":false},"author":2,"featured_media":648169,"comment_status":"","ping_status":"","sticky":false,"template":"","format":"standard","meta":{"footnotes":""},"categories":[9653],"tags":[1111,11,2430,1777,674,1011,27,12,25,4001],"class_list":{"0":"post-648168","1":"post","2":"type-post","3":"status-publish","4":"format-standard","5":"has-post-thumbnail","7":"category-saint-etienne","8":"tag-actu","9":"tag-actualites","10":"tag-auvergne-rhone-alpes","11":"tag-eu","12":"tag-europe","13":"tag-fr","14":"tag-france","15":"tag-news","16":"tag-republique-francaise","17":"tag-saint-etienne"},"share_on_mastodon":{"url":"https:\/\/pubeurope.com\/@fr\/115856466653885287","error":""},"_links":{"self":[{"href":"https:\/\/www.europesays.com\/fr\/wp-json\/wp\/v2\/posts\/648168","targetHints":{"allow":["GET"]}}],"collection":[{"href":"https:\/\/www.europesays.com\/fr\/wp-json\/wp\/v2\/posts"}],"about":[{"href":"https:\/\/www.europesays.com\/fr\/wp-json\/wp\/v2\/types\/post"}],"author":[{"embeddable":true,"href":"https:\/\/www.europesays.com\/fr\/wp-json\/wp\/v2\/users\/2"}],"replies":[{"embeddable":true,"href":"https:\/\/www.europesays.com\/fr\/wp-json\/wp\/v2\/comments?post=648168"}],"version-history":[{"count":0,"href":"https:\/\/www.europesays.com\/fr\/wp-json\/wp\/v2\/posts\/648168\/revisions"}],"wp:featuredmedia":[{"embeddable":true,"href":"https:\/\/www.europesays.com\/fr\/wp-json\/wp\/v2\/media\/648169"}],"wp:attachment":[{"href":"https:\/\/www.europesays.com\/fr\/wp-json\/wp\/v2\/media?parent=648168"}],"wp:term":[{"taxonomy":"category","embeddable":true,"href":"https:\/\/www.europesays.com\/fr\/wp-json\/wp\/v2\/categories?post=648168"},{"taxonomy":"post_tag","embeddable":true,"href":"https:\/\/www.europesays.com\/fr\/wp-json\/wp\/v2\/tags?post=648168"}],"curies":[{"name":"wp","href":"https:\/\/api.w.org\/{rel}","templated":true}]}}