{"id":64817,"date":"2025-04-30T16:44:10","date_gmt":"2025-04-30T16:44:10","guid":{"rendered":"https:\/\/www.europesays.com\/fr\/64817\/"},"modified":"2025-04-30T16:44:10","modified_gmt":"2025-04-30T16:44:10","slug":"les-francais-sont-ceux-qui-quittent-le-plus-massivement-le-reseau-x-delon-musk-en-europe-liberation","status":"publish","type":"post","link":"https:\/\/www.europesays.com\/fr\/64817\/","title":{"rendered":"Les Fran\u00e7ais sont ceux qui quittent le plus massivement le r\u00e9seau X d\u2019Elon Musk en Europe \u2013 Lib\u00e9ration"},"content":{"rendered":"<p class=\"sc-ksZaOG ehjQrN text-element\">C\u2019est une obligation fix\u00e9e par l\u2019Union europ\u00e9enne et son <a href=\"https:\/\/www.liberation.fr\/international\/europe\/haine-en-ligne-contrefacon-lunion-europeenne-conclut-sa-reforme-pour-mieux-encadrer-internet-20220423_3Y7BD5EDINENTAEMJA3D5KAMOU\/\" target=\"_blank\" rel=\"noreferrer nofollow noopener\" title=\"https:\/\/www.liberation.fr\/international\/europe\/haine-en-ligne-contrefacon-lunion-europeenne-conclut-sa-reforme-pour-mieux-encadrer-internet-20220423_3Y7BD5EDINENTAEMJA3D5KAMOU\/\">Digital Services Act<\/a> (DSA) : le r\u00e9seau social X (ex-Twitter), propri\u00e9t\u00e9 du milliardaire d\u2019extr\u00eame droite Elon Musk, est tenu de publier les chiffres de fr\u00e9quentation du site. Les donn\u00e9es, livr\u00e9es dans <a href=\"https:\/\/transparency.x.com\/assets\/dsa\/transparency-report\/dsa-transparency-report-april-2025.pdf\" target=\"_blank\" rel=\"nofollow noopener\" title=\"https:\/\/transparency.x.com\/assets\/dsa\/transparency-report\/dsa-transparency-report-april-2025.pdf\">un rapport touffu publi\u00e9 fin avril par la plateforme<\/a> et rep\u00e9r\u00e9es par le m\u00e9dia am\u00e9ricain <a href=\"https:\/\/www.politico.eu\/article\/elon-musk-x-europe-social-media-twitter-takes-hit\/\" target=\"_blank\" rel=\"noreferrer nofollow noopener\" title=\"https:\/\/www.politico.eu\/article\/elon-musk-x-europe-social-media-twitter-takes-hit\/\">Politico<\/a> ce mercredi 30 avril, font \u00e9tat d\u2019une fuite massive des utilisateurs europ\u00e9ens. Depuis le mois d\u2019ao\u00fbt 2024, la plateforme a perdu 11 millions d\u2019utilisateurs sur le Vieux Continent, passant d\u2019environ 105 \u00e0 moins de 95 millions de personnes aujourd\u2019hui actives sur X. Cela repr\u00e9sente une chute d\u2019environ 10 % en quelques mois.<\/p>\n<p class=\"sc-ksZaOG ehjQrN text-element\">Un exode auquel les Fran\u00e7ais ont majoritairement contribu\u00e9, puisque 2,7 millions d\u2019internautes tricolores ont d\u00e9sert\u00e9 le r\u00e9seau social de l\u2019homme le plus riche du monde. Ce sont ensuite les utilisateurs polonais (1,8 million) et allemand (1,3 million) qui compl\u00e8tent le podium des d\u00e9\u00e7us de X.<\/p>\n<p class=\"sc-ksZaOG ehjQrN text-element\">Les critiques ne cessent d\u2019enfler depuis le rachat de Twitter par Elon Musk en 2022. Le multimilliardaire avait rapidement modifi\u00e9 les r\u00e8gles de la plateforme, notamment en mati\u00e8re de mod\u00e9ration, amplifiant la d\u00e9sinformation et les discours de haine visibles sur le site.<\/p>\n<p class=\"sc-ksZaOG ehjQrN text-element\">Le soutien \u00e0 Donald Trump lors de la campagne, <a href=\"https:\/\/www.liberation.fr\/politique\/investiture-de-trump-pourquoi-le-bras-tendu-delon-musk-est-un-geste-bien-calcule-20250121_TGKDLBZL65GV3JRA64DMEFZKDY\/\" target=\"_blank\" rel=\"nofollow noopener\" title=\"https:\/\/www.liberation.fr\/politique\/investiture-de-trump-pourquoi-le-bras-tendu-delon-musk-est-un-geste-bien-calcule-20250121_TGKDLBZL65GV3JRA64DMEFZKDY\/\">son salut nazi lors de l\u2019investiture du pr\u00e9sident r\u00e9publicain<\/a>, puis son poste de cost-killer f\u00e9d\u00e9ral ont achev\u00e9 de convaincre nombre d\u2019utilisateurs de X de mettre les voiles. A travers le monde, des entreprises, des administrations ou encore des m\u00e9dias &#8211; <a href=\"https:\/\/www.liberation.fr\/economie\/medias\/liberation-quitte-x-on-vous-explique-pourquoi-en-direct-sur-twitch-a-12h30-20250124_A5GGNGZ7JBGTVL6OV56WPDA3KA\/\" target=\"_blank\" rel=\"noreferrer nofollow noopener\" title=\"https:\/\/www.liberation.fr\/economie\/medias\/liberation-quitte-x-on-vous-explique-pourquoi-en-direct-sur-twitch-a-12h30-20250124_A5GGNGZ7JBGTVL6OV56WPDA3KA\/\">dont Lib\u00e9ration<\/a> &#8211; ont d\u00e9cid\u00e9 de clore leur compte ou d\u2019arr\u00eater de partager des contenus sur le site.<\/p>\n<p class=\"sc-ksZaOG ehjQrN text-element\">Les d\u00e9rapages \u00e0 r\u00e9p\u00e9tition de Musk d\u00e9teignent aussi sur <a href=\"https:\/\/www.liberation.fr\/economie\/des-ventes-divisees-par-deux-nouveau-plongeon-de-tesla-dans-lue-au-premier-trimestre-20250424_VYPUIYNA6VHAHGTRKWNRIB745Y\/\" target=\"_blank\" rel=\"nofollow noopener\" title=\"https:\/\/www.liberation.fr\/economie\/des-ventes-divisees-par-deux-nouveau-plongeon-de-tesla-dans-lue-au-premier-trimestre-20250424_VYPUIYNA6VHAHGTRKWNRIB745Y\/\">une autre de ses soci\u00e9t\u00e9s, Tesla.<\/a> Les ventes de v\u00e9hicules \u00e9lectriques de l\u2019entreprise ont baiss\u00e9 de 50 % en janvier et en f\u00e9vrier. Le magnat a pr\u00e9vu de quitter l\u2019administration Trump dans quelques jours ou semaines, pour se consacrer davantage \u00e0 son business.<\/p>\n","protected":false},"excerpt":{"rendered":"C\u2019est une obligation fix\u00e9e par l\u2019Union europ\u00e9enne et son Digital Services Act (DSA) : le r\u00e9seau social X&hellip;\n","protected":false},"author":2,"featured_media":64818,"comment_status":"","ping_status":"","sticky":false,"template":"","format":"standard","meta":{"footnotes":""},"categories":[1586],"tags":[11,46,1777,674,1011,27,12,25,16427],"class_list":{"0":"post-64817","1":"post","2":"type-post","3":"status-publish","4":"format-standard","5":"has-post-thumbnail","7":"category-europe","8":"tag-actualites","9":"tag-elon-musk","10":"tag-eu","11":"tag-europe","12":"tag-fr","13":"tag-france","14":"tag-news","15":"tag-republique-francaise","16":"tag-x-twitter"},"share_on_mastodon":{"url":"https:\/\/pubeurope.com\/@fr\/114427924628231366","error":""},"_links":{"self":[{"href":"https:\/\/www.europesays.com\/fr\/wp-json\/wp\/v2\/posts\/64817","targetHints":{"allow":["GET"]}}],"collection":[{"href":"https:\/\/www.europesays.com\/fr\/wp-json\/wp\/v2\/posts"}],"about":[{"href":"https:\/\/www.europesays.com\/fr\/wp-json\/wp\/v2\/types\/post"}],"author":[{"embeddable":true,"href":"https:\/\/www.europesays.com\/fr\/wp-json\/wp\/v2\/users\/2"}],"replies":[{"embeddable":true,"href":"https:\/\/www.europesays.com\/fr\/wp-json\/wp\/v2\/comments?post=64817"}],"version-history":[{"count":0,"href":"https:\/\/www.europesays.com\/fr\/wp-json\/wp\/v2\/posts\/64817\/revisions"}],"wp:featuredmedia":[{"embeddable":true,"href":"https:\/\/www.europesays.com\/fr\/wp-json\/wp\/v2\/media\/64818"}],"wp:attachment":[{"href":"https:\/\/www.europesays.com\/fr\/wp-json\/wp\/v2\/media?parent=64817"}],"wp:term":[{"taxonomy":"category","embeddable":true,"href":"https:\/\/www.europesays.com\/fr\/wp-json\/wp\/v2\/categories?post=64817"},{"taxonomy":"post_tag","embeddable":true,"href":"https:\/\/www.europesays.com\/fr\/wp-json\/wp\/v2\/tags?post=64817"}],"curies":[{"name":"wp","href":"https:\/\/api.w.org\/{rel}","templated":true}]}}