{"id":648175,"date":"2026-01-07T23:46:15","date_gmt":"2026-01-07T23:46:15","guid":{"rendered":"https:\/\/www.europesays.com\/fr\/648175\/"},"modified":"2026-01-07T23:46:15","modified_gmt":"2026-01-07T23:46:15","slug":"isabelle-perrein-clarifie-sa-position-contre-le-csr","status":"publish","type":"post","link":"https:\/\/www.europesays.com\/fr\/648175\/","title":{"rendered":"Isabelle Perrein clarifie sa position contre le CSR"},"content":{"rendered":"<p>                    Par<br \/>\n        <strong><br \/>\n            <a href=\"https:\/\/actu.fr\/auteur\/c-nithard\" title=\"Consulter tous les articles de C\u00e9dric Nithard\" target=\"_blank\" rel=\"noopener\">C\u00e9dric Nithard<\/a><br \/>\n                    <\/strong><\/p>\n<p>        Publi\u00e9 le<\/p>\n<p>            7 janv. 2026 \u00e0 17h05        <\/p>\n<p><a href=\"https:\/\/actu.fr\/occitanie\/montpellier_34172\/metropole-de-montpellier-ametyst-passe-de-suez-a-urbaser-et-file-vers-le-csr_62918811.html\" target=\"_blank\" rel=\"noopener\">En juillet dernier, <strong>la M\u00e9tropole de Montpellier<\/strong> a confi\u00e9 la gestion de l\u2019usine de m\u00e9thanisation Ametyst \u00e0 Urbaser avec la perspective de d\u00e9velopper <strong>une chaudi\u00e8re CSR (Combustibles solides de r\u00e9cup\u00e9ration)<\/strong> d\u2019ici fin 2029<\/a>. Une orientation qui a fait d\u00e9bat et ne manquera pas d\u2019\u00eatre au coeur de la campagne des municipales \u00e0 Montpellier. En ce d\u00e9but janvier, Isabelle Perrein, candidate pour la liste Aimer Montpellier, clarifie sa position contre le CSR.<\/p>\n<p>\u00ab\u00a0Ce choix est celui de la facilit\u00e9\u00a0\u00bb<\/p>\n<p class=\" wall-content\">En juillet dernier, lors de la pr\u00e9sentation de son programme et de la partie consacr\u00e9e aux d\u00e9chets en s\u2019inspirant de l\u2019exemple de San Francisco, Isabelle Perrein avait annonc\u00e9 son intention de ne pas voir le CSR implanter \u00e0 la place de l\u2019usine de m\u00e9thanisation Ametyst. \u00ab\u00a0Il est hors de question de mettre un incin\u00e9rateur en plein milieu d\u2019une zone habit\u00e9e par plus de 10 000 personnes. C\u2019est un non sens\u00a0\u00bb avait-elle observ\u00e9 non sans toutefois rejeter cette solution pour les d\u00e9chets ultimes. \u00ab\u00a0Mon engagement sera d\u00e9j\u00e0 de discuter avec les autres collectivit\u00e9s pour mutualiser un incin\u00e9rateur et si ce n\u2019est pas possible, on l\u2019installera \u00e0 l\u2019endroit du territoire o\u00f9 ce sera le moins impactant pour la population\u00a0\u00bb pr\u00e9voyait alors la candidate. Aujourd\u2019hui, sa position a nettement \u00e9volu\u00e9. \u00ab\u00a0Je suis clairement oppos\u00e9 au CSR. Ce choix est celui de la facilit\u00e9, pas celui de l\u2019avenir\u00a0\u00bb annonce-t-elle.<\/p>\n<p class=\" wall-content\">La probl\u00e9matique de l\u2019exportation des d\u00e9chets ultimes de la M\u00e9tropole de Montpellier \u00e9tant connue, Isabelle Perrein d\u00e9taille les chiffres. \u00ab\u00a0Chaque ann\u00e9e, la m\u00e9tropole produit 120 000 tonnes de d\u00e9chets. Dans ce volume, 30 000 tonnes sont des biod\u00e9chets qui pourraient \u2014 et devraient \u2014 \u00eatre tri\u00e9s \u00e0 la source, m\u00e9thanis\u00e9s et compost\u00e9s. Ce compost, loin d\u2019\u00eatre un d\u00e9chet, serait une ressource pr\u00e9cieuse, valorisable et vendable \u00e0 nos agriculteurs, qui en ont cruellement besoin. Sur les 90 000 tonnes restantes, pr\u00e8s de 80% sont recyclables. Cela signifie une chose simple : le probl\u00e8me n\u2019est pas technique, il est politique\u00a0\u00bb juge-t-elle.<\/p>\n<p>Une taxe incitative<\/p>\n<p class=\" wall-content\">Ainsi, si elle est \u00e9lue en mars prochain, Isabelle Perrein entend \u00ab\u00a0mettre en place une politique de tri ambitieuse et exigeante\u00a0\u00bb qui impliquerait deux exigences. \u00ab\u00a0Chaque Montpelli\u00e9rain doit avoir \u00e0 quelques m\u00e8tres de chez lui l\u2019ensemble des colonnes ou bacs de tri n\u00e9cessaires\u00a0\u00bb d\u2019une part et d\u2019autre part de \u00ab\u00a0responsabiliser et r\u00e9compenser : plus tu tries, moins tu paies, gr\u00e2ce \u00e0 une taxe incitative juste et lisible\u00a0\u00bb.<\/p>\n<p>Vid\u00e9os : en ce moment sur Actu<\/p>\n<p class=\" wall-content\">Selon la candidate de la liste Aimer Montpellier, \u00ab\u00a0avec une telle politique et la bonne volont\u00e9 des M\u00e9tropolitains, nos d\u00e9chets ultimes pourraient \u00eatre ramen\u00e9s \u00e0 environ 20 000 tonnes. Ces volumes r\u00e9siduels pourraient alors \u00eatre incin\u00e9r\u00e9s en p\u00e9riph\u00e9rie de la m\u00e9tropole (S\u00e8te, Lunel ou Perpignan), sans construire de nouvelles usines polluantes ni enfermer Montpellier dans une d\u00e9pendance industrielle absurde\u00a0\u00bb.<\/p>\n<p class=\" wall-content\">Estimant enfin que \u00ab\u00a0la majorit\u00e9 actuelle n\u2019a rien mis en place en six ans\u00a0\u00bb, Isabelle Perrein estime que \u00ab\u00a0le CSR n\u2019est pas une solution \u00e9cologique : c\u2019est l\u2019aveu d\u2019un \u00e9chec. Montpellier m\u00e9rite mieux que de br\u00fbler ce qu\u2019elle est incapable de trier\u00a0\u00bb et affirme\u00a0 : \u00ab\u00a0Moi, je choisis le tri, le bon sens et la responsabilit\u00e9\u00a0\u00bb.<\/p>\n<p class=\" wall-content\">Personnalisez votre actualit\u00e9 en ajoutant vos villes et m\u00e9dias en favori avec <a href=\"https:\/\/moncompte.actu.fr\" title=\"D\u00e9couvez Mon Actu\" rel=\"nofollow noopener\" data-trk=\"{&quot;cta&quot;:{&quot;action&quot;:&quot;https:\\\/\\\/moncompte.actu.fr&quot;,&quot;category&quot;:&quot;mon compte&quot;,&quot;from&quot;:&quot;article footer&quot;,&quot;name&quot;:&quot;Mon actu&quot;,&quot;type&quot;:&quot;cta&quot;}}\" target=\"_blank\">Mon Actu<\/a>.<\/p>\n","protected":false},"excerpt":{"rendered":"Par C\u00e9dric Nithard Publi\u00e9 le 7 janv. 2026 \u00e0 17h05 En juillet dernier, la M\u00e9tropole de Montpellier a&hellip;\n","protected":false},"author":2,"featured_media":648176,"comment_status":"","ping_status":"","sticky":false,"template":"","format":"standard","meta":{"footnotes":""},"categories":[9599],"tags":[1111,11,4188,1777,674,1011,27,2208,12,2680,316,25],"class_list":{"0":"post-648175","1":"post","2":"type-post","3":"status-publish","4":"format-standard","5":"has-post-thumbnail","7":"category-montpellier","8":"tag-actu","9":"tag-actualites","10":"tag-elections-municipales","11":"tag-eu","12":"tag-europe","13":"tag-fr","14":"tag-france","15":"tag-montpellier","16":"tag-news","17":"tag-occitanie","18":"tag-politique","19":"tag-republique-francaise"},"share_on_mastodon":{"url":"https:\/\/pubeurope.com\/@fr\/115856486192830919","error":""},"_links":{"self":[{"href":"https:\/\/www.europesays.com\/fr\/wp-json\/wp\/v2\/posts\/648175","targetHints":{"allow":["GET"]}}],"collection":[{"href":"https:\/\/www.europesays.com\/fr\/wp-json\/wp\/v2\/posts"}],"about":[{"href":"https:\/\/www.europesays.com\/fr\/wp-json\/wp\/v2\/types\/post"}],"author":[{"embeddable":true,"href":"https:\/\/www.europesays.com\/fr\/wp-json\/wp\/v2\/users\/2"}],"replies":[{"embeddable":true,"href":"https:\/\/www.europesays.com\/fr\/wp-json\/wp\/v2\/comments?post=648175"}],"version-history":[{"count":0,"href":"https:\/\/www.europesays.com\/fr\/wp-json\/wp\/v2\/posts\/648175\/revisions"}],"wp:featuredmedia":[{"embeddable":true,"href":"https:\/\/www.europesays.com\/fr\/wp-json\/wp\/v2\/media\/648176"}],"wp:attachment":[{"href":"https:\/\/www.europesays.com\/fr\/wp-json\/wp\/v2\/media?parent=648175"}],"wp:term":[{"taxonomy":"category","embeddable":true,"href":"https:\/\/www.europesays.com\/fr\/wp-json\/wp\/v2\/categories?post=648175"},{"taxonomy":"post_tag","embeddable":true,"href":"https:\/\/www.europesays.com\/fr\/wp-json\/wp\/v2\/tags?post=648175"}],"curies":[{"name":"wp","href":"https:\/\/api.w.org\/{rel}","templated":true}]}}