{"id":648177,"date":"2026-01-07T23:47:32","date_gmt":"2026-01-07T23:47:32","guid":{"rendered":"https:\/\/www.europesays.com\/fr\/648177\/"},"modified":"2026-01-07T23:47:32","modified_gmt":"2026-01-07T23:47:32","slug":"promenoir-de-vias-construit-en-bord-de-mer-le-tribunal-administratif-de-montpellier-doit-se-decider-avant-fin-janvier","status":"publish","type":"post","link":"https:\/\/www.europesays.com\/fr\/648177\/","title":{"rendered":"Promenoir de Vias construit en bord de mer, le tribunal administratif de Montpellier doit se d\u00e9cider avant fin janvier"},"content":{"rendered":"<p>Dans l&rsquo;affaire du promenoir de Vias construit en bord de mer, le rapporteur public s&rsquo;est prononc\u00e9, ce mercredi, pour la d\u00e9molition demand\u00e9e notamment par le pr\u00e9fet de l&rsquo;H\u00e9rault, pour non respect de la loi Littoral. Le tribunal administratif doit trancher, d\u00e9cision attendue avant fin janvier.<\/p>\n<p>C&rsquo;est une affaire qui date de huit ans d\u00e9j\u00e0.\u00a0<a class=\"IciLink ici-link IciArticleLink g-ici-body-regular-1 underline brand svelte-1chfe2s\" href=\"https:\/\/www.francebleu.fr\/infos\/environnement\/la-commune-de-vias-et-son-maire-condamnes-pour-avoir-construit-une-promenade-en-front-de-mer-8032841\" target=\"_blank\" rel=\"noopener\">En 2018 et 2019, la commune de Vias construit deux dalles de 30 et 70 m\u00e8tres<\/a>\u00a0ainsi qu&rsquo;un parking de 6.500 m\u00e8tres carr\u00e9s au lieu dit La Farinette, \u00e0 Vias Plage (H\u00e9rault). L&rsquo;endroit est <strong>dans une zone prot\u00e9g\u00e9e du littoral<\/strong>, en plein\u00a0dans la bande dite des 100 m\u00e8tres,\u00a0ou la loi interdit, en th\u00e9orie, toute construction. Ces am\u00e9nagements seront-ils prochainement d\u00e9truits\u00a0? C&rsquo;est la justice qui doit trancher.<\/p>\n<p>Ce mercredi 7 janvier, lors d&rsquo;une nouvelle audience,\u00a0le rapporteur public s&rsquo;est prononc\u00e9 <strong>pour la d\u00e9molition demand\u00e9e notamment par le pr\u00e9fet de l&rsquo;H\u00e9rault<\/strong>, pour non respect de la loi.\u00a0Le pr\u00e9sident du tribunal administratif a annonc\u00e9 qu&rsquo;il rendrait sa d\u00e9cision \u00ab\u00a0dans la quinzaine\u00a0\u00bb, donc avant la fin du mois de janvier 2026.\u00a0Le magistrat, dont le r\u00f4le est d&rsquo;\u00e9clairer le tribunal administratif, a aussi estim\u00e9 que les finances municipales seraient en mesure d&rsquo;assumer le co\u00fbt de la d\u00e9molition (1,55 million d&rsquo;euros), alors que les travaux ont co\u00fbt\u00e9 plus de 4,7 millions d&rsquo;euros.<\/p>\n<p>Dans une autre proc\u00e9dure, la commune de Vias et son maire, Jordan Dartier, attendent <strong>une d\u00e9cision de la cour d&rsquo;appel de Montpellier<\/strong>,\u00a0pour le 9 f\u00e9vrier 2026.\u00a0Condamn\u00e9 en premi\u00e8re instance,\u00a0Jordan Dartier a assur\u00e9 qu&rsquo;il pensait respecter la loi,\u00a0la construction \u00e9tant autoris\u00e9e par le Plan local d&rsquo;urbanisme de la commune sur cette partie de la plage.<\/p>\n<p>\u00c0 lire aussi   <img decoding=\"async\" src=\"https:\/\/www.europesays.com\/fr\/wp-content\/uploads\/2026\/01\/1767829651_776_400x400.jpeg\" alt=\"\" style=\"--_image-preview:url('data:image\/jpeg;base64,\/9j\/2wBDACgcHiMeGSgjISMtKygwPGRBPDc3PHtYXUlkkYCZlo+AjIqgtObDoKrarYqMyP\/L2u71\/\/\/\/m8H\/\/\/\/6\/+b9\/\/j\/2wBDASstLTw1PHZBQXb4pYyl+Pj4+Pj4+Pj4+Pj4+Pj4+Pj4+Pj4+Pj4+Pj4+Pj4+Pj4+Pj4+Pj4+Pj4+Pj4+Pj4+Pj\/wAARCAAXACoDASIAAhEBAxEB\/8QAFgABAQEAAAAAAAAAAAAAAAAAAAED\/8QAGBABAQEBAQAAAAAAAAAAAAAAABESAQL\/xAAWAQEBAQAAAAAAAAAAAAAAAAAAAQL\/xAAVEQEBAAAAAAAAAAAAAAAAAAAAEf\/aAAwDAQACEQMRAD8A20vPTKrVqRrz0umVKUjXSaZ1KUiQBlVQAEAH\/9k=');\" loading=\"lazy\" fetchpriority=\"low\" aria-hidden=\"true\" class=\"svelte-1cksh76 rounded\" onload=\"this.__e=event\" onerror=\"this.__e=event\"\/>\u00c0 lire aussi   <img decoding=\"async\" src=\"https:\/\/www.europesays.com\/fr\/wp-content\/uploads\/2026\/01\/1767829652_9_400x400.jpeg\" alt=\"\" style=\"--_image-preview:url('data:image\/jpeg;base64,\/9j\/2wBDACgcHiMeGSgjISMtKygwPGRBPDc3PHtYXUlkkYCZlo+AjIqgtObDoKrarYqMyP\/L2u71\/\/\/\/m8H\/\/\/\/6\/+b9\/\/j\/2wBDASstLTw1PHZBQXb4pYyl+Pj4+Pj4+Pj4+Pj4+Pj4+Pj4+Pj4+Pj4+Pj4+Pj4+Pj4+Pj4+Pj4+Pj4+Pj4+Pj4+Pj\/wAARCAAXACoDASIAAhEBAxEB\/8QAFwABAQEBAAAAAAAAAAAAAAAAAAECA\/\/EABYQAQEBAAAAAAAAAAAAAAAAAAARAf\/EABYBAQEBAAAAAAAAAAAAAAAAAAMBAv\/EABURAQEAAAAAAAAAAAAAAAAAAAAB\/9oADAMBAAIRAxEAPwDmAWjiiUqxLFRRthkAdJEpQSLVzVAkHX\/\/2Q==');\" loading=\"lazy\" fetchpriority=\"low\" aria-hidden=\"true\" class=\"svelte-1cksh76 rounded\" onload=\"this.__e=event\" onerror=\"this.__e=event\"\/><\/p>\n","protected":false},"excerpt":{"rendered":"Dans l&rsquo;affaire du promenoir de Vias construit en bord de mer, le rapporteur public s&rsquo;est prononc\u00e9, ce mercredi,&hellip;\n","protected":false},"author":2,"featured_media":648178,"comment_status":"","ping_status":"","sticky":false,"template":"","format":"standard","meta":{"footnotes":""},"categories":[9599],"tags":[1111,11,1777,674,1011,27,2208,12,2680,25],"class_list":{"0":"post-648177","1":"post","2":"type-post","3":"status-publish","4":"format-standard","5":"has-post-thumbnail","7":"category-montpellier","8":"tag-actu","9":"tag-actualites","10":"tag-eu","11":"tag-europe","12":"tag-fr","13":"tag-france","14":"tag-montpellier","15":"tag-news","16":"tag-occitanie","17":"tag-republique-francaise"},"share_on_mastodon":{"url":"https:\/\/pubeurope.com\/@fr\/115856490095096592","error":""},"_links":{"self":[{"href":"https:\/\/www.europesays.com\/fr\/wp-json\/wp\/v2\/posts\/648177","targetHints":{"allow":["GET"]}}],"collection":[{"href":"https:\/\/www.europesays.com\/fr\/wp-json\/wp\/v2\/posts"}],"about":[{"href":"https:\/\/www.europesays.com\/fr\/wp-json\/wp\/v2\/types\/post"}],"author":[{"embeddable":true,"href":"https:\/\/www.europesays.com\/fr\/wp-json\/wp\/v2\/users\/2"}],"replies":[{"embeddable":true,"href":"https:\/\/www.europesays.com\/fr\/wp-json\/wp\/v2\/comments?post=648177"}],"version-history":[{"count":0,"href":"https:\/\/www.europesays.com\/fr\/wp-json\/wp\/v2\/posts\/648177\/revisions"}],"wp:featuredmedia":[{"embeddable":true,"href":"https:\/\/www.europesays.com\/fr\/wp-json\/wp\/v2\/media\/648178"}],"wp:attachment":[{"href":"https:\/\/www.europesays.com\/fr\/wp-json\/wp\/v2\/media?parent=648177"}],"wp:term":[{"taxonomy":"category","embeddable":true,"href":"https:\/\/www.europesays.com\/fr\/wp-json\/wp\/v2\/categories?post=648177"},{"taxonomy":"post_tag","embeddable":true,"href":"https:\/\/www.europesays.com\/fr\/wp-json\/wp\/v2\/tags?post=648177"}],"curies":[{"name":"wp","href":"https:\/\/api.w.org\/{rel}","templated":true}]}}