{"id":648185,"date":"2026-01-07T23:52:30","date_gmt":"2026-01-07T23:52:30","guid":{"rendered":"https:\/\/www.europesays.com\/fr\/648185\/"},"modified":"2026-01-07T23:52:30","modified_gmt":"2026-01-07T23:52:30","slug":"leti-bretonne-ovalt-passe-dans-le-giron-du-groupe-ceme","status":"publish","type":"post","link":"https:\/\/www.europesays.com\/fr\/648185\/","title":{"rendered":"L\u2019ETI Bretonne Ovalt passe dans le giron du groupe CEME"},"content":{"rendered":"<p>  Une page se tourne pour le groupe Olvalt (63 M\u20ac de CA et 500 collaborateurs) cr\u00e9\u00e9 en 1975 et bas\u00e9 \u00e0 Betton en Ille-et-Vilaine. L\u2019ETI bretonne, sp\u00e9cialiste des process et solutions technologiques pour l\u2019industrie est reprise par le groupe national CEME (Moulins- Auvergne Rh\u00f4nes Alpes), r\u00e9f\u00e9rence dans les domaines du g\u00e9nie \u00e9lectrique, climatique et de la maintenance, qui emploie pr\u00e8s de 1 000 collaborateurs \u00e0 travers un r\u00e9seau de plus de 20 implantations en France.<\/p>\n<p>Cr\u00e9\u00e9 en 1975, <a href=\"https:\/\/www.bretagne-economique.com\/actualites\/lindustriel-breton-altenov-dappelle-desormais-ovalt\/\" target=\"_blank\" rel=\"noopener\">le groupe Ovalt, r\u00e9parti sur trois sites industriels (Betton (35), Locmin\u00e9 (56), et Lamballe (22)),<\/a> installe <strong>des syst\u00e8mes complexes de robotique et d\u2019automatisme<\/strong> dans de nombreux secteurs industriels comme l\u2019agroalimentaire l\u2019automobile, l\u2019a\u00e9ronautique, la m\u00e9thanisation, le solaire et l\u2019\u00e9olien.<\/p>\n<p>Dirig\u00e9 par Vincent Rault, depuis 2016, l\u2019ETI bretonne a \u00e9t\u00e9 d\u00e9tenue majoritairement jusqu\u2019en 2022 par environ 220 salari\u00e9s actionnaires. Le d\u00e9part en retraite annonc\u00e9 d\u00e9but 2023 de trois d\u2019entre eux, historiquement majoritaires, a permis au fonds r\u00e9gional Breizh Rebond de monter au capital \u00e0 hauteur de 3 millions d\u2019euros. \u00ab <a href=\"https:\/\/www.bretagne-economique.com\/actualites\/ovalt-35-le-fonds-breizh-rebond-entre-au-capital-du-groupe-industriel-hauteur-de-3-meu\/\" target=\"_blank\" rel=\"noopener\">Depuis 2022, le groupe \u00e9tait accompagn\u00e9 par le fonds d\u2019investissement Breizh Rebond<\/a>. L\u2019ensemble des actions men\u00e9es a permis de renouer avec ses performances financi\u00e8res historiques, souligne Vincent Rault, pr\u00e9sident d\u2019Ovalt. <strong>Fin 2025, ce cycle s\u2019ach\u00e8ve : renforc\u00e9 et attractif, le groupe ouvre une nouvelle page de son histoire avec CEME, partageant une vision p\u00e9renne de l\u2019actionnariat salari\u00e9 et des expertises compl\u00e9mentaires.<\/strong> Cet adossement permet de renforcer les positions du groupe sur le territoire national et de se d\u00e9velopper sur les m\u00e9tiers du g\u00e9nie \u00e9lectrique et de CVC sur la coque\/les infrastructures et le b\u00e2timent. Cela nous permet ainsi de proposer une offre compl\u00e8te aux industriels r\u00e9pondant \u00e0 leurs enjeux d\u2019optimisation de production, d\u2019efficacit\u00e9 \u00e9nerg\u00e9tique, de s\u00e9curit\u00e9, et de digitalisation. \u00bb<\/p>\n<p>280 M\u20ac de chiffre d\u2019affaires vis\u00e9 \u00e0 fin 2026<\/p>\n<p>En mettant la main sur Ovalt , CEME enrichit son offre et densifie sa pr\u00e9sence\u00a0 en Bretagne et dans le grand Ouest. Fond\u00e9 en 1949, \u00e0 Moulins ( 03), l<strong>e groupe intervient dans des projets li\u00e9s \u00e0 l\u2019efficacit\u00e9 \u00e9nerg\u00e9tique et au confort thermique pour le secteur tertiaire,<\/strong> les industriels, les collectivit\u00e9s et les particuliers. Il emploie pr\u00e8s de<strong> 1 000 collaborateurs \u00e0<\/strong> travers un r\u00e9seau de plus de 20 implantations en France et son chiffre d\u2019affaires s\u2019\u00e9l\u00e8ve \u00e0 <strong>220 millions d\u2019euros en 2024.<\/strong> \u00ab Apr\u00e8s l\u2019acquisition de Technichauffe en 2025, <strong>cette nouvelle op\u00e9ration, la 8e pour CEME depuis 2021,<\/strong> illustre l\u2019acc\u00e9l\u00e9ration du d\u00e9veloppement du groupe, <strong>depuis l\u2019entr\u00e9e \u00e0 son capital en 2022 de Seven2, acteur majeur du capital-investissement en Europe<\/strong> , indique le groupe dans un communiqu\u00e9 de presse . \u00ab Avec cette nouvelle op\u00e9ration de croissance externe, nous continuons \u00e0 r\u00e9pondre aux objectifs d\u00e9finis dans notre plan strat\u00e9gique \u00ab Boost 2026 \u00bb. \u00bb pr\u00e9cise Jean de Vauxclairs, Pr\u00e9sident de CEME.<\/p>\n<p>Cette op\u00e9ration, dont le montant n\u2019a pas \u00e9t\u00e9 d\u00e9voil\u00e9, propulse Ovalt comme t\u00eate de pont du groupe CEME <strong>pour les m\u00e9tiers du process industriel<\/strong> ( automatisme, supervision, MES, data management, robotique et cybers\u00e9curit\u00e9 des installations industrielles) et <strong>des solutions int\u00e9gr\u00e9es \u201cdu compteur au process\u201d<\/strong> associant b\u00e2timent, utilit\u00e9s, lignes de production et syst\u00e8me d\u2019informations industriels. L\u2019ensemble u groupe compte d\u00e9sormais <strong>1 500 salari\u00e9s, r\u00e9partis dans 28 entit\u00e9s op\u00e9rationnelles sur tout le territoire fran\u00e7ais et vise un chiffre d\u2019affaires consolid\u00e9 de 280 millions d\u2019euro en 2026.<\/strong><\/p>\n","protected":false},"excerpt":{"rendered":"Une page se tourne pour le groupe Olvalt (63 M\u20ac de CA et 500 collaborateurs) cr\u00e9\u00e9 en 1975&hellip;\n","protected":false},"author":2,"featured_media":648186,"comment_status":"","ping_status":"","sticky":false,"template":"","format":"standard","meta":{"footnotes":""},"categories":[2821],"tags":[1111,11,829,1777,674,1011,27,12,584,25],"class_list":{"0":"post-648185","1":"post","2":"type-post","3":"status-publish","4":"format-standard","5":"has-post-thumbnail","7":"category-rennes","8":"tag-actu","9":"tag-actualites","10":"tag-bretagne","11":"tag-eu","12":"tag-europe","13":"tag-fr","14":"tag-france","15":"tag-news","16":"tag-rennes","17":"tag-republique-francaise"},"share_on_mastodon":{"url":"https:\/\/pubeurope.com\/@fr\/115856509728871089","error":""},"_links":{"self":[{"href":"https:\/\/www.europesays.com\/fr\/wp-json\/wp\/v2\/posts\/648185","targetHints":{"allow":["GET"]}}],"collection":[{"href":"https:\/\/www.europesays.com\/fr\/wp-json\/wp\/v2\/posts"}],"about":[{"href":"https:\/\/www.europesays.com\/fr\/wp-json\/wp\/v2\/types\/post"}],"author":[{"embeddable":true,"href":"https:\/\/www.europesays.com\/fr\/wp-json\/wp\/v2\/users\/2"}],"replies":[{"embeddable":true,"href":"https:\/\/www.europesays.com\/fr\/wp-json\/wp\/v2\/comments?post=648185"}],"version-history":[{"count":0,"href":"https:\/\/www.europesays.com\/fr\/wp-json\/wp\/v2\/posts\/648185\/revisions"}],"wp:featuredmedia":[{"embeddable":true,"href":"https:\/\/www.europesays.com\/fr\/wp-json\/wp\/v2\/media\/648186"}],"wp:attachment":[{"href":"https:\/\/www.europesays.com\/fr\/wp-json\/wp\/v2\/media?parent=648185"}],"wp:term":[{"taxonomy":"category","embeddable":true,"href":"https:\/\/www.europesays.com\/fr\/wp-json\/wp\/v2\/categories?post=648185"},{"taxonomy":"post_tag","embeddable":true,"href":"https:\/\/www.europesays.com\/fr\/wp-json\/wp\/v2\/tags?post=648185"}],"curies":[{"name":"wp","href":"https:\/\/api.w.org\/{rel}","templated":true}]}}