{"id":648187,"date":"2026-01-07T23:53:27","date_gmt":"2026-01-07T23:53:27","guid":{"rendered":"https:\/\/www.europesays.com\/fr\/648187\/"},"modified":"2026-01-07T23:53:27","modified_gmt":"2026-01-07T23:53:27","slug":"rennes-veut-chiper-le-nouveau-metronome-de-lol","status":"publish","type":"post","link":"https:\/\/www.europesays.com\/fr\/648187\/","title":{"rendered":"Rennes veut chiper le nouveau m\u00e9tronome de l&rsquo;OL"},"content":{"rendered":"<p>Sixi\u00e8me de Ligue 1 au moment d&rsquo;aborder le virage de janvier, le Stade Rennais ne compte pas rester les bras crois\u00e9s durant le mercato. Si l&rsquo;agitation habituelle du Roazhon Park semble plus calme cet hiver, l&rsquo;\u00e9tat-major breton s&rsquo;est fix\u00e9 une priorit\u00e9 absolue : d\u00e9nicher le profil cr\u00e9atif capable de briser les lignes et de servir de rampe de lancement \u00e0 son attaque.<\/p>\n<p>Apr\u00e8s l&rsquo;\u00e9chec de la piste Claudio Echeverri, cit\u00e9 durant le courant du mois de d\u00e9cembre mais en route pour G\u00e9rone, le directeur sportif Lo\u00efc D\u00e9sir\u00e9 a d\u00fb changer de fusil d\u2019\u00e9paule, et tenter de chiper une id\u00e9e de l\u2019Olympique Lyonnais pour se renforcer. Dans les bureaux du club, un nom circule d\u00e9sormais avec insistance, celui d&rsquo;un gaucher en qu\u00eate de rachat comme le d\u00e9voile le journal <a href=\"https:\/\/www.leparisien.fr\/\" target=\"_blank\" rel=\"noopener\">Le Parisien<\/a>. Sebastian Szymanski, l&rsquo;international polonais de Fenerbah\u00e7e, est devenu la cible prioritaire.<\/p>\n<p>\u00c0 lire aussiRennes a trouv\u00e9 son cr\u00e9ateur<\/p>\n<p>Cantonn\u00e9 \u00e0 un r\u00f4le de \u00ab\u00a0supersub\u00a0\u00bb en Turquie cette saison avec seulement 9 titularisations, celui qui partage le vestiaire de Robert Lewandowski en s\u00e9lection ne peut plus se contenter de miettes. \u00c0 l&rsquo;aube d&rsquo;un barrage crucial pour la Coupe du monde face \u00e0 l&rsquo;Albanie en mars prochain, le milieu offensif a faim de temps de jeu.<\/p>\n<p>Polyvalent, capable d&rsquo;\u00e9voluer dans le c\u0153ur du jeu comme sur un flanc, Szymanski coche toutes les cases du \u00ab\u00a0portrait-robot\u00a0\u00bb dress\u00e9 par le staff rennais. Si le dossier n&rsquo;en est qu&rsquo;\u00e0 ses balbutiements, les contacts ont officiellement \u00e9t\u00e9 nou\u00e9s affirme le journal. Rennes avance avec prudence, aucune offre n&rsquo;ayant encore \u00e9t\u00e9 transmise au club stambouliote, mais l&rsquo;opportunit\u00e9 de s&rsquo;offrir un tel dynamiteur pour la seconde partie de saison pourrait bien pousser les Rouge et Noir \u00e0 passer \u00e0 l&rsquo;attaque tr\u00e8s rapidement. Pour l\u2019OL, il faudra rapidement r\u00e9agir pour ne pas se faire doubler.<\/p>\n<p>Le Stade Rennais, 6\u1d49 de Ligue 1, cherche \u00e0 recruter un joueur cr\u00e9atif lors du mercato hivernal. Apr\u00e8s l\u2019\u00e9chec pour Claudio Echeverri, le club vise Sebastian Szymanski (Fenerbah\u00e7e), milieu offensif polonais en manque de temps de jeu. Les contacts sont lanc\u00e9s, mais aucune offre n\u2019a encore \u00e9t\u00e9 faite.<\/p>\n<p>   Partagez cette info avec vos amis et vos proches en cliquant ici<br \/> Pour r\u00e9sumer<\/p>\n<p>Le Stade Rennais, 6\u1d49 de Ligue 1, cible Sebastian Szymanski (Fenerbah\u00e7e) pour renforcer son attaque. Ce milieu polyvalent, en manque de temps de jeu en Turquie, correspond au profil recherch\u00e9. Les contacts sont engag\u00e9s, mais l\u2019OL pourrait aussi entrer dans la course.<\/p>\n<p>R\u00e9dacteur<\/p>\n<p><img decoding=\"async\" width=\"76\" height=\"76\" loading=\"lazy\" src=\"https:\/\/www.europesays.com\/fr\/wp-content\/uploads\/2025\/04\/logo-antoine-chirat.jpg\" alt=\"Antoine Chirat\"\/><\/p>\n","protected":false},"excerpt":{"rendered":"Sixi\u00e8me de Ligue 1 au moment d&rsquo;aborder le virage de janvier, le Stade Rennais ne compte pas rester&hellip;\n","protected":false},"author":2,"featured_media":648188,"comment_status":"","ping_status":"","sticky":false,"template":"","format":"standard","meta":{"footnotes":""},"categories":[2821],"tags":[1111,11,829,1777,674,1011,27,66,12,241,584,25,10662],"class_list":{"0":"post-648187","1":"post","2":"type-post","3":"status-publish","4":"format-standard","5":"has-post-thumbnail","7":"category-rennes","8":"tag-actu","9":"tag-actualites","10":"tag-bretagne","11":"tag-eu","12":"tag-europe","13":"tag-fr","14":"tag-france","15":"tag-ligue-1","16":"tag-news","17":"tag-ol","18":"tag-rennes","19":"tag-republique-francaise","20":"tag-transferts"},"share_on_mastodon":{"url":"https:\/\/pubeurope.com\/@fr\/115856514016078775","error":""},"_links":{"self":[{"href":"https:\/\/www.europesays.com\/fr\/wp-json\/wp\/v2\/posts\/648187","targetHints":{"allow":["GET"]}}],"collection":[{"href":"https:\/\/www.europesays.com\/fr\/wp-json\/wp\/v2\/posts"}],"about":[{"href":"https:\/\/www.europesays.com\/fr\/wp-json\/wp\/v2\/types\/post"}],"author":[{"embeddable":true,"href":"https:\/\/www.europesays.com\/fr\/wp-json\/wp\/v2\/users\/2"}],"replies":[{"embeddable":true,"href":"https:\/\/www.europesays.com\/fr\/wp-json\/wp\/v2\/comments?post=648187"}],"version-history":[{"count":0,"href":"https:\/\/www.europesays.com\/fr\/wp-json\/wp\/v2\/posts\/648187\/revisions"}],"wp:featuredmedia":[{"embeddable":true,"href":"https:\/\/www.europesays.com\/fr\/wp-json\/wp\/v2\/media\/648188"}],"wp:attachment":[{"href":"https:\/\/www.europesays.com\/fr\/wp-json\/wp\/v2\/media?parent=648187"}],"wp:term":[{"taxonomy":"category","embeddable":true,"href":"https:\/\/www.europesays.com\/fr\/wp-json\/wp\/v2\/categories?post=648187"},{"taxonomy":"post_tag","embeddable":true,"href":"https:\/\/www.europesays.com\/fr\/wp-json\/wp\/v2\/tags?post=648187"}],"curies":[{"name":"wp","href":"https:\/\/api.w.org\/{rel}","templated":true}]}}