{"id":648189,"date":"2026-01-07T23:54:20","date_gmt":"2026-01-07T23:54:20","guid":{"rendered":"https:\/\/www.europesays.com\/fr\/648189\/"},"modified":"2026-01-07T23:54:20","modified_gmt":"2026-01-07T23:54:20","slug":"les-mediatheques-de-strasbourg-et-ses-environs-sont-desormais-gratuites","status":"publish","type":"post","link":"https:\/\/www.europesays.com\/fr\/648189\/","title":{"rendered":"les m\u00e9diath\u00e8ques de Strasbourg et ses environs sont d\u00e9sormais gratuites !"},"content":{"rendered":"<p><b>C\u2019est un nouveau chapitre qui s\u2019ouvre pour les m\u00e9diath\u00e8ques du r\u00e9seau Pass\u2019relle. Depuis le 1er janvier 2026, elles sont 100% gratuites pour toutes et tous. En plus de faire les gros titres, la nouvelle s\u2019accompagne d\u2019une \u00e9dition sp\u00e9ciale pour les 10e Nuits de la lecture : spectacles, concerts, karaok\u00e9\u2026 Les m\u00e9diath\u00e8ques accueilleront de nombreuses animations gratuites, \u00e0 d\u00e9couvrir du 21 au 25 janvier \u00e0 Strasbourg et autour.<\/b><\/p>\n<p>En voil\u00e0 une bonne r\u00e9solution. Placard\u00e9e dans la ville, l\u2019annonce r\u00e9jouit d\u00e9j\u00e0 les rats de biblioth\u00e8que de tous \u00e2ges\u00a0: <b>depuis le 1er janvier 2026, les m\u00e9diath\u00e8ques du r\u00e9seau Pass\u2019relle sont compl\u00e8tement gratuites<\/b>\u00a0!<\/p>\n<p>    <img width=\"399\" height=\"600\" src=\"https:\/\/www.europesays.com\/fr\/wp-content\/uploads\/2026\/01\/mediatheque-neuhof-dsc-0201-alban-hefti-1-399x600.jpg\" class=\"attachment-image-size-M size-image-size-M\" alt=\"M\u00e9diath\u00e8que Neuhof\" decoding=\"async\" loading=\"lazy\"  \/>         M\u00e9diath\u00e8que du Neuhof. \u00a9 Alban Hefti \/ Document remis <\/p>\n<p>Lieux de rencontres, de travail, de d\u00e9tente mais surtout de d\u00e9couvertes\u2026 Si <b>elles garantissaient d\u00e9j\u00e0 l\u2019acc\u00e8s \u00e0 de nombreux services gratuits <\/b>(comme la consultation sur place de leurs ouvrages, l\u2019acc\u00e8s \u00e0 Internet, etc.), l\u2019inscription et l\u2019emprunt ne l\u2019\u00e9taient pas encore.<\/p>\n<p>Une page qui se tourne d\u00e9sormais, avec <b>une gratuit\u00e9 garantie \u00e0 toutes et tous, et une carte <\/b><b>\u00ab\u00a0accessible \u00e0 tout \u00e2ge et quel que soit le lieu de r\u00e9sidence\u00a0\u00bb<\/b>.<\/p>\n<p>                <img width=\"752\" height=\"500\" src=\"https:\/\/www.europesays.com\/fr\/wp-content\/uploads\/2026\/01\/dsc-9201-752x500.jpg\" class=\"attachment-gallery size-gallery\" alt=\"M\u00e9diath\u00e8que Andr\u00e9 Malraux\" data-full-url=\"https:\/\/pokaa.fr\/wp-content\/uploads\/2025\/12\/29\/dsc-9201.jpg\" decoding=\"async\" loading=\"lazy\"  \/>            <\/p>\n<p>                <img width=\"752\" height=\"500\" src=\"https:\/\/www.europesays.com\/fr\/wp-content\/uploads\/2026\/01\/dsc-8647-752x500.jpg\" class=\"attachment-gallery size-gallery\" alt=\"M\u00e9diath\u00e8que Andr\u00e9 Malraux\" data-full-url=\"https:\/\/pokaa.fr\/wp-content\/uploads\/2025\/12\/29\/dsc-8647.jpg\" decoding=\"async\" loading=\"lazy\"  \/>            <\/p>\n<p>                    M\u00e9diath\u00e8que Andr\u00e9-Malraux. \u00a9 Alban Hefti \/ Documents remis<\/p>\n<p>    <img width=\"800\" height=\"532\" src=\"https:\/\/www.europesays.com\/fr\/wp-content\/uploads\/2026\/01\/mediatheque-olympe-de-gouges-alban-hefti-document-remis-800x532.jpg\" class=\"attachment-image-size-L size-image-size-L\" alt=\"M\u00e9diath\u00e8que Olympe de Gouges\" decoding=\"async\" loading=\"lazy\"  \/>         M\u00e9diath\u00e8que Olympe-de-Gouges. \u00a9 Alban Hefti \/ Document remis <\/p>\n<p>Une carte Pass&rsquo;relle = 34 m\u00e9diath\u00e8ques gratuites<\/p>\n<p>Cette mesure vot\u00e9e le 28 mars 2025 par le Conseil de l\u2019Eurom\u00e9tropole de Strasbourg s\u2019inscrit dans une \u00ab\u00a0dynamique nationale\u00a0\u00bb nous dit-on dans un communiqu\u00e9, et prend la suite d\u2019autres grandes villes (Marseille, Rennes, Bordeaux, Lille, Grenoble).<\/p>\n<p>Il poursuit : \u00ab L\u2019acc\u00e8s au livre et \u00e0 la lecture constitue <b>un enjeu fondamental. \u00bb<\/b><b>\u00a0Non seulement<\/b><b> \u00ab pour la diffusion de la connaissance, la constitution de l\u2019esprit critique et la lutte contre la d\u00e9sinformation \u00bb<\/b>, mais aussi car c\u2019est une \u00ab <b>source d\u2019\u00e9panouissement et de plaisir<\/b> pour toutes et tous \u00bb.<\/p>\n<p>                <img width=\"752\" height=\"500\" src=\"https:\/\/www.europesays.com\/fr\/wp-content\/uploads\/2026\/01\/dsc-8900-752x500.jpg\" class=\"attachment-gallery size-gallery\" alt=\"M\u00e9diath\u00e8que Olympe de Gouges\" data-full-url=\"https:\/\/pokaa.fr\/wp-content\/uploads\/2025\/12\/29\/dsc-8900.jpg\" decoding=\"async\" loading=\"lazy\"  \/>            <\/p>\n<p>                <img width=\"752\" height=\"500\" src=\"https:\/\/www.europesays.com\/fr\/wp-content\/uploads\/2026\/01\/dsc-9339-752x500.jpg\" class=\"attachment-gallery size-gallery\" alt=\"M\u00e9diath\u00e8que Andr\u00e9 Malraux\" data-full-url=\"https:\/\/pokaa.fr\/wp-content\/uploads\/2025\/12\/29\/dsc-9339.jpg\" decoding=\"async\" loading=\"lazy\"  \/>            <\/p>\n<p>                <img width=\"752\" height=\"500\" src=\"https:\/\/www.europesays.com\/fr\/wp-content\/uploads\/2026\/01\/dsc-9033-752x500.jpg\" class=\"attachment-gallery size-gallery\" alt=\"M\u00e9diath\u00e8que Olympe de Gouges\" data-full-url=\"https:\/\/pokaa.fr\/wp-content\/uploads\/2025\/12\/29\/dsc-9033.jpg\" decoding=\"async\" loading=\"lazy\"  \/>            <\/p>\n<p>                    M\u00e9diath\u00e8ques Olympe-de-Gouges et Andr\u00e9-Malraux. \u00a9 Alban Hefti \/ Documents remis<\/p>\n<p>Avec cette <b>unique carte \u00ab\u00a0Pass\u2019relle\u00a0\u00bb<\/b>, c\u2019est tout un r\u00e9seau qui s\u2019ouvre \u00e0 nous. En tout : <a href=\"https:\/\/www.mediatheques.strasbourg.eu\/infos-pratiques-voir-les-mediatheques.aspx\" target=\"_blank\" rel=\"noopener\"><b>34 m\u00e9diath\u00e8ques<\/b>\u00a0<\/a>sont concern\u00e9es.<\/p>\n<p>On compte ainsi les <b>12 m\u00e9diath\u00e8ques et le \u00ab Bibliobus \u00bb <\/b>(itin\u00e9rant) <b>de l\u2019Eurom\u00e9tropole de Strasbourg<\/b>, ainsi que <b>21 biblioth\u00e8ques et m\u00e9diath\u00e8ques communales<\/b>, aux alentours (et jusqu\u2019\u00e0 Kehl). Il y a fort \u00e0 parier qu\u2019il y en a une pr\u00e8s de chez vous.<\/p>\n<p>Ne reste plus qu\u2019\u00e0 <b>venir s\u2019inscrire<\/b> en s\u2019y rendant,<b> avec une pi\u00e8ce d\u2019identit\u00e9 seulement<\/b>. <b>Validit\u00e9 de l\u2019abonnement ? Un an (renouvelable).<\/b><\/p>\n<p>                <a href=\"https:\/\/pokaa.fr\/2024\/02\/11\/bibliobus-la-mediatheque-ambulante-qui-sillonne-strasbourg-et-ses-alentours\/\" target=\"_blank\" rel=\"noopener\"><br \/>\n                    <img width=\"450\" height=\"270\" src=\"https:\/\/www.europesays.com\/fr\/wp-content\/uploads\/2026\/01\/image00037-450x270.jpeg\" class=\"attachment-card-horizontal--same-subject size-card-horizontal--same-subject wp-post-image\" alt=\"\" decoding=\"async\" loading=\"lazy\"\/>                <\/a><\/p>\n<p>    <img width=\"399\" height=\"600\" src=\"https:\/\/www.europesays.com\/fr\/wp-content\/uploads\/2026\/01\/dsc-8898-399x600.jpg\" class=\"attachment-image-size-M size-image-size-M\" alt=\"M\u00e9diath\u00e8que Olympe de Gouges\" decoding=\"async\" loading=\"lazy\"  \/>         M\u00e9diath\u00e8que Olympe-de-Gouges. \u00a9 Alban Hefti \/ Document remis <\/p>\n<p>10e Nuits de la lecture\u00a0: une \u00e9dition sp\u00e9ciale pour f\u00eater la gratuit\u00e9<\/p>\n<p>Cr\u00e9\u00e9es en 2017 par le minist\u00e8re de la Culture, <b>les Nuits de la lecture consistent en une \u00ab\u00a0grande f\u00eate du livre\u00a0\u00bb<\/b> organis\u00e9e \u00e0 l\u2019international, qui se tiendra cette ann\u00e9e <b>du 21 au 25 janvier<\/b> (avec pour th\u00e8me \u00ab Villes et campagnes \u00bb).<\/p>\n<p>Pour la 10e, \u00e0 Strasbourg, elles auront une saveur toute particuli\u00e8re avec <b>une \u00e9dition sp\u00e9ciale<\/b> qui vient ponctuer la gratuit\u00e9 r\u00e9cente des m\u00e9diath\u00e8ques du r\u00e9seau.<\/p>\n<p>On nous promet ainsi des <b>\u00ab\u00a0pyjamas party jusqu\u2019au bout de la nuit, boum et karaok\u00e9s d\u00e9jant\u00e9s, spectacles loufoques, histoires envo\u00fbtantes, d\u00e9ambulations musicales ou d\u00e9guis\u00e9es\u00a0\u00bb<\/b>. Des rendez-vous <b>gratuits<\/b> (dont quelques-uns sur inscription).<\/p>\n<p>    <img width=\"450\" height=\"600\" src=\"https:\/\/www.europesays.com\/fr\/wp-content\/uploads\/2026\/01\/med-gisele-halimi-compagnie-libellune-3-450x600.png\" class=\"attachment-image-size-M size-image-size-M\" alt=\"compagnie Libellune + nuits lecture\" decoding=\"async\" loading=\"lazy\"  \/>         D\u00e9ambulations lumineuses anim\u00e9es par la Compagnie Libellune. \u00a9 Compagnie Libellune \/ Document remis <\/p>\n<p>\u00c0 l\u2019instar de <b>la \u00ab F\u00eate des paillettes \u00bb \u00e0 la M\u00e9diath\u00e8que Neuhof<\/b> qui se transforme pour l\u2019occasion, avec une invitation \u00e0 se d\u00e9guiser. Au programme ? <b>Boule \u00e0 facettes<\/b>, animations (<b>quiz<\/b>, \u00e9lection du <b>plus beau costume<\/b>, <b>bars \u00e0 paillettes ou \u00e0 sirops<\/b>) et musique avec DJ Baya.<\/p>\n<p>Ou \u00e0 la M\u00e9diath\u00e8que Neudorf\u00a0: <b>Quand les livres s\u2019ouvrent\u2026 les histoires prennent vie<\/b>, un spectacle d\u2019improvisation familial, ludique et onirique<b> <\/b>d\u2019<b>IMPRO Alsace<\/b>. Quant \u00e0 la M\u00e9diath\u00e8que Olympe-de-Gouges, elle pr\u00e9sentera <b>Le<\/b><b> <\/b><b>Salon Snob<\/b>, un salon litt\u00e9raire improvis\u00e9 et d\u00e9cal\u00e9 propos\u00e9 par <b>la Grosso Modo<\/b>.<\/p>\n<p>    <img width=\"800\" height=\"534\" src=\"https:\/\/www.europesays.com\/fr\/wp-content\/uploads\/2026\/01\/med-simone-veil-meteor-hits-cmaxime-steckle-800x534.jpg\" class=\"attachment-image-size-L size-image-size-L\" alt=\"Meteor\u2019Hits + Nuits lecture\" decoding=\"async\" loading=\"lazy\"  \/>         Les Meteor&rsquo;Hits. \u00a9 Maxime Steckle \/ Document remis <\/p>\n<p>Pour les m\u00e9lomanes, on pensera au <b>concert <\/b><b>Muzika Revolati<\/b><b> de Free Sdorvia<\/b>, groupe d\u2019hip-hop \u00e9lectro venant d\u2019un \u00ab\u00a0territoire imaginaire, quelque part entre dystopie et cabaret rebelle\u00a0\u00bb, \u00e0 la M\u00e9diath\u00e8que Frida-Kahlo. Ou au <b>karaok\u00e9 <\/b><b>live<\/b><b> des Meteor\u2019Hits<\/b> (M\u00e9diath\u00e8que Simone-Veil).<\/p>\n<p>Autre immanquable du samedi 24\u00a0:<b> <\/b>la <b>vente-d\u00e9dicace de <\/b><b>L\u2019Extraordinarium <\/b><b>de Mathias Malzieu <\/b>(auteur de La M\u00e9canique du c\u0153ur et chanteur de Dionysos), \u00e0 la M\u00e9diath\u00e8que Andr\u00e9-Malraux.<\/p>\n<p>    <img width=\"400\" height=\"600\" src=\"https:\/\/www.europesays.com\/fr\/wp-content\/uploads\/2026\/01\/med-malraux-mathias-malzieu3-cdiverto-400x600.jpg\" class=\"attachment-image-size-M size-image-size-M\" alt=\"Mathias Malzieu + nuits lecture\" decoding=\"async\" loading=\"lazy\"  \/>         Mathias Malzieu. \u00a9 Diverto \/ Document remis <\/p>\n<p>Si on s\u2019\u00e9loigne un peu de Strasbourg, on trouvera <b>\u00e0 Eschau, <\/b><b>Fantastique illusion\u00a0!<\/b><b> avec le magicien David Silver <\/b>(vendredi 23)\u2026 Et \u00e0 Fegersheim, le concert-spectacle Vus du ciel du duo Codario \u00ab\u00a0avec des violons, des banjos, des pieds qui tapent et des oiseaux partout, surtout l\u00e0 o\u00f9 on ne les attend pas\u00a0\u00bb (samedi 24).<\/p>\n<p>Et bien <strong>d\u2019autres \u00e9v\u00e9nements curieux, festifs ou sensibles pour c\u00e9l\u00e9brer, ensemble, le plaisir de lire<\/strong>.<\/p>\n<p>            Gratuit\u00e9 des m\u00e9diath\u00e8ques Pass&rsquo;relle et Nuits de la lecture<\/p>\n<p>            Quoi ? <\/p>\n<p>Nuits de la lecture : spectacles, concerts, lectures et autres animations gratuites<\/p>\n<p>                Quand ?<\/p>\n<p>Gratuit\u00e9 des m\u00e9diath\u00e8ques Pass\u2019relle : depuis le 1er janvier 2026<br \/>Nuits de la lecture : du 21 au 25 janvier 2026<\/p>\n<p>            o\u00f9 ?<\/p>\n<p>Eurom\u00e9tropole de Strasbourg et autres communes participantes<\/p>\n<p>                Plus d&rsquo;infos ?<\/p>\n<p><a href=\"https:\/\/www.mediatheques.strasbourg.eu\/accueil-portal.aspx\" target=\"_blank\" rel=\"noopener\">Sur les M\u00e9diath\u00e8ques de Strasbourg<\/a><br \/><a href=\"https:\/\/www.mediatheques.strasbourg.eu\/aide-faq-sur-la-gratuite.aspx\" target=\"_blank\" rel=\"noopener\">Sur la gratuit\u00e9 dans la FAQ d\u00e9di\u00e9e<\/a><\/p>\n<p>Sur les 10e Nuits de la Lecture :<br \/><a href=\"https:\/\/www.nuitsdelalecture.fr\/\" target=\"_blank\" rel=\"noopener\">Le site web avec le programme ville par ville<\/a><br \/><a href=\"https:\/\/culture.strasbourg.eu\/sortir\/nuits-de-la-lecture-dans-les-mediatheques\/\" target=\"_blank\" rel=\"noopener\">\u00c0 Strasbourg<\/a><\/p>\n","protected":false},"excerpt":{"rendered":"C\u2019est un nouveau chapitre qui s\u2019ouvre pour les m\u00e9diath\u00e8ques du r\u00e9seau Pass\u2019relle. Depuis le 1er janvier 2026, elles&hellip;\n","protected":false},"author":2,"featured_media":648190,"comment_status":"","ping_status":"","sticky":false,"template":"","format":"standard","meta":{"footnotes":""},"categories":[2820],"tags":[1111,11,1697,1777,5342,674,652,1011,27,775,326,16582,12,75341,75342,25,3140,640],"class_list":{"0":"post-648189","1":"post","2":"type-post","3":"status-publish","4":"format-standard","5":"has-post-thumbnail","7":"category-strasbourg","8":"tag-actu","9":"tag-actualites","10":"tag-concert","11":"tag-eu","12":"tag-eurometropole-de-strasbourg","13":"tag-europe","14":"tag-famille","15":"tag-fr","16":"tag-france","17":"tag-grand-est","18":"tag-gratuit","19":"tag-mediatheque","20":"tag-news","21":"tag-nuits-de-la-lecture","22":"tag-passrelle","23":"tag-republique-francaise","24":"tag-spectacle","25":"tag-strasbourg"},"share_on_mastodon":{"url":"https:\/\/pubeurope.com\/@fr\/115856518122305282","error":""},"_links":{"self":[{"href":"https:\/\/www.europesays.com\/fr\/wp-json\/wp\/v2\/posts\/648189","targetHints":{"allow":["GET"]}}],"collection":[{"href":"https:\/\/www.europesays.com\/fr\/wp-json\/wp\/v2\/posts"}],"about":[{"href":"https:\/\/www.europesays.com\/fr\/wp-json\/wp\/v2\/types\/post"}],"author":[{"embeddable":true,"href":"https:\/\/www.europesays.com\/fr\/wp-json\/wp\/v2\/users\/2"}],"replies":[{"embeddable":true,"href":"https:\/\/www.europesays.com\/fr\/wp-json\/wp\/v2\/comments?post=648189"}],"version-history":[{"count":0,"href":"https:\/\/www.europesays.com\/fr\/wp-json\/wp\/v2\/posts\/648189\/revisions"}],"wp:featuredmedia":[{"embeddable":true,"href":"https:\/\/www.europesays.com\/fr\/wp-json\/wp\/v2\/media\/648190"}],"wp:attachment":[{"href":"https:\/\/www.europesays.com\/fr\/wp-json\/wp\/v2\/media?parent=648189"}],"wp:term":[{"taxonomy":"category","embeddable":true,"href":"https:\/\/www.europesays.com\/fr\/wp-json\/wp\/v2\/categories?post=648189"},{"taxonomy":"post_tag","embeddable":true,"href":"https:\/\/www.europesays.com\/fr\/wp-json\/wp\/v2\/tags?post=648189"}],"curies":[{"name":"wp","href":"https:\/\/api.w.org\/{rel}","templated":true}]}}