{"id":648197,"date":"2026-01-07T23:58:29","date_gmt":"2026-01-07T23:58:29","guid":{"rendered":"https:\/\/www.europesays.com\/fr\/648197\/"},"modified":"2026-01-07T23:58:29","modified_gmt":"2026-01-07T23:58:29","slug":"en-images-cest-parti-pour-plusieurs-semaines-de-soldes-allez-vous-en-profiter","status":"publish","type":"post","link":"https:\/\/www.europesays.com\/fr\/648197\/","title":{"rendered":"EN IMAGES. C\u2019est parti pour plusieurs semaines de soldes, allez-vous en profiter\u00a0?"},"content":{"rendered":"<p>Apr\u00e8s la p\u00e9riode des ventes priv\u00e9es, c\u2019est parti pour l<a href=\"https:\/\/www.info.gouv.fr\/actualite\/soldes-d-hiver-2026-calendrier-et-dates\" target=\"_self\" rel=\"noopener\">es soldes<\/a> ce mercredi 7\u00a0janvier 2026. Les bonnes affaires vont continuer jusqu\u2019au mardi 3\u00a0f\u00e9vrier.<\/p>\n<p>Cette ann\u00e9e, le d\u00e9but des soldes est un peu particulier, avec cet \u00e9pisode de neige et de verglas. Les difficult\u00e9s de circulation sont compliqu\u00e9es sur les routes et dans les rues. C\u2019est le commerce en ligne qui peut tirer son \u00e9pingle du jeu pour ces premiers jours.<\/p>\n<p>Et vous\u00a0?<\/p>\n<p>\t<img decoding=\"async\" src=\"https:\/\/www.europesays.com\/fr\/wp-content\/uploads\/2026\/01\/P35677253D7135539G_px_640_.jpg\" alt=\"photo de bonnes affaires sont pr\u00e9vues.  \u00a9  presse oc\u00e9an-olivier lanrivain\" width=\"640\" title=\" De bonnes affaires sont pr\u00e9vues.   Presse Oc\u00e9an-Olivier Lanrivain \"\/><\/p>\n<p class=\"elmt-legende\"> De bonnes affaires sont pr\u00e9vues.   Presse Oc\u00e9an-Olivier Lanrivain <\/p>\n<p>\t<img decoding=\"async\" src=\"https:\/\/www.europesays.com\/fr\/wp-content\/uploads\/2026\/01\/P35677254D7135539G_px_640_.jpg\" alt=\"photo apr\u00e8s les ventes priv\u00e9es, les soldes sont lanc\u00e9s pour plusieurs semaines.  \u00a9  presse oc\u00e9an-olivier lanrivain\" width=\"640\" title=\" Apr\u00e8s les ventes priv\u00e9es, les soldes sont lanc\u00e9s pour plusieurs semaines.   Presse Oc\u00e9an-Olivier Lanrivain \"\/><\/p>\n<p class=\"elmt-legende\"> Apr\u00e8s les ventes priv\u00e9es, les soldes sont lanc\u00e9s pour plusieurs semaines.   Presse Oc\u00e9an-Olivier Lanrivain <\/p>\n<p>\t<img decoding=\"async\" src=\"https:\/\/www.europesays.com\/fr\/wp-content\/uploads\/2026\/01\/P35677255D7135539G_px_640_.jpg\" alt=\"photo des soldes pendant un \u00e9pisode de neige et verglas.  \u00a9  presse oc\u00e9an-olivier lanrivain\" width=\"640\" title=\" Des soldes pendant un \u00e9pisode de neige et verglas.   Presse Oc\u00e9an-Olivier Lanrivain \"\/><\/p>\n<p class=\"elmt-legende\"> Des soldes pendant un \u00e9pisode de neige et verglas.   Presse Oc\u00e9an-Olivier Lanrivain <\/p>\n<p>\t<img decoding=\"async\" src=\"https:\/\/www.europesays.com\/fr\/wp-content\/uploads\/2026\/01\/P35677256D7135539G_px_640_.jpg\" alt=\"photo la circulation reste compliqu\u00e9e. les nantais ont d\u00fb se r\u00e9soudre \u00e0 rejoindre leur lieu de destination \u00e0 pied.  \u00a9  presse oc\u00e9an-nathalie bourreau\" width=\"640\" title=\" La circulation reste compliqu\u00e9e. Les Nantais ont d\u00fb se r\u00e9soudre \u00e0 rejoindre leur lieu de destination \u00e0 pied.   Presse Oc\u00e9an-Nathalie Bourreau \"\/><\/p>\n<p class=\"elmt-legende\"> La circulation reste compliqu\u00e9e. Les Nantais ont d\u00fb se r\u00e9soudre \u00e0 rejoindre leur lieu de destination \u00e0 pied.   Presse Oc\u00e9an-Nathalie Bourreau <\/p>\n<p>Les r\u00e8gles<\/p>\n<p>Sur internet ou dans les magasins, les r\u00e8gles sont les m\u00eames\u00a0: \u00a0Le commer\u00e7ant peut uniquement solder les produits propos\u00e9s \u00e0 la vente depuis au moins 1\u00a0mois avant le d\u00e9but de la p\u00e9riode de soldes. Si un article n\u2019est plus disponible, le commer\u00e7ant ne peut pas se r\u00e9approvisionner pour le vendre au prix sold\u00e9\u00a0\u00bb, r appelle site  <a href=\"https:\/\/www.service-public.gouv.fr\/particuliers\/vosdroits\/F24037\" target=\"_self\" rel=\"noopener\">servicepublic.fr.<\/a><\/p>\n<p>Prochaines dates en d\u00e9but d\u2019\u00e9t\u00e9<\/p>\n<p>La prochaine p\u00e9riode de soldes aura lieu fin juin\u00a02026. Les promotions ou autres ristournes ne peuvent pas s\u2019appeler \u00ab\u00a0soldes\u00a0\u00bb en dehors des deux p\u00e9riodes de soldes l\u2019hiver et l\u2019\u00e9t\u00e9.<\/p>\n<p>\u00a0<\/p>\n","protected":false},"excerpt":{"rendered":"Apr\u00e8s la p\u00e9riode des ventes priv\u00e9es, c\u2019est parti pour les soldes ce mercredi 7\u00a0janvier 2026. Les bonnes affaires&hellip;\n","protected":false},"author":2,"featured_media":648198,"comment_status":"","ping_status":"","sticky":false,"template":"","format":"standard","meta":{"footnotes":""},"categories":[2818],"tags":[1111,11,75343,1777,674,1011,27,4430,766,12,13695,2636,4433,25,20432,11772],"class_list":{"0":"post-648197","1":"post","2":"type-post","3":"status-publish","4":"format-standard","5":"has-post-thumbnail","7":"category-nantes","8":"tag-actu","9":"tag-actualites","10":"tag-allez-vous","11":"tag-eu","12":"tag-europe","13":"tag-fr","14":"tag-france","15":"tag-images","16":"tag-nantes","17":"tag-news","18":"tag-parti","19":"tag-pays-de-la-loire","20":"tag-profiter","21":"tag-republique-francaise","22":"tag-semaines","23":"tag-soldes"},"share_on_mastodon":{"url":"https:\/\/pubeurope.com\/@fr\/115856533719697036","error":""},"_links":{"self":[{"href":"https:\/\/www.europesays.com\/fr\/wp-json\/wp\/v2\/posts\/648197","targetHints":{"allow":["GET"]}}],"collection":[{"href":"https:\/\/www.europesays.com\/fr\/wp-json\/wp\/v2\/posts"}],"about":[{"href":"https:\/\/www.europesays.com\/fr\/wp-json\/wp\/v2\/types\/post"}],"author":[{"embeddable":true,"href":"https:\/\/www.europesays.com\/fr\/wp-json\/wp\/v2\/users\/2"}],"replies":[{"embeddable":true,"href":"https:\/\/www.europesays.com\/fr\/wp-json\/wp\/v2\/comments?post=648197"}],"version-history":[{"count":0,"href":"https:\/\/www.europesays.com\/fr\/wp-json\/wp\/v2\/posts\/648197\/revisions"}],"wp:featuredmedia":[{"embeddable":true,"href":"https:\/\/www.europesays.com\/fr\/wp-json\/wp\/v2\/media\/648198"}],"wp:attachment":[{"href":"https:\/\/www.europesays.com\/fr\/wp-json\/wp\/v2\/media?parent=648197"}],"wp:term":[{"taxonomy":"category","embeddable":true,"href":"https:\/\/www.europesays.com\/fr\/wp-json\/wp\/v2\/categories?post=648197"},{"taxonomy":"post_tag","embeddable":true,"href":"https:\/\/www.europesays.com\/fr\/wp-json\/wp\/v2\/tags?post=648197"}],"curies":[{"name":"wp","href":"https:\/\/api.w.org\/{rel}","templated":true}]}}