{"id":648207,"date":"2026-01-08T00:03:17","date_gmt":"2026-01-08T00:03:17","guid":{"rendered":"https:\/\/www.europesays.com\/fr\/648207\/"},"modified":"2026-01-08T00:03:17","modified_gmt":"2026-01-08T00:03:17","slug":"mercato-tfc-pourquoi-la-nouvelle-recrue-de-toulouse-na-pas-ete-conservee-par-strasbourg-cet-ete-ni-par-nuremberg-cet-hiver","status":"publish","type":"post","link":"https:\/\/www.europesays.com\/fr\/648207\/","title":{"rendered":"MERCATO. TFC\u00a0: pourquoi la nouvelle recrue de Toulouse n\u2019a pas \u00e9t\u00e9 conserv\u00e9e par Strasbourg cet \u00e9t\u00e9 ni par Nuremberg cet hiver"},"content":{"rendered":"<p>\n                                                                    l&rsquo;essentiel<br \/>\n                                                                Il s\u2019appelle Pape Demba Diop, a 22 ans, est international s\u00e9n\u00e9galais et vient de s\u2019engager en pr\u00eat avec les Violets jusqu\u2019au mois de juin\u00a02026. En six mois, le Lion de la Teranga a \u00e9t\u00e9 achet\u00e9 en Belgique par le club alsacien et pr\u00eat\u00e9 une premi\u00e8re fois en D2 allemande avant d\u2019atterrir, mercredi 7\u00a0janvier, dans la Ville rose. Tenants et aboutissants de son \u00e9tonnant parcours.\n                            <\/p>\n<p>Un rendu pour un pr\u00eat\u00e9, en somme. R\u00e9cup\u00e9r\u00e9 \u00e0 Nuremberg mardi o\u00f9 il avait \u00e9t\u00e9 c\u00e9d\u00e9 fin ao\u00fbt par Strasbourg afin d\u2019\u00eatre envoy\u00e9 ce mercredi sur les bords de Garonne\u2026 Voil\u00e0 le dr\u00f4le d\u2019itin\u00e9raire que vient d\u2019emprunter le relayeur Pape Demba Diop. Ou plut\u00f4t \u2013 c\u2019est l\u2019int\u00e9ress\u00e9 qui pr\u00e9f\u00e8re \u2013 Demba Diop tout court. Nouveau num\u00e9ro\u00a018\u00a0de l\u2019effectif t\u00e9f\u00e9ciste.<\/p>\n<p>        <img decoding=\"async\" class=\"std-img__img responsive-img\" src=\"https:\/\/www.europesays.com\/fr\/wp-content\/uploads\/2026\/01\/1767830597_979_image.jpg\" alt=\"Sous le maillot de Nuremberg (maillot banc), oppos\u00e9 \u00e0 D\u00fcsseldorf.\"\/><\/p>\n<p>                Sous le maillot de Nuremberg (maillot banc), oppos\u00e9 \u00e0 D\u00fcsseldorf.<br \/>\n                                    KIRCHNER-MEDIA &#8211; THOMAS HAESLER<\/p>\n<p>La fameuse\u00a0pi\u00e8ce manquante dans l\u2019entrejeu que lorgnait le Toulouse FC depuis la grave blessure, signifiant fin de saison, de Francis Abu en date du 14\u00a0novembre\u00a0lors d\u2019un match amical avec sa s\u00e9lection contre le Japon \u00e0 Toyota City\u00a0: double fracture tibia-p\u00e9ron\u00e9 droit.<\/p>\n<p class=\"std-elt__inline\">\n        <strong>\u00c0 lire aussi :<\/strong><br \/>\n        <a href=\"https:\/\/www.ladepeche.fr\/2026\/01\/07\/tfc-forme-au-senegal-pret-casse-titres-cinq-choses-a-savoir-sur-pape-demba-diop-la-nouvelle-recrue-toulousaine-13148433.php\" target=\"_blank\" rel=\"noopener\">TFC\u00a0: form\u00e9 au S\u00e9n\u00e9gal, pr\u00eat cass\u00e9, titres\u2026 Cinq choses \u00e0 savoir sur Pape Demba Diop, la nouvelle recrue toulousaine<\/a>\n    <\/p>\n<p>Apr\u00e8s avoir cherch\u00e9 un joker depuis (joueur libre \u00e9voluant en L1 ou L2 pour\u00a0faire simple) mais sans succ\u00e8s malgr\u00e9 quelques touches, une semaine de mercato \u2013 plus de souci de r\u00e8glement \u2013 aura donc suffi au TFC pour d\u00e9gainer. Et trouver l\u2019oiseau qu\u2019on esp\u00e8re rare. Rempla\u00e7ant tout d\u00e9sign\u00e9 du Ghan\u00e9en Francis Abu, le S\u00e9n\u00e9galais Pape Demba Diop s\u2019est engag\u00e9, ce mercredi en d\u00e9but d\u2019apr\u00e8s-midi, sous forme d\u2019un pr\u00eat jusqu\u2019au terme de la saison. Sans option d\u2019achat pour le joueur\u00a0qui avait \u00e9t\u00e9 achet\u00e9 par le Racing en Belgique (Zulte Waregem\/D2) cet \u00e9t\u00e9 pour la bagatelle de 7,5M\u20ac.<\/p>\n<p>Meilleur buteur de la CAN-2023 moins de 20 ans<\/p>\n<p>Avec un background, il est vrai, des plus prometteurs\u00a0: aussi bien en club qu\u2019en \u00e9quipe nationale. Ainsi Diop avait remport\u00e9 la Coupe d\u2019Afrique des nations U20 en 2023 (organis\u00e9e par l\u2019\u00c9gypte) avec les Lions de la Teranga aur\u00e9ol\u00e9 du titre de Soulier d\u2019or de la comp\u00e9tition (5 r\u00e9alisations). Tandis qu\u2019il aura march\u00e9 sur l\u2019eau la saison pass\u00e9e en faisant remonter Zulte en Jupiler Pro League (28 matchs\u00a0; 6 buts, 6 passes) apr\u00e8s avoir \u00e9t\u00e9 op\u00e9r\u00e9 des adducteurs l\u2019exercice auparavant (septembre\u00a02023-mars\u00a02024). \u00ab\u00a0C\u2019\u00e9tait mon meilleur joueur, rembobine tout simplement son ancien\u00a0coach du Plat-Pays\u00a0Sven Vandenbroeck au moment de son transfert dans l\u2019Est de la France. Il a un r\u00e9el impact sur l\u2019\u00e9quipe. Avec un esprit super positif et un sens de la passe av\u00e9r\u00e9e.\u00a0\u00bb<\/p>\n<p class=\"std-elt__inline\">\n        <strong>\u00c0 lire aussi :<\/strong><br \/>\n        <a href=\"https:\/\/www.ladepeche.fr\/2026\/01\/03\/tfc-lens-chere-defaite-la-desillusion-face-au-leader-va-laisser-des-traces-a-tous-les-niveaux-cote-toulousain-13142632.php\" target=\"_blank\" rel=\"noopener\">TFC \u2013 Lens\u00a0: ch\u00e8re d\u00e9faite\u2026 La d\u00e9sillusion face au leader va laisser des traces \u00e0 tous les niveaux c\u00f4t\u00e9 toulousain<\/a>\n    <\/p>\n<p>Au point, donc, de taper dans l\u2019\u0153il du dispendieux Racing-Club qui l\u2019enr\u00f4le en date du 1er\u00a0juillet pour une dur\u00e9e de 5 ans, faisant de Diop la premi\u00e8re de ses dix-huit\u00a0recrues estivales\u00a0!<\/p>\n<p class=\"std-elt__inline\">\n        <strong>\u00c0 lire aussi :<\/strong><br \/>\n        <a href=\"https:\/\/www.ladepeche.fr\/2026\/01\/06\/tfc-andre-giuseppin-est-mort-qui-etait-le-joueur-quon-surnommait-le-fermier-volant-13146414.php\" target=\"_blank\" rel=\"noopener\">TFC\u00a0: Andr\u00e9 Giuseppin est mort, qui \u00e9tait le joueur qu\u2019on surnommait \u201cLe fermier volant\u201d\u00a0?<\/a>\n    <\/p>\n<p>\u00ab\u00a0Trop tendre\u00a0\u00bb\u00a0: las, la pr\u00e9paration ne convaincra pas le technicien anglais Liam Rosenior et \u2013 apr\u00e8s\u00a0huit ans pass\u00e9s \u00e0 la r\u00e9put\u00e9e acad\u00e9mie de Diambars et trois saisons dans les Flandres \u2013 le jeune homme (22 ans\u00a0; 1m82-75kg, droitier) n\u00e9 \u00e0 Ouakam, une des dix-neuf communes d\u2019arrondissement\u00a0de la capitale Dakar, est envoy\u00e9 s\u2019aguerrir dans l\u2019antichambre de la Bundelisga\u00a0: le FC Nuremberg. O\u00f9 celui qui compte \u00e9galement 2 capes avec les Espoirs s\u00e9n\u00e9galais (U23) et, surtout, une s\u00e9lection avec les A (09\/09\/2023\u00a0: S\u00e9n\u00e9gal-Rwanda 1-1, \u00c9liminatoires CAN) \u00e9tait un titulaire indiscutable jusqu\u2019\u00e0 se blesser \u00e0 une cheville \u00e0 la fin du mois d\u2019octobre. D\u2019o\u00f9 un temps de jeu par la suite bien moins cons\u00e9quent. Ce qui a provoqu\u00e9 le m\u00e9contentement de Strasbourg alors que Nuremberg avan\u00e7ait la th\u00e8se de la gestion post-blessure. Le TFC a flair\u00e9 la bonne affaire et le RCSA de casser ce premier pr\u00eat, se r\u00e9jouissant que son \u00e9l\u00e9ment puisse emmagasiner de l\u2019exp\u00e9rience et s\u2019\u00e9toffer (physiquement) en L1.<\/p>\n<p>\u00ab\u00a0Je cours beaucoup\u00a0\u00bb<\/p>\n<p>\u00ab\u00a0Son profil de milieu box-to-box dynamique renforcera autant notre solidit\u00e9 d\u00e9fensive que notre animation offensive\u00a0\u00bb a d\u00e9clar\u00e9 sur le site\u00a0du TFC le directeur sportif Viktor Bezhani. \u00ab\u00a0Je suis un milieu qui marque des buts, fait des passes et avant tout court beaucoup pour l\u2019\u00e9quipe\u00a0\u00bb se d\u00e9finissait pour sa part chez nos confr\u00e8res des Derni\u00e8res Nouvelles d\u2019Alsace le renfort n\u00e9o-toulousain lors du stage de pr\u00e9-saison en Autriche.<\/p>\n<p>Premi\u00e8re v\u00e9rification, ce samedi apr\u00e8s-midi \u00e0 Angers (15h30), avec \u00e0 la cl\u00e9 un grand-huit dans la plus populaire des comp\u00e9titions. Pour celui qui l\u00e2che dans son clip de pr\u00e9sentation\u00a0\u00ab\u00a0Les galettes, c\u2019est mon truc\u00a0\u00bb, une coupe pour son pot d\u2019arriv\u00e9e serait le parfait compl\u00e9ment\u2026<\/p>\n","protected":false},"excerpt":{"rendered":"l&rsquo;essentiel Il s\u2019appelle Pape Demba Diop, a 22 ans, est international s\u00e9n\u00e9galais et vient de s\u2019engager en pr\u00eat&hellip;\n","protected":false},"author":2,"featured_media":648208,"comment_status":"","ping_status":"","sticky":false,"template":"","format":"standard","meta":{"footnotes":""},"categories":[2816],"tags":[1111,11,1777,674,63,1011,27,2722,12,2680,25,517,2312,68922],"class_list":{"0":"post-648207","1":"post","2":"type-post","3":"status-publish","4":"format-standard","5":"has-post-thumbnail","7":"category-toulouse","8":"tag-actu","9":"tag-actualites","10":"tag-eu","11":"tag-europe","12":"tag-football","13":"tag-fr","14":"tag-france","15":"tag-haute-garonne","16":"tag-news","17":"tag-occitanie","18":"tag-republique-francaise","19":"tag-sport","20":"tag-toulouse","21":"tag-toulouse-football-club"},"share_on_mastodon":{"url":"https:\/\/pubeurope.com\/@fr\/115856552960764784","error":""},"_links":{"self":[{"href":"https:\/\/www.europesays.com\/fr\/wp-json\/wp\/v2\/posts\/648207","targetHints":{"allow":["GET"]}}],"collection":[{"href":"https:\/\/www.europesays.com\/fr\/wp-json\/wp\/v2\/posts"}],"about":[{"href":"https:\/\/www.europesays.com\/fr\/wp-json\/wp\/v2\/types\/post"}],"author":[{"embeddable":true,"href":"https:\/\/www.europesays.com\/fr\/wp-json\/wp\/v2\/users\/2"}],"replies":[{"embeddable":true,"href":"https:\/\/www.europesays.com\/fr\/wp-json\/wp\/v2\/comments?post=648207"}],"version-history":[{"count":0,"href":"https:\/\/www.europesays.com\/fr\/wp-json\/wp\/v2\/posts\/648207\/revisions"}],"wp:featuredmedia":[{"embeddable":true,"href":"https:\/\/www.europesays.com\/fr\/wp-json\/wp\/v2\/media\/648208"}],"wp:attachment":[{"href":"https:\/\/www.europesays.com\/fr\/wp-json\/wp\/v2\/media?parent=648207"}],"wp:term":[{"taxonomy":"category","embeddable":true,"href":"https:\/\/www.europesays.com\/fr\/wp-json\/wp\/v2\/categories?post=648207"},{"taxonomy":"post_tag","embeddable":true,"href":"https:\/\/www.europesays.com\/fr\/wp-json\/wp\/v2\/tags?post=648207"}],"curies":[{"name":"wp","href":"https:\/\/api.w.org\/{rel}","templated":true}]}}