{"id":648211,"date":"2026-01-08T00:06:14","date_gmt":"2026-01-08T00:06:14","guid":{"rendered":"https:\/\/www.europesays.com\/fr\/648211\/"},"modified":"2026-01-08T00:06:14","modified_gmt":"2026-01-08T00:06:14","slug":"lentreprise-prend-une-decision-radicale","status":"publish","type":"post","link":"https:\/\/www.europesays.com\/fr\/648211\/","title":{"rendered":"l&rsquo;entreprise prend une d\u00e9cision radicale"},"content":{"rendered":"<p>                    Par<br \/>\n        <strong><br \/>\n            <a href=\"https:\/\/actu.fr\/auteur\/fabien-binacchi\" title=\"Consulter tous les articles de Fabien Binacchi\" target=\"_blank\" rel=\"noopener\">Fabien Binacchi<\/a><br \/>\n                    <\/strong><\/p>\n<p>        Publi\u00e9 le<\/p>\n<p>            7 janv. 2026 \u00e0 18h49        <\/p>\n<p>Les salari\u00e9s <a href=\"https:\/\/actu.fr\/tag\/orange\" target=\"_blank\" rel=\"noopener\">d\u2019Orange<\/a> \u00e0 <a href=\"https:\/\/actu.fr\/marseille\/\" target=\"_blank\" rel=\"noopener\">Marseille<\/a> doivent (d\u00e9j\u00e0) retourner au t\u00e9l\u00e9travail. Leurs locaux du quartier Saint-Mauront, qui accueillent jusqu\u2019\u00e0 1000 personnes, ferment \u00e0 nouveau pour une dur\u00e9e ind\u00e9termin\u00e9e. Une d\u00e9cision annonc\u00e9e ce mercredi 7 janvier et prise deux jours apr\u00e8s <a href=\"https:\/\/actu.fr\/provence-alpes-cote-d-azur\/marseille_13055\/marseille-nouveau-vent-de-panique-a-orange-le-site-vise-par-des-tirs-d-armes-a-feu_63650989.html\" target=\"_blank\" rel=\"noopener\">la d\u00e9couverte d\u2019impacts de balles sur des fa\u00e7ades et dans des salles de r\u00e9union.<\/a> La direction de l\u2019op\u00e9rateur, qui indique avoir eu acc\u00e8s aux \u00ab\u2009premiers \u00e9l\u00e9ments\u2009\u00bb de l\u2019enqu\u00eate sur \u00ab\u2009cet incident\u2009\u00bb, \u00e9voque <strong>\u00ab\u2009la s\u00e9curit\u00e9 des collaborateurs\u2009\u00bb.<\/strong><\/p>\n<p>Ferm\u00e9 jusqu\u2019\u00e0 nouvel ordre<\/p>\n<p class=\" wall-content\">La r\u00e9ouverture des bureaux d\u2019Orange dans le 3e arrondissement de Marseille n\u2019aura pas fait long feu. Apr\u00e8s <a href=\"https:\/\/actu.fr\/provence-alpes-cote-d-azur\/marseille_13055\/la-peur-au-ventre-pourquoi-ce-geant-francais-evacue-1200-salaries-en-urgence-a-marseille_63501668.html\" target=\"_blank\" rel=\"noopener\">une fermeture temporaire d\u2019une quinzaine de jours,<\/a> jusqu\u2019\u00e0 mi-d\u00e9cembre, dans un contexte de <strong>tensions li\u00e9s aux trafics de stup\u00e9fiants<\/strong> dans le quartier, ils seront de nouveaux inaccessibles d\u00e8s jeudi. Une cons\u00e9quence de la dizaine d\u2019impacts de balles retrouv\u00e9e sur site. L\u2019op\u00e9rateur l\u2019a annonc\u00e9 ce mercredi aux salari\u00e9s et aux autorit\u00e9s.<\/p>\n<blockquote class=\"ac-article-quote wall-content\">\n<p>Dans le cadre de l\u2019enqu\u00eate initi\u00e9e lundi, des premiers \u00e9l\u00e9ments sur cet incident ont \u00e9t\u00e9 port\u00e9s \u00e0 notre connaissance [mardi] soir. La s\u00e9curit\u00e9 des collaborateurs \u00e9tant notre priorit\u00e9 absolue et guidant nos d\u00e9cisions, la direction a par cons\u00e9quent pris les mesures suivantes : \u00e0 partir du jeudi 8 janvier 2026 et le temps de l\u2019enqu\u00eate.<\/p>\n<p>    <strong>La direction d&rsquo;Orange<\/strong>\n            <\/p><\/blockquote>\n<p>    <img   decoding=\"async\" loading=\"lazy\" src=\"https:\/\/www.europesays.com\/fr\/wp-content\/uploads\/2026\/01\/tir-orange-marseille-960x640.jpg\" alt=\"Deux vitres ont \u00e9t\u00e9 bris\u00e9es par des tirs d'armes \u00e0 feu dans les locaux d'Orange \u00e0 Marseille.\" width=\"960\" height=\"640\"\/><br \/>\n    Deux vitres ont \u00e9t\u00e9 bris\u00e9es par des tirs d\u2019armes \u00e0 feu dans les locaux d\u2019Orange \u00e0 Marseille. (\u00a9Document remis \u00e0 actu Marseille)<\/p>\n<p class=\" wall-content\">Pendant une dur\u00e9e ind\u00e9termin\u00e9e, les 1000 salari\u00e9s bas\u00e9s dans ses locaux qui bordent la cit\u00e9 F\u00e9lix Pyat, \u00ab\u2009doivent <strong>travailler sur un autre site du d\u00e9partement ou se mettre en t\u00e9l\u00e9travail<\/strong>\u2009\u00bb, indique encore Orange, dans un communiqu\u00e9 transmis \u00e0 actu Marseille.<\/p>\n<p class=\" wall-content\">\u00ab\u2009Des mesures d\u2019accompagnement pour les collaborateurs ont \u00e9galement \u00e9t\u00e9 mises en place afin d\u2019apporter le soutien ad\u00e9quat face \u00e0 cette situation\u2009\u00bb, est-il \u00e9galement pr\u00e9cis\u00e9.<\/p>\n<p>\u00ab\u2009Une forme d\u2019intimidation\u2009\u00bb\u2009?<\/p>\n<p class=\" wall-content\">Fin novembre\u00a02025, lors de la premi\u00e8re fermeture \u00e0 la suite, notamment, de <strong>d\u00e9tonations entendues \u00e0 proximit\u00e9 du site,<\/strong> la pr\u00e9f\u00e8te de police d\u00e9l\u00e9gu\u00e9e avait \u00e9voqu\u00e9 un \u00ab\u2009sentiment d\u2019ins\u00e9curit\u00e9\u2009\u00bb. \u00ab\u2009On me dit qu\u2019il y a des coups de feu qui ont \u00e9t\u00e9 tir\u00e9s mais, en m\u00eame temps, la police est all\u00e9e sur place et on n\u2019a rien retrouv\u00e9\u2009\u00bb, avait-elle avanc\u00e9.<\/p>\n<p>Votre r\u00e9gion, votre actu !<\/p>\n<p>Recevez chaque jour les infos qui comptent pour vous.<\/p>\n<p>\t<a href=\"https:\/\/actu.fr\/newsletter\" class=\"ac-btn ac-btn--corner ac-btn--medium ac-btn--blue800\" target=\"_blank\" rel=\"noopener\">S&rsquo;incrire<\/a><\/p>\n<p>    <a href=\"https:\/\/www.google.com\/maps\/embed?pb=!1m18!1m12!1m3!1d2902.8920263007913!2d5.371658211494712!3d43.31651967099969!2m3!1f0!2f0!3f0!3m2!1i1024!2i768!4f13.1!3m3!1m2!1s0x12c9c1a9d4bf7c5d%3A0x2db139a41151ec3b!2sCFDT%20ORANGE%201er%20syndicat%20de%20france!5e0!3m2!1sfr!2sfr!4v1767806546875!5m2!1sfr!2sfr\" title=\"Ouvrie le lien\" target=\"_blank\" rel=\"noopener\">Cliquez ici pour visualiser le contenu<\/a><\/p>\n<p class=\" wall-content\">La d\u00e9couverte de ces impacts de balle a sans doute lev\u00e9 les doutes et encore accentu\u00e9 la peur. L\u2019ombre des r\u00e9seaux de stup\u00e9fiants plane. \u00ab\u2009On se demande si ce n\u2019est pas une forme d\u2019intimidation, d\u2019avertissement parce qu\u2019on a attir\u00e9 le regard sur le quartier, les emp\u00eachant de faire leur commerce. Si quelqu\u2019un a envie de jouer, il envoie un p\u00e9tard, <strong>pas une rafale de kalachnikov<\/strong>\u2009\u00bb, avait l\u00e2ch\u00e9 Christophe Sinclair, d\u00e9l\u00e9gu\u00e9 syndical CFDT.<\/p>\n<p>Orange \u00ab\u2009en lien \u00e9troit\u2009\u00bb avec les autorit\u00e9s<\/p>\n<p class=\" wall-content\">Un \u00ab\u2009renfort\u2009\u00bb de \u00ab\u2009la pr\u00e9sence polici\u00e8re en augmentant les rondes et patrouilles et en poursuivant la mise en place d\u2019une garde statique aux heures d\u2019entr\u00e9e et de sortie du site\u2009\u00bb, avait \u00e9t\u00e9 d\u00e9cid\u00e9 d\u00e8s lundi. <strong>Il n\u2019a pour le moment plus d\u2019objet.<\/strong><\/p>\n<p class=\" wall-content\">En attendant les conclusions de l\u2019enqu\u00eate, \u00ab\u2009Orange reste en lien \u00e9troit et r\u00e9gulier avec les forces de l\u2019ordre pour toutes questions de s\u00e9curit\u00e9\u2009\u00bb, a fait savoir l\u2019op\u00e9rateur.<\/p>\n<p class=\" wall-content\">Personnalisez votre actualit\u00e9 en ajoutant vos villes et m\u00e9dias en favori avec <a href=\"https:\/\/moncompte.actu.fr\" title=\"D\u00e9couvez Mon Actu\" rel=\"nofollow noopener\" data-trk=\"{&quot;cta&quot;:{&quot;action&quot;:&quot;https:\\\/\\\/moncompte.actu.fr&quot;,&quot;category&quot;:&quot;mon compte&quot;,&quot;from&quot;:&quot;article footer&quot;,&quot;name&quot;:&quot;Mon actu&quot;,&quot;type&quot;:&quot;cta&quot;}}\" target=\"_blank\">Mon Actu<\/a>.<\/p>\n","protected":false},"excerpt":{"rendered":"Par Fabien Binacchi Publi\u00e9 le 7 janv. 2026 \u00e0 18h49 Les salari\u00e9s d\u2019Orange \u00e0 Marseille doivent (d\u00e9j\u00e0) retourner&hellip;\n","protected":false},"author":2,"featured_media":642495,"comment_status":"","ping_status":"","sticky":false,"template":"","format":"standard","meta":{"footnotes":""},"categories":[2814],"tags":[1111,11,1777,674,1011,27,884,813,12,738,882,10782,25,104],"class_list":{"0":"post-648211","1":"post","2":"type-post","3":"status-publish","4":"format-standard","5":"has-post-thumbnail","7":"category-marseille","8":"tag-actu","9":"tag-actualites","10":"tag-eu","11":"tag-europe","12":"tag-fr","13":"tag-france","14":"tag-marseille","15":"tag-narcotrafiquants","16":"tag-news","17":"tag-orange","18":"tag-provence-alpes-cote-dazur","19":"tag-quartiers-nord","20":"tag-republique-francaise","21":"tag-societe"},"share_on_mastodon":{"url":"https:\/\/pubeurope.com\/@fr\/115856564834300009","error":""},"_links":{"self":[{"href":"https:\/\/www.europesays.com\/fr\/wp-json\/wp\/v2\/posts\/648211","targetHints":{"allow":["GET"]}}],"collection":[{"href":"https:\/\/www.europesays.com\/fr\/wp-json\/wp\/v2\/posts"}],"about":[{"href":"https:\/\/www.europesays.com\/fr\/wp-json\/wp\/v2\/types\/post"}],"author":[{"embeddable":true,"href":"https:\/\/www.europesays.com\/fr\/wp-json\/wp\/v2\/users\/2"}],"replies":[{"embeddable":true,"href":"https:\/\/www.europesays.com\/fr\/wp-json\/wp\/v2\/comments?post=648211"}],"version-history":[{"count":0,"href":"https:\/\/www.europesays.com\/fr\/wp-json\/wp\/v2\/posts\/648211\/revisions"}],"wp:featuredmedia":[{"embeddable":true,"href":"https:\/\/www.europesays.com\/fr\/wp-json\/wp\/v2\/media\/642495"}],"wp:attachment":[{"href":"https:\/\/www.europesays.com\/fr\/wp-json\/wp\/v2\/media?parent=648211"}],"wp:term":[{"taxonomy":"category","embeddable":true,"href":"https:\/\/www.europesays.com\/fr\/wp-json\/wp\/v2\/categories?post=648211"},{"taxonomy":"post_tag","embeddable":true,"href":"https:\/\/www.europesays.com\/fr\/wp-json\/wp\/v2\/tags?post=648211"}],"curies":[{"name":"wp","href":"https:\/\/api.w.org\/{rel}","templated":true}]}}