{"id":648212,"date":"2026-01-08T00:07:14","date_gmt":"2026-01-08T00:07:14","guid":{"rendered":"https:\/\/www.europesays.com\/fr\/648212\/"},"modified":"2026-01-08T00:07:14","modified_gmt":"2026-01-08T00:07:14","slug":"marseille-un-site-dorange-a-nouveau-ferme-apres-des-tirs-darme-a-feu-sur-la-facade","status":"publish","type":"post","link":"https:\/\/www.europesays.com\/fr\/648212\/","title":{"rendered":"Marseille\u00a0: un site d\u2019Orange \u00e0 nouveau ferm\u00e9 apr\u00e8s des tirs d\u2019arme \u00e0 feu sur la fa\u00e7ade"},"content":{"rendered":"<p class=\"paragraph text_align_left lp-f-body-02\">Il avait ferm\u00e9 fin novembre durant une quinzaine de jours. Le site d\u2019Orange \u00e0 Marseille (<a href=\"https:\/\/www.leparisien.fr\/bouches-du-rhone-13\/\" target=\"_self\" rel=\"noopener\">Bouches-du-Rh\u00f4ne<\/a>), situ\u00e9 dans le quartier sensible de Saint-Mauront, va de nouveau verrouiller ses portes jeudi apr\u00e8s la d\u00e9couverte lundi de plusieurs impacts de balles, indique l\u2019op\u00e9rateur.<\/p>\n<p class=\"\">\u00ab Dans le cadre de l\u2019enqu\u00eate initi\u00e9e lundi, des premiers \u00e9l\u00e9ments sur cet incident ont \u00e9t\u00e9 port\u00e9s \u00e0 notre connaissance hier soir, a indiqu\u00e9 un porte-parole de l\u2019entreprise ce mercredi soir. La s\u00e9curit\u00e9 des collaborateurs \u00e9tant notre priorit\u00e9 absolue et guidant nos d\u00e9cisions, la direction a par cons\u00e9quent pris les mesures suivantes : \u00e0 partir de demain (jeudi) et le temps de l\u2019enqu\u00eate, les collaborateurs doivent travailler sur un autre site du d\u00e9partement ou se mettre en t\u00e9l\u00e9travail. \u00bb<\/p>\n<p class=\"\">En d\u00e9but de semaine, quatre impacts de balles avaient \u00e9t\u00e9 retrouv\u00e9s sur la fa\u00e7ade du site de Saint-Mauront, o\u00f9 travaille en temps normal un millier de salari\u00e9s de l\u2019op\u00e9rateur. Cet incident avait suscit\u00e9 une vive \u00e9motion chez les salari\u00e9s revenus \u00e0 Saint-Mauront.<\/p>\n<p class=\"\">Le 27 novembre, l\u2019entreprise avait d\u00fb se r\u00e9soudre \u00e0 une premi\u00e8re fermeture \u00e0 la suite d\u2019une \u00ab mont\u00e9e des tensions \u00bb dans le quartier, mettant ses salari\u00e9s en t\u00e9l\u00e9travail. Les syndicats avaient d\u00e9nonc\u00e9 des \u00ab bagarres \u00bb et <a href=\"https:\/\/www.leparisien.fr\/faits-divers\/narcotrafic-laurent-nunez-partisan-dune-guerre-similaire-a-celle-contre-le-terrorisme-reviendra-a-marseille-tous-les-mois-20-11-2025-VYO57CP3RNHSLHSJDGVIHSALXU.php\" target=\"_self\" rel=\"noopener\">une emprise du \u00ab narcotrafic \u00bb<\/a> avec la pr\u00e9sence de plusieurs points de deal \u00e0 proximit\u00e9 du site.<\/p>\n<p class=\"title-embed-dailymotion lp-color-text lp-f-subtitle-04\">Vid\u00e9oTrafic de drogue : la dr\u00f4le d&rsquo;affiche saisie \u00e0 Marseille<\/p>\n<p class=\"lp-card-podcast-highlighting__title  lp-f-subtitle-05\">Affaire Saizelet\u00a0: un meurtre inspir\u00e9 par la s\u00e9rie \u00ab\u00a0Columbo\u00a0\u00bb<\/p>\n<p><a class=\"lp-card-podcast-highlighting__call-to-action\" data-page-type=\"HP\" data-block-name=\"podcast-highlight\">\u00c9couter<\/a>La pr\u00e9sence polici\u00e8re renforc\u00e9e<\/p>\n<p class=\"\">Lundi, apr\u00e8s la d\u00e9couverte d\u2019impacts de balles par des agents de s\u00e9curit\u00e9s, la pr\u00e9f\u00e8te de police d\u00e9l\u00e9gu\u00e9e Corinne Simon, s\u2019est rendue sur place alors que des agents proc\u00e9daient aux premi\u00e8res constatations et \u00e0 l\u2019expertise balistique.<\/p>\n<p class=\"\">La pr\u00e9fecture de police avait alors indiqu\u00e9 que \u00ab la date des tirs (n\u2019\u00e9tait) pas connue m\u00eame si tout (laissait) \u00e0 penser que ces faits (s\u2019\u00e9taient) produits en dehors des heures ouvrables \u00bb. La pr\u00e9f\u00e8te avait \u00e9galement annonc\u00e9 qu\u2019elle avait d\u00e9cid\u00e9 de \u00ab renforcer la pr\u00e9sence polici\u00e8re en augmentant rondes et patrouilles \u00bb et \u00e9galement \u00ab une garde statique aux heures d\u2019entr\u00e9e et de sortie du site \u00bb.<\/p>\n<p class=\"\">\u00ab Pas de conclusion \u00e0 ce stade \u00bb au niveau de l\u2019enqu\u00eate initi\u00e9e sur ces nouveaux faits, a pr\u00e9cis\u00e9 ce mercredi soir la pr\u00e9fecture de police.<\/p>\n<p class=\"\">\u00ab Lors d\u2019une r\u00e9union \u00e0 14 heures, le directeur op\u00e9rationnel grand sud, Nicolas Drouillet, nous a annonc\u00e9 que le site serait ferm\u00e9 demain (jeudi) et resterait ferm\u00e9 le temps de l\u2019enqu\u00eate, sans indication de dur\u00e9e \u00bb, a rapport\u00e9 Laurent Bedrossian, membre de la CFE-CGC Orange. Il ajoute que son syndicat \u00ab exige d\u00e9sormais deux choses : l\u2019organisation de la fermeture d\u00e9finitive et l\u2019officialisation du d\u00e9m\u00e9nagement \u00bb.<\/p>\n<p class=\"\">Dans la nuit de dimanche, <a href=\"https:\/\/www.leparisien.fr\/faits-divers\/marseille-des-tirs-en-plein-centre-ville-font-un-mort-et-un-blesse-les-auteurs-en-fuite-04-01-2026-OC5QGBAQONBFDJFPPVU7IW2SKA.php\" target=\"_self\" rel=\"noopener\">des tirs dans le centre-ville de Marseille<\/a> ont fait un mort et un bless\u00e9. Les auteurs ont pris la fuite.<\/p>\n","protected":false},"excerpt":{"rendered":"Il avait ferm\u00e9 fin novembre durant une quinzaine de jours. Le site d\u2019Orange \u00e0 Marseille (Bouches-du-Rh\u00f4ne), situ\u00e9 dans&hellip;\n","protected":false},"author":2,"featured_media":139404,"comment_status":"","ping_status":"","sticky":false,"template":"","format":"standard","meta":{"footnotes":""},"categories":[2814],"tags":[1111,11,459,1777,674,118,1011,27,884,12,882,25],"class_list":{"0":"post-648212","1":"post","2":"type-post","3":"status-publish","4":"format-standard","5":"has-post-thumbnail","7":"category-marseille","8":"tag-actu","9":"tag-actualites","10":"tag-departements-horsidfo","11":"tag-eu","12":"tag-europe","13":"tag-faits-divers","14":"tag-fr","15":"tag-france","16":"tag-marseille","17":"tag-news","18":"tag-provence-alpes-cote-dazur","19":"tag-republique-francaise"},"share_on_mastodon":{"url":"https:\/\/pubeurope.com\/@fr\/115856568726873838","error":""},"_links":{"self":[{"href":"https:\/\/www.europesays.com\/fr\/wp-json\/wp\/v2\/posts\/648212","targetHints":{"allow":["GET"]}}],"collection":[{"href":"https:\/\/www.europesays.com\/fr\/wp-json\/wp\/v2\/posts"}],"about":[{"href":"https:\/\/www.europesays.com\/fr\/wp-json\/wp\/v2\/types\/post"}],"author":[{"embeddable":true,"href":"https:\/\/www.europesays.com\/fr\/wp-json\/wp\/v2\/users\/2"}],"replies":[{"embeddable":true,"href":"https:\/\/www.europesays.com\/fr\/wp-json\/wp\/v2\/comments?post=648212"}],"version-history":[{"count":0,"href":"https:\/\/www.europesays.com\/fr\/wp-json\/wp\/v2\/posts\/648212\/revisions"}],"wp:featuredmedia":[{"embeddable":true,"href":"https:\/\/www.europesays.com\/fr\/wp-json\/wp\/v2\/media\/139404"}],"wp:attachment":[{"href":"https:\/\/www.europesays.com\/fr\/wp-json\/wp\/v2\/media?parent=648212"}],"wp:term":[{"taxonomy":"category","embeddable":true,"href":"https:\/\/www.europesays.com\/fr\/wp-json\/wp\/v2\/categories?post=648212"},{"taxonomy":"post_tag","embeddable":true,"href":"https:\/\/www.europesays.com\/fr\/wp-json\/wp\/v2\/tags?post=648212"}],"curies":[{"name":"wp","href":"https:\/\/api.w.org\/{rel}","templated":true}]}}