{"id":648215,"date":"2026-01-08T00:09:24","date_gmt":"2026-01-08T00:09:24","guid":{"rendered":"https:\/\/www.europesays.com\/fr\/648215\/"},"modified":"2026-01-08T00:09:24","modified_gmt":"2026-01-08T00:09:24","slug":"des-supporters-de-lalgerie-a-lyon-incitent-a-sen-prendre-aux-marocains-et-aux-juifs-la-justice-saisie-par-la-prefete","status":"publish","type":"post","link":"https:\/\/www.europesays.com\/fr\/648215\/","title":{"rendered":"des supporters de l&rsquo;Alg\u00e9rie \u00e0 Lyon incitent \u00e0 s&rsquo;en prendre \u00ab\u00a0aux Marocains et aux Juifs\u00a0\u00bb, la justice saisie par la pr\u00e9f\u00e8te"},"content":{"rendered":"<p>La pr\u00e9f\u00e8te de la r\u00e9gion Auvergne Rh\u00f4ne-Alpes a signal\u00e9 \u00e0 la justice des \u00ab\u00a0propos incitant \u00e0 la haine et \u00e0 la violence\u00a0\u00bb tenus ce mardi par plusieurs personnes \u00e0 Lyon en marge de la victoire de l&rsquo;Alg\u00e9rie face \u00e0 la R\u00e9publique d\u00e9mocratique du Congo en huiti\u00e8me de finale de la CAN 2025.<\/p>\n<p>Au lendemain de la qualification de <a href=\"https:\/\/rmcsport.bfmtv.com\/football\/coupe-d-afrique-des-nations\/algerie-rd-congo-je-quitte-le-stade-en-larmes-l-emotion-de-boulbina-apres-son-but-salvateur_AV-202601070304.html\" title=\"Alg\u00e9rie-RD Congo: &quot;Je quitte le stade en larmes&quot;, l&#039;\u00e9motion de Boulbina apr\u00e8s son but salvateur\" class=\"internal_link\" target=\"_blank\" rel=\"noopener\">l&rsquo;Alg\u00e9rie en quart de finale de la CAN 2025<\/a> apr\u00e8s avoir fait tomber la R\u00e9publique d\u00e9mocratique du Congo \u00e0 la toute fin de la prolongation (1-0), la pr\u00e9f\u00e8te de la r\u00e9gion Auvergne Rh\u00f4ne-Alpes a signal\u00e9 \u00e0 la justice \u00ab\u00a0des propos incitant \u00e0 la haine et \u00e0 la violence ainsi que des propos antis\u00e9mites tenus par un groupe de supporters\u00a0\u00bb \u00e0 Lyon, a appris ce mercredi <a href=\"https:\/\/www.bfmtv.com\/lyon\/\" target=\"_blank\" class=\"external_link\" rel=\"noopener\">BFM Lyon<\/a>, confirmant une information d&rsquo;<a href=\"https:\/\/www.europe1.fr\/Police-Justice\/info-europe-1-can-des-supporters-algeriens-appellent-a-sen-prendre-aux-marocains-et-aux-juifs-la-prefete-de-lyon-signale-la-video-a-la-justice-877842\" target=\"_blank\" class=\"external_link\" rel=\"noopener\">Europe 1<\/a>.<\/p>\n<p>Fabienne Buccio a ainsi saisi l&rsquo;article 40 du Code de proc\u00e9dure p\u00e9nale apr\u00e8s la diffusion d&rsquo;une vid\u00e9o sur les r\u00e9seaux sociaux dans laquelle des supporters de l&rsquo;Alg\u00e9rie chantent: \u00ab\u00a0Ouvrez les fronti\u00e8res, qu&rsquo;on puisse n*quer les Marocains et rajoutez aussi les juifs.\u00a0\u00bb<\/p>\n<p>Un autre signalement en d\u00e9cembre<\/p>\n<p>C&rsquo;est la deuxi\u00e8me fois depuis le d\u00e9but de la CAN au Maroc que la pr\u00e9f\u00e8te signale des propos haineux. Apr\u00e8s <a href=\"https:\/\/rmcsport.bfmtv.com\/football\/coupe-d-afrique-des-nations\/on-dirait-qu-il-est-la-depuis-longtemps-les-algeriens-seduits-par-les-debuts-de-luca-zidane-a-la-can-2025_AV-202512300556.html\" title=\"&quot;On dirait qu\u2019il est l\u00e0 depuis longtemps&quot;: les Alg\u00e9riens s\u00e9duits par les d\u00e9buts de Luca Zidane \u00e0 la CAN 2025\" class=\"internal_link\" target=\"_blank\" rel=\"noopener\">la victoire des Fennecs contre le Burkina Faso (1-0)<\/a> le 28 d\u00e9cembre dernier, l&rsquo;influenceuse franco-alg\u00e9rienne Sofia Benlemmane &#8211; <a href=\"https:\/\/www.bfmtv.com\/lyon\/menaces-de-mort-sur-tiktok-une-influenceuse-franco-algerienne-condamnee-a-9-mois-de-prison-avec-sursis-a-lyon_AD-202504150446.html\" title=\"Menaces de mort sur Tiktok: une influenceuse franco-alg\u00e9rienne condamn\u00e9e \u00e0 9 mois de prison avec sursis \u00e0 Lyon\" class=\"internal_link\" target=\"_blank\" rel=\"noopener\">condamn\u00e9e en avril \u00e0 neuf mois de prison avec sursis pour des menaces de mort<\/a> &#8211; avait publi\u00e9 une vid\u00e9o sur les r\u00e9seaux sociaux en scandant: \u00ab\u00a0Vous nous avez colonis\u00e9s, maintenant vous \u00eates dans la merde. Ce pays est le n\u00f4tre, on fait ce qu\u2019on veut.\u00a0\u00bb<\/p>\n<p>Dans ce cas encore, Fabienne Buccio avait confirm\u00e9 \u00e0 <a href=\"https:\/\/actu.fr\/auvergne-rhone-alpes\/lyon_69123\/lyon-vous-etes-dans-la-merde-l-influenceuse-sofia-benlemmane-fait-polemique-apres-la-victoire-de-l-algerie_63630557.html\" target=\"_blank\" class=\"external_link\" rel=\"noopener\">Actu Lyon<\/a> avoir saisi l&rsquo;article 40. Le procureur de la R\u00e9publique peut d\u00e9sormais choisir d&rsquo;engager ou non des poursuites contre les personnes concern\u00e9es.<\/p>\n","protected":false},"excerpt":{"rendered":"La pr\u00e9f\u00e8te de la r\u00e9gion Auvergne Rh\u00f4ne-Alpes a signal\u00e9 \u00e0 la justice des \u00ab\u00a0propos incitant \u00e0 la haine&hellip;\n","protected":false},"author":2,"featured_media":648216,"comment_status":"","ping_status":"","sticky":false,"template":"","format":"standard","meta":{"footnotes":""},"categories":[1889],"tags":[1111,11,2430,1777,674,1011,27,2428,12,25],"class_list":{"0":"post-648215","1":"post","2":"type-post","3":"status-publish","4":"format-standard","5":"has-post-thumbnail","7":"category-lyon","8":"tag-actu","9":"tag-actualites","10":"tag-auvergne-rhone-alpes","11":"tag-eu","12":"tag-europe","13":"tag-fr","14":"tag-france","15":"tag-lyon","16":"tag-news","17":"tag-republique-francaise"},"share_on_mastodon":{"url":"https:\/\/pubeurope.com\/@fr\/115856576493868743","error":""},"_links":{"self":[{"href":"https:\/\/www.europesays.com\/fr\/wp-json\/wp\/v2\/posts\/648215","targetHints":{"allow":["GET"]}}],"collection":[{"href":"https:\/\/www.europesays.com\/fr\/wp-json\/wp\/v2\/posts"}],"about":[{"href":"https:\/\/www.europesays.com\/fr\/wp-json\/wp\/v2\/types\/post"}],"author":[{"embeddable":true,"href":"https:\/\/www.europesays.com\/fr\/wp-json\/wp\/v2\/users\/2"}],"replies":[{"embeddable":true,"href":"https:\/\/www.europesays.com\/fr\/wp-json\/wp\/v2\/comments?post=648215"}],"version-history":[{"count":0,"href":"https:\/\/www.europesays.com\/fr\/wp-json\/wp\/v2\/posts\/648215\/revisions"}],"wp:featuredmedia":[{"embeddable":true,"href":"https:\/\/www.europesays.com\/fr\/wp-json\/wp\/v2\/media\/648216"}],"wp:attachment":[{"href":"https:\/\/www.europesays.com\/fr\/wp-json\/wp\/v2\/media?parent=648215"}],"wp:term":[{"taxonomy":"category","embeddable":true,"href":"https:\/\/www.europesays.com\/fr\/wp-json\/wp\/v2\/categories?post=648215"},{"taxonomy":"post_tag","embeddable":true,"href":"https:\/\/www.europesays.com\/fr\/wp-json\/wp\/v2\/tags?post=648215"}],"curies":[{"name":"wp","href":"https:\/\/api.w.org\/{rel}","templated":true}]}}