{"id":648221,"date":"2026-01-08T00:13:13","date_gmt":"2026-01-08T00:13:13","guid":{"rendered":"https:\/\/www.europesays.com\/fr\/648221\/"},"modified":"2026-01-08T00:13:13","modified_gmt":"2026-01-08T00:13:13","slug":"municipales-a-paris-sur-tf1-leurodeputee-reconquete-sarah-knafo-annonce-sa-candidature","status":"publish","type":"post","link":"https:\/\/www.europesays.com\/fr\/648221\/","title":{"rendered":"Municipales \u00e0 Paris : sur TF1, l&rsquo;eurod\u00e9put\u00e9e Reconqu\u00eate Sarah Knafo annonce sa candidature"},"content":{"rendered":"<p>Si Sarah Knafo a annonc\u00e9 ce soir sur TF1 sa candidature aux \u00e9lections municipales \u00e0 Paris, en revanche, la d\u00e9put\u00e9e europ\u00e9enne a \u00ab\u00a0exclu\u00a0\u00bb une candidature \u00e0 l&rsquo;\u00e9lection pr\u00e9sidentielle de 2027. \u00ab\u00a0Mon ambition est de redresser Paris, ce qui est un travail \u00e0 plein temps. Si les Parisiens me font confiance, j&rsquo;aurais six ans pour redresser la plus belle capitale du monde\u00a0\u00bb, dit-elle. Un mandat de maire incompatible avec une candidature \u00e0 la pr\u00e9sidentielle, indique-t-elle. \u00ab\u00a0J&rsquo;esp\u00e8re que l&rsquo;on aura un autre candidat pour mon parti Reconqu\u00eate !\u00a0\u00bb poursuit Sarah Knafo. \u00ab\u00a0Eric Zemmour est le candidat naturel\u00a0\u00bb de sa formation, ajoute-t-elle.\u00a0<\/p>\n<p>Sarah Knafo a en outre d\u00e9fendu les positions de son parti. \u00ab\u00a0Nous d\u00e9fendons le &lsquo;d\u00e9penser moins pour taxer moins&rsquo;. Nous sommes le seul parti \u00e0 dire qu&rsquo;il ne faut pas augmenter les imp\u00f4ts d&rsquo;un seul euro, l&rsquo;urgence est de les baisser pour tous les Fran\u00e7ais\u00a0\u00bb gr\u00e2ce \u00e0 un \u00ab\u00a0plan d&rsquo;\u00e9conomies massives\u00a0\u00bb, souligne-t-elle. \u00ab\u00a0Si l&rsquo;on arrive \u00e0 redresser la capitale, on arrivera \u00e0 redresser la France toute enti\u00e8re\u00a0\u00bb, veut-elle croire.<\/p>\n","protected":false},"excerpt":{"rendered":"Si Sarah Knafo a annonc\u00e9 ce soir sur TF1 sa candidature aux \u00e9lections municipales \u00e0 Paris, en revanche,&hellip;\n","protected":false},"author":2,"featured_media":648222,"comment_status":"","ping_status":"","sticky":false,"template":"","format":"standard","meta":{"footnotes":""},"categories":[1888],"tags":[1111,1928,11,1927,1921,4188,1777,674,1011,27,1922,12,1926,626,1925,25,133,4530],"class_list":{"0":"post-648221","1":"post","2":"type-post","3":"status-publish","4":"format-standard","5":"has-post-thumbnail","7":"category-paris","8":"tag-actu","9":"tag-actu-paris","10":"tag-actualites","11":"tag-actualites-paris","12":"tag-article-video","13":"tag-elections-municipales","14":"tag-eu","15":"tag-europe","16":"tag-fr","17":"tag-france","18":"tag-info","19":"tag-news","20":"tag-news-paris","21":"tag-paris","22":"tag-paris-news","23":"tag-republique-francaise","24":"tag-video","25":"tag-video-politique"},"share_on_mastodon":{"url":"https:\/\/pubeurope.com\/@fr\/115856592316555046","error":""},"_links":{"self":[{"href":"https:\/\/www.europesays.com\/fr\/wp-json\/wp\/v2\/posts\/648221","targetHints":{"allow":["GET"]}}],"collection":[{"href":"https:\/\/www.europesays.com\/fr\/wp-json\/wp\/v2\/posts"}],"about":[{"href":"https:\/\/www.europesays.com\/fr\/wp-json\/wp\/v2\/types\/post"}],"author":[{"embeddable":true,"href":"https:\/\/www.europesays.com\/fr\/wp-json\/wp\/v2\/users\/2"}],"replies":[{"embeddable":true,"href":"https:\/\/www.europesays.com\/fr\/wp-json\/wp\/v2\/comments?post=648221"}],"version-history":[{"count":0,"href":"https:\/\/www.europesays.com\/fr\/wp-json\/wp\/v2\/posts\/648221\/revisions"}],"wp:featuredmedia":[{"embeddable":true,"href":"https:\/\/www.europesays.com\/fr\/wp-json\/wp\/v2\/media\/648222"}],"wp:attachment":[{"href":"https:\/\/www.europesays.com\/fr\/wp-json\/wp\/v2\/media?parent=648221"}],"wp:term":[{"taxonomy":"category","embeddable":true,"href":"https:\/\/www.europesays.com\/fr\/wp-json\/wp\/v2\/categories?post=648221"},{"taxonomy":"post_tag","embeddable":true,"href":"https:\/\/www.europesays.com\/fr\/wp-json\/wp\/v2\/tags?post=648221"}],"curies":[{"name":"wp","href":"https:\/\/api.w.org\/{rel}","templated":true}]}}