{"id":648223,"date":"2026-01-08T00:14:27","date_gmt":"2026-01-08T00:14:27","guid":{"rendered":"https:\/\/www.europesays.com\/fr\/648223\/"},"modified":"2026-01-08T00:14:27","modified_gmt":"2026-01-08T00:14:27","slug":"municipales-a-paris-lucie-castets-sera-sur-la-liste-demmanuel-gregoire","status":"publish","type":"post","link":"https:\/\/www.europesays.com\/fr\/648223\/","title":{"rendered":"Municipales \u00e0 Paris\u00a0: Lucie Castets sera sur la liste d\u2019Emmanuel Gr\u00e9goire"},"content":{"rendered":"<p class=\"paragraph text_align_left lp-f-body-02\">\u00ab On prend les m\u00eames et on recommence. \u00bb Cette critique de la droite parisienne face \u00e0 la liste d\u2019union de la gauche pour les <a href=\"https:\/\/www.leparisien.fr\/elections\/municipales\/municipales-paris\/\" target=\"_blank\" rel=\"noreferrer noopener\">\u00e9lections municipales \u00e0 Paris<\/a> du 15 et 22 mars risque de revenir en boucle pendant les dix semaines de campagne \u00e0 venir. En <a href=\"https:\/\/www.leparisien.fr\/elections\/municipales\/municipales-nous-voulons-ouvrir-une-nouvelle-page-pour-paris-promet-emmanuel-gregoire-candidat-de-la-gauche-18-12-2025-4RQRB4M4XZHO7H7WP5W5RLUXOA.php\" target=\"_blank\" rel=\"noreferrer noopener\">scellant une alliance<\/a> (in\u00e9dite au premier tour) avec les Verts repr\u00e9sent\u00e9s par David Belliard et les communistes de Ian Brossat, le candidat (PS) <a href=\"https:\/\/www.leparisien.fr\/politique\/emmanuel-gregoire\/\" target=\"_blank\" rel=\"noreferrer noopener\">Emmanuel Gr\u00e9goire<\/a> installe en effet une situation cocasse : trois anciens adjoints d\u2019Hidalgo s\u2019unissent pour tenter de lui succ\u00e9der \u00e0 l\u2019H\u00f4tel de Ville.<\/p>\n<p class=\"\">Une image en l\u00e9g\u00e8re contradiction avec le souhait <a href=\"https:\/\/www.leparisien.fr\/elections\/municipales\/chacun-fait-sa-vie-pour-les-municipales-a-paris-hidalgo-soutiendra-t-elle-emmanuel-gregoire-le-candidat-ps-28-09-2025-WIC4QKFYYBELBA7TAEK4I7XLPU.php\" target=\"_blank\" rel=\"noreferrer noopener\">de changement (de m\u00e9thode<\/a>) et de renouvellement que pr\u00f4ne l\u2019\u00e9quipe d\u2019Emmanuel Gr\u00e9goire. D\u2019autant plus que seraient en position \u00e9ligible, sur la liste d\u2019union, 20 des 31 adjoints actuels d\u2019Anne Hidalgo. \u00ab Des adjoints totem partent, mais il est normal que l\u2019on retrouve ceux qui ont men\u00e9 de grands combats et grandes transformations \u00bb, d\u00e9fend un \u00e9cologiste.<\/p>\n","protected":false},"excerpt":{"rendered":"\u00ab On prend les m\u00eames et on recommence. \u00bb Cette critique de la droite parisienne face \u00e0 la&hellip;\n","protected":false},"author":2,"featured_media":648224,"comment_status":"","ping_status":"","sticky":false,"template":"","format":"standard","meta":{"footnotes":""},"categories":[1888],"tags":[11,5949,1777,674,1011,27,3554,12,626,316,25],"class_list":{"0":"post-648223","1":"post","2":"type-post","3":"status-publish","4":"format-standard","5":"has-post-thumbnail","7":"category-paris","8":"tag-actualites","9":"tag-elections","10":"tag-eu","11":"tag-europe","12":"tag-fr","13":"tag-france","14":"tag-municipales","15":"tag-news","16":"tag-paris","17":"tag-politique","18":"tag-republique-francaise"},"share_on_mastodon":{"url":"https:\/\/pubeurope.com\/@fr\/115856596239954965","error":""},"_links":{"self":[{"href":"https:\/\/www.europesays.com\/fr\/wp-json\/wp\/v2\/posts\/648223","targetHints":{"allow":["GET"]}}],"collection":[{"href":"https:\/\/www.europesays.com\/fr\/wp-json\/wp\/v2\/posts"}],"about":[{"href":"https:\/\/www.europesays.com\/fr\/wp-json\/wp\/v2\/types\/post"}],"author":[{"embeddable":true,"href":"https:\/\/www.europesays.com\/fr\/wp-json\/wp\/v2\/users\/2"}],"replies":[{"embeddable":true,"href":"https:\/\/www.europesays.com\/fr\/wp-json\/wp\/v2\/comments?post=648223"}],"version-history":[{"count":0,"href":"https:\/\/www.europesays.com\/fr\/wp-json\/wp\/v2\/posts\/648223\/revisions"}],"wp:featuredmedia":[{"embeddable":true,"href":"https:\/\/www.europesays.com\/fr\/wp-json\/wp\/v2\/media\/648224"}],"wp:attachment":[{"href":"https:\/\/www.europesays.com\/fr\/wp-json\/wp\/v2\/media?parent=648223"}],"wp:term":[{"taxonomy":"category","embeddable":true,"href":"https:\/\/www.europesays.com\/fr\/wp-json\/wp\/v2\/categories?post=648223"},{"taxonomy":"post_tag","embeddable":true,"href":"https:\/\/www.europesays.com\/fr\/wp-json\/wp\/v2\/tags?post=648223"}],"curies":[{"name":"wp","href":"https:\/\/api.w.org\/{rel}","templated":true}]}}