{"id":648235,"date":"2026-01-08T00:20:21","date_gmt":"2026-01-08T00:20:21","guid":{"rendered":"https:\/\/www.europesays.com\/fr\/648235\/"},"modified":"2026-01-08T00:20:21","modified_gmt":"2026-01-08T00:20:21","slug":"arnaud-kalimuendo-part-se-relancer-en-allemagne-allemagne-eintracht-francfort","status":"publish","type":"post","link":"https:\/\/www.europesays.com\/fr\/648235\/","title":{"rendered":"Arnaud Kalimuendo part se relancer en Allemagne &#8211; Allemagne &#8211; Eintracht Francfort"},"content":{"rendered":"<p><a target=\"_blank\" href=\"https:\/\/www.sofoot.com\/articles\/pourquoi-les-attaquants-issus-de-la-ligue-1-choisissent-la-bundesliga-pour-se-relancer\" rel=\"noopener\">Dans la terre favorite pour attaquants fran\u00e7ais en m\u00e9forme<\/a>.<\/p>\n<p>En effet, \u00e7a ne fonctionnait pas tr\u00e8s fort ces derniers mois pour Arnaud Kalimuendo, qui gal\u00e9rait du c\u00f4t\u00e9 de Nottingham Forest. Z\u00e9ro but en neuf rencontres de Premier League cette saison (tout de m\u00eame deux en quatre matchs de C3), c\u2019est tr\u00e8s l\u00e9ger pour un investissement estival de 30 millions d\u2019euros. Pour rem\u00e9dier \u00e0 ce passage \u00e0 vide, <strong>l\u2019ancien Rennais a \u00e9t\u00e9 pr\u00eat\u00e9 pour le reste de l\u2019exercice \u00e0 l\u2019Eintracht Francfort, avec option d\u2019achat<\/strong>.<\/p>\n<p>Encore un Fran\u00e7ais pour mener l\u2019attaque de l\u2019Eintracht<\/p>\n<p>Une solution \u00e0 possible long terme pour le club allemand, qui tient son rempla\u00e7ant <a target=\"_blank\" href=\"https:\/\/www.sofoot.com\/breves\/nice-officialise-larrivee-delye-wahi\" rel=\"noopener\">d\u2019Elye Wahi<\/a>, parti lui aussi en pr\u00eat \u00e0 Nice. L\u2019actuel septi\u00e8me de Bundesliga cherche toujours <a target=\"_blank\" href=\"https:\/\/www.sofoot.com\/articles\/eintracht-francfort-hugo-ekitike-la-cure-de-jouvence-allemande\" rel=\"noopener\">le digne rempla\u00e7ant de Hugo Ekitik\u00e9<\/a>, et renouvelle surtout sa confiance envers les attaquants fran\u00e7ais. <a target=\"_blank\" href=\"https:\/\/www.sofoot.com\/breves\/mercato-lattaquant-arnaud-kalimuendo-attendu-en-pret-a-leintracht-francfort\" rel=\"noopener\">Le club lorgnait sur l\u2019international Espoirs depuis le d\u00e9but du mercato<\/a>.<\/p>\n<p>En ce sens, le directeur sportif de l\u2019Eintracht Markus Kr\u00f6sche a \u00e9t\u00e9 s\u00e9duit par le profil de Kalimuendo : \u00ab\u202fIl allie vitesse, appels en profondeur et sens du but \u00e0 un travail d\u00e9fensif remarquable. Surtout, il s\u2019int\u00e8gre parfaitement \u00e0 notre \u00e9quipe, tant par son style de jeu que par son caract\u00e8re.\u202f\u00bb<\/p>\n<p>R\u00e9ussira-t-il l\u00e0 o\u00f9 Wahi a \u00e9chou\u00e9 ?<\/p>\n<p>\t\t\t\t\t\t\t\t\t\t<a class=\"lien-connexe\" href=\"https:\/\/www.sofoot.com\/breves\/mercato-lattaquant-arnaud-kalimuendo-attendu-en-pret-a-leintracht-francfort\" target=\"_blank\" rel=\"noopener\">L\u2019Eintracht Francfort en passe d\u2019attirer un nouvel attaquant fran\u00e7ais<\/a>\t\t\t\t\t<\/p>\n","protected":false},"excerpt":{"rendered":"Dans la terre favorite pour attaquants fran\u00e7ais en m\u00e9forme. En effet, \u00e7a ne fonctionnait pas tr\u00e8s fort ces&hellip;\n","protected":false},"author":2,"featured_media":648236,"comment_status":"","ping_status":"","sticky":false,"template":"","format":"standard","meta":{"footnotes":""},"categories":[1587],"tags":[47,11,61,672,69,1804,65,1805,1803,64,1777,674,63,1801,68,66,12,62,70,1802,67],"class_list":{"0":"post-648235","1":"post","2":"type-post","3":"status-publish","4":"format-standard","5":"has-post-thumbnail","7":"category-allemagne","8":"tag-actualite","9":"tag-actualites","10":"tag-actus-football","11":"tag-allemagne","12":"tag-bundesliga","13":"tag-bundesrepublik-deutschland","14":"tag-championnats-europeens","15":"tag-de","16":"tag-deutschland","17":"tag-equipe-de-france","18":"tag-eu","19":"tag-europe","20":"tag-football","21":"tag-germany","22":"tag-ligua","23":"tag-ligue-1","24":"tag-news","25":"tag-news-foot","26":"tag-premier-league","27":"tag-republique-federale-dallemagne","28":"tag-serie-a"},"share_on_mastodon":{"url":"https:\/\/pubeurope.com\/@fr\/115856619892072099","error":""},"_links":{"self":[{"href":"https:\/\/www.europesays.com\/fr\/wp-json\/wp\/v2\/posts\/648235","targetHints":{"allow":["GET"]}}],"collection":[{"href":"https:\/\/www.europesays.com\/fr\/wp-json\/wp\/v2\/posts"}],"about":[{"href":"https:\/\/www.europesays.com\/fr\/wp-json\/wp\/v2\/types\/post"}],"author":[{"embeddable":true,"href":"https:\/\/www.europesays.com\/fr\/wp-json\/wp\/v2\/users\/2"}],"replies":[{"embeddable":true,"href":"https:\/\/www.europesays.com\/fr\/wp-json\/wp\/v2\/comments?post=648235"}],"version-history":[{"count":0,"href":"https:\/\/www.europesays.com\/fr\/wp-json\/wp\/v2\/posts\/648235\/revisions"}],"wp:featuredmedia":[{"embeddable":true,"href":"https:\/\/www.europesays.com\/fr\/wp-json\/wp\/v2\/media\/648236"}],"wp:attachment":[{"href":"https:\/\/www.europesays.com\/fr\/wp-json\/wp\/v2\/media?parent=648235"}],"wp:term":[{"taxonomy":"category","embeddable":true,"href":"https:\/\/www.europesays.com\/fr\/wp-json\/wp\/v2\/categories?post=648235"},{"taxonomy":"post_tag","embeddable":true,"href":"https:\/\/www.europesays.com\/fr\/wp-json\/wp\/v2\/tags?post=648235"}],"curies":[{"name":"wp","href":"https:\/\/api.w.org\/{rel}","templated":true}]}}