{"id":648241,"date":"2026-01-08T00:23:13","date_gmt":"2026-01-08T00:23:13","guid":{"rendered":"https:\/\/www.europesays.com\/fr\/648241\/"},"modified":"2026-01-08T00:23:13","modified_gmt":"2026-01-08T00:23:13","slug":"a-lecoute-leon-xiv-a-ouvert-le-consistoire-proposant-aux-cardinaux-de-travailler-ensemble","status":"publish","type":"post","link":"https:\/\/www.europesays.com\/fr\/648241\/","title":{"rendered":"\u00c0 l&rsquo;\u00e9coute, L\u00e9on XIV a ouvert le consistoire, proposant aux cardinaux de travailler ensemble"},"content":{"rendered":"<p>Le Pape a donn\u00e9 le coup d&rsquo;envoi des travaux du consistoire extraordinaire cet apr\u00e8s-midi au Vatican. Dans un discours adress\u00e9 aux membres du Coll\u00e8ge cardinalice, L\u00e9on XIV se dit \u00e0 l\u2019\u00e9coute, mais indique la synodalit\u00e9 est \u00able chemin que Dieu demande \u00e0 l&rsquo;\u00c9glise du troisi\u00e8me mill\u00e9naire\u00bb. Il invite \u00e0 l&rsquo;unit\u00e9 qui \u00abattire\u00bb alors que \u00abla division disperse\u00bb. \u00abDe la mani\u00e8re dont nous apprenons \u00e0 travailler ensemble peut na\u00eetre quelque chose de nouveau, qui met en jeu le pr\u00e9sent et l&rsquo;avenir\u00bb, a-t-il estim<\/p>\n<p><b>Salvatore Cernuzio &#8211; Cit\u00e9 du Vatican<\/b><\/p>\n<p>\u00abJe suis ici pour \u00e9couter\u00bb a assur\u00e9 le Pape L\u00e9on XIV, \u00e0 l\u2019ouverture du consistoire extraordinaire qu&rsquo;il a convoqu\u00e9 ces 7 et 8 janvier au Vatican. Dans un discours adress\u00e9 aux 245 cardinaux invit\u00e9s \u00e0 prendre part \u00e0 cette rencontre \u00e0 huis clos, il a indiqu\u00e9 comme m\u00e9thode de travail celle apprise lors des deux assembl\u00e9es du Synode des \u00e9v\u00eaques (2023 et 2024), \u00e0 savoir l&rsquo;\u00e9coute. \u00abNous ne devons pas aboutir \u00e0 un texte, mais mener une conversation qui m&rsquo;aide dans mon service pour la mission de l&rsquo;\u00c9glise tout enti\u00e8re\u00bb, a d\u00e9clar\u00e9 le Souverain pontife dans son discours d&rsquo;ouverture en salle du Synode, o\u00f9 ont r\u00e9pondu pr\u00e9sents la plupart des membres du Coll\u00e8ge cardinalice.<\/p>\n<p>    <img decoding=\"async\" src=\"data:image\/gif;base64,R0lGODlhAQABAIAAAAAAAP\/\/\/yH5BAEAAAAALAAAAAABAAEAAAIBRAA7\" data-original=\"https:\/\/www.vaticannews.va\/content\/dam\/vaticannews\/agenzie\/images\/srv\/2026\/01\/07\/2026-01-07-concistoro-straordinario\/1767799638803.JPG\/_jcr_content\/renditions\/cq5dam.thumbnail.cropped.750.422.jpeg\" alt=\"\u00c0 l'ouverture du consistoire, ce mercredi 7 janvier 2026.\" title=\"\u00c0 l'ouverture du consistoire, ce mercredi 7 janvier 2026.\"\/><\/p>\n<p>\n   \u00c0 l&rsquo;ouverture du consistoire, ce mercredi 7 janvier 2026. \u00a0 (@Vatican Media)\n  <\/p>\n<p>\u00abChaque moment de ce type est une occasion d&rsquo;approfondir notre appr\u00e9ciation commune de la synodalit\u00e9\u00bb, a soulign\u00e9 le Pape.<\/p>\n<blockquote>\n<p>\u201cLe chemin de la synodalit\u00e9 est le chemin que Dieu attend de l&rsquo;\u00c9glise du troisi\u00e8me mill\u00e9naire\u201d<\/p>\n<\/blockquote>\n<p><b>Une pr\u00e9figuration du chemin \u00e0 venir<\/b> <\/p>\n<p>\u00abCette journ\u00e9e et demie que nous passons ensemble sera une pr\u00e9figuration de notre chemin \u00e0 venir\u00bb, a-t-il soulign\u00e9. \u00abM\u00eame la mani\u00e8re dont nous apprenons \u00e0 travailler ensemble, dans la fraternit\u00e9 et l&rsquo;amiti\u00e9 sinc\u00e8re, peut \u00eatre le d\u00e9but de quelque chose de nouveau, qui met en jeu le pr\u00e9sent et l&rsquo;avenir\u00bb, estime-t-il.<\/p>\n<p>Le Pape a r\u00e9affirm\u00e9 aux cardinaux la nature et les objectifs de ce rendez-vous important: \u00abUn moment de communion et de fraternit\u00e9, de r\u00e9flexion et de partage, visant \u00e0 soutenir et \u00e0 conseiller le Pape dans la lourde responsabilit\u00e9 du gouvernement de l&rsquo;\u00c9glise universelle\u00bb.<\/p>\n<p>    <img decoding=\"async\" src=\"data:image\/gif;base64,R0lGODlhAQABAIAAAAAAAP\/\/\/yH5BAEAAAAALAAAAAABAAEAAAIBRAA7\" data-original=\"https:\/\/www.vaticannews.va\/content\/dam\/vaticannews\/agenzie\/images\/srv\/2026\/01\/07\/2026-01-07-concistoro-straordinario\/1767799612631.JPG\/_jcr_content\/renditions\/cq5dam.thumbnail.cropped.750.422.jpeg\" alt=\"\u00c0 l'ouverture du consistoire, ce mercredi 7 janvier 2026.\" title=\"\u00c0 l'ouverture du consistoire, ce mercredi 7 janvier 2026.\"\/><\/p>\n<p>\n   \u00c0 l&rsquo;ouverture du consistoire, ce mercredi 7 janvier 2026. \u00a0 (@Vatican Media)\n  <\/p>\n<p><b>Mission, Praedicate Evangelium, Synode, liturgie<\/b> <\/p>\n<p>Quatre th\u00e8mes seront au centre de la r\u00e9flexion collective. Tout d&rsquo;abord, Evangelii Gaudium, l&rsquo;exhortation apostolique qui fut la feuille de route au pontificat de Fran\u00e7ois, qui reste \u00abla mission de l&rsquo;\u00c9glise dans le monde d&rsquo;aujourd&rsquo;hui\u00bb, a expliqu\u00e9 L\u00e9on. Ensuite, il faudra discuter de la constitution apostolique Praedicate Evangelium, notamment du \u00abservice\u00bb rendu par le Saint-Si\u00e8ge, \u00abplus sp\u00e9cifiquement aux \u00c9glises particuli\u00e8res\u00bb. Ensuite, les th\u00e8mes du \u00abSynode et de la synodalit\u00e9, instrument et style de collaboration\u00bb et de la \u00abliturgie, source et sommet de la vie chr\u00e9tienne\u00bb.<\/p>\n<p>Pour des raisons de temps et afin de favoriser un v\u00e9ritable approfondissement, seuls deux de ces th\u00e8mes feront l&rsquo;objet d&rsquo;une discussion sp\u00e9cifique. Les cardinaux, r\u00e9partis en 21 groupes, contribueront au choix des th\u00e8mes, mais \u00abcomme il m&rsquo;est plus facile de demander conseil \u00e0 ceux qui travaillent \u00e0 la Curie et vivent \u00e0 Rome, les groupes qui feront un rapport seront les 9 provenant des \u00c9glises locales\u00bb a expliqu\u00e9 le Pape.<\/p>\n<blockquote>\n<p>\u201cLes th\u00e8mes choisis seront approfondis \u00e0 partir d&rsquo;une question guide: En regardant le cheminement des deux prochaines ann\u00e9es, quelles attentions et priorit\u00e9s pourraient orienter l&rsquo;action du Saint-P\u00e8re et de la Curie sur cette question ?\u201d<\/p>\n<\/blockquote>\n<p><b>\u00abNon multa sed multum !\u00bb<\/b> <\/p>\n<p>Le Pape lui-m\u00eame explique la mani\u00e8re de proc\u00e9der au Consistoire: \u00ab\u00c9couter l&rsquo;esprit, le c\u0153ur et l&rsquo;\u00e2me de chacun ; s&rsquo;\u00e9couter les uns les autres ; n&rsquo;exprimer que le point principal et de mani\u00e8re tr\u00e8s br\u00e8ve, afin que tous puissent s&rsquo;exprimer\u00bb. \u00abNon multa sed multum !\u00bb, dit-il, citant les anciens Romains. Et il souligne qu&rsquo;\u00ab\u00e0 l&rsquo;avenir, ce style d&rsquo;\u00e9coute r\u00e9ciproque, en recherchant la guidance du Saint-Esprit et en marchant ensemble, continuera d&rsquo;\u00eatre d&rsquo;une grande aide pour le minist\u00e8re p\u00e9trinien qui m&rsquo;a \u00e9t\u00e9 confi\u00e9\u00bb.<\/p>\n<p>    <img decoding=\"async\" src=\"data:image\/gif;base64,R0lGODlhAQABAIAAAAAAAP\/\/\/yH5BAEAAAAALAAAAAABAAEAAAIBRAA7\" data-original=\"https:\/\/www.vaticannews.va\/content\/dam\/vaticannews\/agenzie\/images\/srv\/2026\/01\/07\/2026-01-07-concistoro-straordinario\/1767806198880.JPG\/_jcr_content\/renditions\/cq5dam.thumbnail.cropped.750.422.jpeg\" alt=\"Lors du consistoire, ce vendredi 7 janvier 2026.\" title=\"Lors du consistoire, ce vendredi 7 janvier 2026.\"\/><\/p>\n<p>\n   Lors du consistoire, ce vendredi 7 janvier 2026. \u00a0 (@Vatican Media)\n  <\/p>\n<p><b>L&rsquo;enseignement de Lumen Gentium<\/b> <\/p>\n<p>L\u00e9on XIV s&rsquo;inspire ensuite de Lumen Gentium, la constitution du Concile Vatican II, pour r\u00e9affirmer que la \u00abvision\u00bb de la lumi\u00e8re du Seigneur \u00abpermet \u00e0 tous les peuples de marcher dans les t\u00e9n\u00e8bres du monde\u00bb. Une vision qui a trouv\u00e9 son expression dans les pontificats de saint Paul VI et de saint Jean-Paul II et que Beno\u00eet XVI et Fran\u00e7ois ont \u00e9galement reprise et relanc\u00e9e, la r\u00e9sumant en un mot: attraction.<\/p>\n<p><b>La force de l&rsquo;attraction<\/b> <\/p>\n<p>Le Pape Beno\u00eet XVI, a rappel\u00e9 L\u00e9on XIV, l&rsquo;a fait dans son hom\u00e9lie d&rsquo;ouverture de la Conf\u00e9rence d&rsquo;Aparecida (2007), lorsqu&rsquo;il a prononc\u00e9 la phrase c\u00e9l\u00e8bre: \u00abL&rsquo;\u00c9glise ne fait pas de pros\u00e9lytisme. Elle se d\u00e9veloppe plut\u00f4t par attraction\u00bb. Le Pape Fran\u00e7ois s&rsquo;est trouv\u00e9 \u00abparfaitement d&rsquo;accord\u00bb avec cette approche et l&rsquo;a r\u00e9p\u00e9t\u00e9e \u00e0 plusieurs reprises dans diff\u00e9rents contextes. L\u00e9on XIV la reprend \u00e0 son tour et la partage avec les cardinaux, expliquant \u2013 toujours inspir\u00e9 par Beno\u00eet XVI \u2013 que la \u00abforce\u00bb qui pr\u00e9side \u00e0 ce mouvement d&rsquo;attraction est la Charis, l&rsquo;Agap\u00e8, l&rsquo;Amour de Dieu incarn\u00e9 dans le Christ et donn\u00e9 \u00e0 l&rsquo;\u00c9glise.<\/p>\n<blockquote>\n<p>\u201cEn effet, ce n&rsquo;est pas l&rsquo;\u00c9glise qui attire, mais le Christ, et si un chr\u00e9tien ou une communaut\u00e9 eccl\u00e9siale attire, c&rsquo;est parce que c&rsquo;est \u00e0 travers ce \u00ab canal \u00bb que passe la s\u00e8ve vitale de la Charit\u00e9 qui jaillit du C\u0153ur du Sauveur.\u201d<\/p>\n<\/blockquote>\n<p>Il est significatif, \u00e0 cet \u00e9gard, que le Pape Fran\u00e7ois ait commenc\u00e9 son pontificat avec Evangelii gaudium \u00absur l&rsquo;annonce de l&rsquo;\u00c9vangile dans le monde actuel\u00bb et l&rsquo;ait conclu avec Dilexit nos \u00absur l&rsquo;amour divin et humain du C\u0153ur du Christ\u00bb.<\/p>\n<p><b>Mod\u00e8le de coll\u00e9gialit\u00e9<\/b> <\/p>\n<p>\u00abL&rsquo;unit\u00e9 attire, la division disperse\u00bb, a soulign\u00e9 le Souverain pontife, \u00abil me semble que cela se v\u00e9rifie \u00e9galement en physique, tant dans le microcosme que dans le macrocosme\u00bb. Ainsi, \u00abpour \u00eatre une \u00c9glise v\u00e9ritablement missionnaire, c&rsquo;est-\u00e0-dire capable de t\u00e9moigner de la force attractive de la charit\u00e9 du Christ, nous devons avant tout mettre en pratique son commandement: \u2018Comme je vous ai aim\u00e9s, aimez-vous les uns les autres\u2019\u00bb.<\/p>\n<p>C&rsquo;est donc, pour le Pape L\u00e9on XIV, le point de d\u00e9part de ce premier consistoire et du chemin coll\u00e9gial \u00e0 parcourir. \u00abNous sommes un groupe tr\u00e8s h\u00e9t\u00e9rog\u00e8ne, enrichi par des origines, des cultures, des traditions eccl\u00e9siales et sociales, des parcours de formation et universitaires, des exp\u00e9riences pastorales et, bien s\u00fbr, des caract\u00e8res et des traits personnels multiples\u00bb, a-t-il soulign\u00e9. \u00abNous sommes appel\u00e9s avant tout \u00e0 nous conna\u00eetre et \u00e0 dialoguer afin de pouvoir travailler ensemble au service de l&rsquo;\u00c9glise\u00bb.<\/p>\n<p>\u00a0<\/p>\n","protected":false},"excerpt":{"rendered":"Le Pape a donn\u00e9 le coup d&rsquo;envoi des travaux du consistoire extraordinaire cet apr\u00e8s-midi au Vatican. Dans un&hellip;\n","protected":false},"author":2,"featured_media":648242,"comment_status":"","ping_status":"","sticky":false,"template":"","format":"standard","meta":{"footnotes":""},"categories":[2],"tags":[11,18362,72395,1011,27,75345,12,20114,25,75344],"class_list":{"0":"post-648241","1":"post","2":"type-post","3":"status-publish","4":"format-standard","5":"has-post-thumbnail","7":"category-actualites","8":"tag-actualites","9":"tag-cardinaux","10":"tag-consistoire","11":"tag-fr","12":"tag-france","13":"tag-liturgie","14":"tag-news","15":"tag-pape-leon-xiv","16":"tag-republique-francaise","17":"tag-synodalite"},"share_on_mastodon":{"url":"https:\/\/pubeurope.com\/@fr\/115856631629820072","error":""},"_links":{"self":[{"href":"https:\/\/www.europesays.com\/fr\/wp-json\/wp\/v2\/posts\/648241","targetHints":{"allow":["GET"]}}],"collection":[{"href":"https:\/\/www.europesays.com\/fr\/wp-json\/wp\/v2\/posts"}],"about":[{"href":"https:\/\/www.europesays.com\/fr\/wp-json\/wp\/v2\/types\/post"}],"author":[{"embeddable":true,"href":"https:\/\/www.europesays.com\/fr\/wp-json\/wp\/v2\/users\/2"}],"replies":[{"embeddable":true,"href":"https:\/\/www.europesays.com\/fr\/wp-json\/wp\/v2\/comments?post=648241"}],"version-history":[{"count":0,"href":"https:\/\/www.europesays.com\/fr\/wp-json\/wp\/v2\/posts\/648241\/revisions"}],"wp:featuredmedia":[{"embeddable":true,"href":"https:\/\/www.europesays.com\/fr\/wp-json\/wp\/v2\/media\/648242"}],"wp:attachment":[{"href":"https:\/\/www.europesays.com\/fr\/wp-json\/wp\/v2\/media?parent=648241"}],"wp:term":[{"taxonomy":"category","embeddable":true,"href":"https:\/\/www.europesays.com\/fr\/wp-json\/wp\/v2\/categories?post=648241"},{"taxonomy":"post_tag","embeddable":true,"href":"https:\/\/www.europesays.com\/fr\/wp-json\/wp\/v2\/tags?post=648241"}],"curies":[{"name":"wp","href":"https:\/\/api.w.org\/{rel}","templated":true}]}}