{"id":648260,"date":"2026-01-08T00:38:18","date_gmt":"2026-01-08T00:38:18","guid":{"rendered":"https:\/\/www.europesays.com\/fr\/648260\/"},"modified":"2026-01-08T00:38:18","modified_gmt":"2026-01-08T00:38:18","slug":"je-nai-absolument-rien-compris-marlene-schaff","status":"publish","type":"post","link":"https:\/\/www.europesays.com\/fr\/648260\/","title":{"rendered":"\u201cJe n\u2019ai absolument rien compris\u201d, Marl\u00e8ne Schaff &#8230;"},"content":{"rendered":"<p>EN BREF<\/p>\n<ul class=\"bloc_resume_post_list\">\n<li>Marl\u00e8ne Schaff critique s\u00e9v\u00e8rement l\u2019\u00e9valuation th\u00e9\u00e2trale<br \/>\nde Sarah<\/li>\n<li>Le reste du corps professoral d\u00e9fend la prestation de<br \/>\nl\u2019acad\u00e9micienne<\/li>\n<li>Gr\u00e2ce \u00e0 son immunit\u00e9, Sarah \u00e9chappe aux nominations<br \/>\nmalgr\u00e9 les d\u00e9bats<\/li>\n<\/ul>\n<p data-start=\"360\" data-end=\"748\">Dans la quotidienne de la<br \/>\nStar Academy 2025,<\/p>\n<p>Marl\u00e8ne Schaff s\u2019est retrouv\u00e9e en d\u00e9saccord avec le reste du<br \/>\ncorps professoral. Dans cet \u00e9pisode, les t\u00e9l\u00e9spectateurs ont<br \/>\nd\u00e9couvert les \u00e9valuations de<br \/>\nSarah,<br \/>\nVictor et<br \/>\nL\u00e9a. Et l\u2019une d\u2019entre elles n\u2019a pas fait l\u2019unanimit\u00e9.<\/p>\n<p data-start=\"750\" data-end=\"1078\">Pour cette nouvelle semaine, la<br \/>\npression est mont\u00e9e d\u2019un cran pour les acad\u00e9miciens encore en lice.<br \/>\nIl faut dire que les demi-finales se rapprochent \u00e0 grands pas, et<br \/>\nque l\u2019\u00e9l\u00e8ve immunis\u00e9 cette semaine sera le premier \u00e0 d\u00e9crocher sa<br \/>\nplace pour le carr\u00e9 final. Alors forc\u00e9ment, les professeurs ont \u00e9t\u00e9<br \/>\nattentifs au moindre d\u00e9tail.<\/p>\n<p>Quelle chanson Sarah (Star<br \/>\nAcademy) a-t-elle choisie pour son \u00e9valuation ?<\/p>\n<p data-start=\"1160\" data-end=\"1738\">Ils ne sont plus que six<br \/>\nencore en lice. Apr\u00e8s <strong>l\u2019\u00e9limination de Th\u00e9o P. suite au<br \/>\n200e prime,<\/strong> Anouk, Ambre, Bastiaan, Victor, L\u00e9a et Sarah<br \/>\nsont les derniers \u00e9l\u00e8ves encore en comp\u00e9tition. Au lendemain du<br \/>\nprime,<br \/>\nMichael Goldman a annonc\u00e9 le th\u00e8me de la semaine : celui du<br \/>\nd\u00e9fi des professeurs. Pour <a href=\"https:\/\/www.telestar.fr\/tele_realite\/star-academy-ils-ont-pisse-la-fin-devaluation-dambre-est-a-garder-dans-les-annales-1750242\" target=\"_blank\" rel=\"noopener\"><br \/>\nles \u00e9valuations,<\/a> les acad\u00e9miciens ont d\u00fb choisir une chanson<br \/>\nparmi une liste impos\u00e9e. Petite subtilit\u00e9 : ils ne pouvaient pas<br \/>\nchoisir la m\u00eame. Une fois leur choix fait, ils ont d\u00fb chanter,<br \/>\ninventer une chor\u00e9graphie et une sc\u00e9nette de th\u00e9\u00e2tre sur ce m\u00eame<br \/>\ntitre.<\/p>\n<p data-start=\"1740\" data-end=\"2218\">Apr\u00e8s avoir gagn\u00e9 la battle du<br \/>\ntop 3 lors du dernier prime, Sarah \u00e9tait immunis\u00e9e. Cependant, elle<br \/>\na tout de m\u00eame pass\u00e9 les \u00e9valuations, pour tenter de figurer \u00e0<br \/>\nnouveau parmi les meilleurs \u00e9l\u00e8ves. C\u2019est sur Dors de<br \/>\nClara Luciani que l\u2019acad\u00e9micienne a perform\u00e9 face au corps<br \/>\nprofessoral. Alors qu<a href=\"https:\/\/www.telestar.fr\/tele_realite\/star-academy-sofia-morgavi-fait-une-sacree-bourde-et-revele-une-information-decisive-par-erreur-1750322\" target=\"_blank\" rel=\"noopener\">e<\/p>\n<p>Sofia Morgavi avait par m\u00e9garde d\u00e9voil\u00e9 sa note sur les<br \/>\nr\u00e9seaux sociaux,<\/a> Marl\u00e8ne Schaff a sembl\u00e9 dubitative suite \u00e0 sa<br \/>\nprestation.<\/p>\n<p>Star<br \/>\nAcademy : une \u00e9valuation en demi-teinte pour Sarah<\/p>\n<p data-start=\"2281\" data-end=\"2595\">Si <a href=\"https:\/\/www.telestar.fr\/tele_realite\/star_academy\/star-academy-marlene-schaff-endeuillee-son-message-poignant-te-demande-pardon-1749467\" target=\"_blank\" rel=\"noopener\"><br \/>\nla professeure d\u2019expression sc\u00e9nique<\/a> a \u00e9t\u00e9 conquise par sa<br \/>\nprestation en chant, il en est tout autre concernant l\u2019\u00e9valuation<br \/>\nde th\u00e9\u00e2tre : \u00ab C\u2019\u00e9tait<br \/>\nd\u00e9licieux de l\u2019entendre sur ce genre de m\u00e9lodie, sur un texte \u00e9pur\u00e9<br \/>\ncomme \u00e7a, <strong>mais au niveau de l\u2019histoire, je n\u2019ai absolument<br \/>\nrien compris<\/strong> \u00bb, commente-t-elle. Mais les autres<br \/>\nprofesseurs ne sont pas d\u2019accord avec elle, \u00e0 commencer par Michael<br \/>\nGoldman : \u00ab Je me dis, elle a<br \/>\nvoulu nous choquer. Elle a voulu dire : \u201cmais en fait, je vais<br \/>\nd\u00e9passer l\u2019exercice, je vais vous faire un truc, vous ne vous y<br \/>\nattendiez pas\u201d. Et je dois dire, moi, \u00e0 la fin, <strong>j\u2019ai un<br \/>\nmalaise, mais elle m\u2019a choqu\u00e9, elle m\u2019a eu<\/strong> \u00bb.<\/p>\n<p data-start=\"2943\" data-end=\"3334\">Sofia Morgavi a \u00e9galement \u00e9t\u00e9<br \/>\nconquise, tant par la partie chant que th\u00e9\u00e2tre : \u00ab Bon, cette fin-l\u00e0\u2026 Moi, elle m\u2019a<br \/>\nboulevers\u00e9e. C\u2019\u00e9tait tr\u00e8s int\u00e9ressant, la mani\u00e8re dont elle a \u00e9pur\u00e9<br \/>\nla voix. Elle a chant\u00e9 sur le souffle. Elle a fait tout ce que je<br \/>\nlui ai demand\u00e9. Elle joue avec son timbre maintenant. Elle joue<br \/>\navec toutes les facettes et les couleurs de sa voix. Et c\u2019est<br \/>\nformidable \u00bb. Cependant, cela n\u2019aura pas suffi \u00e0 la placer en<br \/>\nhaut du classement. Mais gr\u00e2ce \u00e0 son immunit\u00e9, elle ne fait pas<br \/>\npartie des nomm\u00e9s, contrairement \u00e0 <strong>Anouk et<br \/>\nVictor.<\/strong><\/p>\n","protected":false},"excerpt":{"rendered":"EN BREF Marl\u00e8ne Schaff critique s\u00e9v\u00e8rement l\u2019\u00e9valuation th\u00e9\u00e2trale de Sarah Le reste du corps professoral d\u00e9fend la prestation&hellip;\n","protected":false},"author":2,"featured_media":648261,"comment_status":"","ping_status":"","sticky":false,"template":"","format":"standard","meta":{"footnotes":""},"categories":[1356],"tags":[548,58,59,1011,27,59699,252,1364],"class_list":{"0":"post-648260","1":"post","2":"type-post","3":"status-publish","4":"format-standard","5":"has-post-thumbnail","7":"category-television","8":"tag-article-simple","9":"tag-divertissement","10":"tag-entertainment","11":"tag-fr","12":"tag-france","13":"tag-star-academy-2025","14":"tag-television","15":"tag-tv"},"share_on_mastodon":{"url":"https:\/\/pubeurope.com\/@fr\/115856690756013033","error":""},"_links":{"self":[{"href":"https:\/\/www.europesays.com\/fr\/wp-json\/wp\/v2\/posts\/648260","targetHints":{"allow":["GET"]}}],"collection":[{"href":"https:\/\/www.europesays.com\/fr\/wp-json\/wp\/v2\/posts"}],"about":[{"href":"https:\/\/www.europesays.com\/fr\/wp-json\/wp\/v2\/types\/post"}],"author":[{"embeddable":true,"href":"https:\/\/www.europesays.com\/fr\/wp-json\/wp\/v2\/users\/2"}],"replies":[{"embeddable":true,"href":"https:\/\/www.europesays.com\/fr\/wp-json\/wp\/v2\/comments?post=648260"}],"version-history":[{"count":0,"href":"https:\/\/www.europesays.com\/fr\/wp-json\/wp\/v2\/posts\/648260\/revisions"}],"wp:featuredmedia":[{"embeddable":true,"href":"https:\/\/www.europesays.com\/fr\/wp-json\/wp\/v2\/media\/648261"}],"wp:attachment":[{"href":"https:\/\/www.europesays.com\/fr\/wp-json\/wp\/v2\/media?parent=648260"}],"wp:term":[{"taxonomy":"category","embeddable":true,"href":"https:\/\/www.europesays.com\/fr\/wp-json\/wp\/v2\/categories?post=648260"},{"taxonomy":"post_tag","embeddable":true,"href":"https:\/\/www.europesays.com\/fr\/wp-json\/wp\/v2\/tags?post=648260"}],"curies":[{"name":"wp","href":"https:\/\/api.w.org\/{rel}","templated":true}]}}