{"id":648262,"date":"2026-01-08T00:39:12","date_gmt":"2026-01-08T00:39:12","guid":{"rendered":"https:\/\/www.europesays.com\/fr\/648262\/"},"modified":"2026-01-08T00:39:12","modified_gmt":"2026-01-08T00:39:12","slug":"un-jour-a-la-fois","status":"publish","type":"post","link":"https:\/\/www.europesays.com\/fr\/648262\/","title":{"rendered":"\u201cUn jour \u00e0 la fois\u201d"},"content":{"rendered":"<p>\u00a9 J.A. Dunbar \/ Shutterstock.com<\/p>\n<p><strong>Rob Halford, chanteur embl\u00e9matique de <a href=\"https:\/\/www.metalzone.fr\/judas-priest\/\" target=\"_blank\" rel=\"noopener\">Judas Priest<\/a>, c\u00e9l\u00e8bre aujourd\u2019hui ses quarante ans de sobri\u00e9t\u00e9. \u00c0 74 ans, l\u2019artiste britannique revient avec lucidit\u00e9 sur ce chemin de vie, dans un message vid\u00e9o partag\u00e9 sur ses <a href=\"https:\/\/www.instagram.com\/reel\/DTLm9EYEomD\/\" target=\"_blank\" rel=\"noopener\">r\u00e9seaux sociaux<\/a>.<\/strong><\/p>\n<p>\u201cUn jour \u00e0 la fois\u201d : Rob Halford c\u00e9l\u00e8bre 40 ans de sobri\u00e9t\u00e9<\/p>\n<p>Dans une vid\u00e9o publi\u00e9e le 6 janvier, Rob Halford a exprim\u00e9 sa gratitude pour ces quatre d\u00e9cennies de sobri\u00e9t\u00e9 : \u201cIl y a quarante ans, j\u2019ai d\u00e9cid\u00e9 de changer compl\u00e8tement le cours de ma vie, de sortir de l\u2019obscurit\u00e9 pour aller vers une lumi\u00e8re que je ne distinguais pas encore.\u201d Le chanteur souligne l\u2019importance de la pers\u00e9v\u00e9rance et du soutien de ses proches : \u201cLa sobri\u00e9t\u00e9 n\u2019est pas seulement une absence : c\u2019est une pr\u00e9sence \u2014 celle de la clart\u00e9, d\u2019un but et du lien avec les autres.\u201d<\/p>\n<p>Lors d\u2019un \u00e9change avec David Ellefson, Halford est revenu sur son premier concert sans substances, en 1986 \u00e0 Albuquerque : \u201cJ\u2019\u00e9tais terrifi\u00e9. Mais c\u2019\u00e9tait incroyable de ressentir la musique dans sa forme la plus pure. Je n\u2019avais plus besoin de tout \u00e7a.\u201d<\/p>\n<p>Conscient que le risque de rechute reste pr\u00e9sent, il rappelle \u00e0 quel point l\u2019addiction demande une vigilance permanente : \u201cM\u00eame apr\u00e8s tout ce temps, il suffit d\u2019une publicit\u00e9 pour que le \u2018petit d\u00e9mon\u2019 se manifeste. Mais je n\u2019ai plus envie d\u2019\u00eatre ce type malheureux, en col\u00e8re, qui se d\u00e9truit.\u201d<\/p>\n<p>Judas Priest pr\u00e9pare une tourn\u00e9e estivale et un nouvel album<\/p>\n<p>Alors qu\u2019il regarde son parcours avec du recul, Rob Halford reste pleinement actif au sein de Judas Priest. Le groupe s\u2019appr\u00eate \u00e0 lancer sa tourn\u00e9e europ\u00e9enne Faithkeepers\u00a0\u00e0 l\u2019\u00e9t\u00e9 2026, avec notamment une date fran\u00e7aise au <a href=\"https:\/\/www.metalzone.fr\/motocultor-festival\/\" target=\"_blank\" rel=\"noopener\">Motocultor Festival<\/a> le 16 ao\u00fbt. Cette s\u00e9rie de concerts fait suite \u00e0 la tourn\u00e9e nord-am\u00e9ricaine men\u00e9e avec <a href=\"https:\/\/www.metalzone.fr\/alice-cooper\/\" target=\"_blank\" rel=\"noopener\">Alice Cooper<\/a>, organis\u00e9e pour c\u00e9l\u00e9brer les 35 ans de Painkiller.<\/p>\n<p>Le groupe pr\u00e9voit \u00e9galement de retourner en studio dans les prochains mois. Selon Ian Hill, l\u2019enregistrement du futur album devrait commencer en d\u00e9but d\u2019ann\u00e9e. Richie Faulkner aurait d\u00e9j\u00e0 amorc\u00e9 le processus de composition.<\/p>\n<p><script async src=\"\/\/www.instagram.com\/embed.js\"><\/script><\/p>\n","protected":false},"excerpt":{"rendered":"\u00a9 J.A. Dunbar \/ Shutterstock.com Rob Halford, chanteur embl\u00e9matique de Judas Priest, c\u00e9l\u00e8bre aujourd\u2019hui ses quarante ans de&hellip;\n","protected":false},"author":2,"featured_media":395862,"comment_status":"","ping_status":"","sticky":false,"template":"","format":"standard","meta":{"footnotes":""},"categories":[1355],"tags":[58,59,1011,27,1361,873],"class_list":{"0":"post-648262","1":"post","2":"type-post","3":"status-publish","4":"format-standard","5":"has-post-thumbnail","7":"category-musique","8":"tag-divertissement","9":"tag-entertainment","10":"tag-fr","11":"tag-france","12":"tag-music","13":"tag-musique"},"share_on_mastodon":{"url":"https:\/\/pubeurope.com\/@fr\/115856694734342061","error":""},"_links":{"self":[{"href":"https:\/\/www.europesays.com\/fr\/wp-json\/wp\/v2\/posts\/648262","targetHints":{"allow":["GET"]}}],"collection":[{"href":"https:\/\/www.europesays.com\/fr\/wp-json\/wp\/v2\/posts"}],"about":[{"href":"https:\/\/www.europesays.com\/fr\/wp-json\/wp\/v2\/types\/post"}],"author":[{"embeddable":true,"href":"https:\/\/www.europesays.com\/fr\/wp-json\/wp\/v2\/users\/2"}],"replies":[{"embeddable":true,"href":"https:\/\/www.europesays.com\/fr\/wp-json\/wp\/v2\/comments?post=648262"}],"version-history":[{"count":0,"href":"https:\/\/www.europesays.com\/fr\/wp-json\/wp\/v2\/posts\/648262\/revisions"}],"wp:featuredmedia":[{"embeddable":true,"href":"https:\/\/www.europesays.com\/fr\/wp-json\/wp\/v2\/media\/395862"}],"wp:attachment":[{"href":"https:\/\/www.europesays.com\/fr\/wp-json\/wp\/v2\/media?parent=648262"}],"wp:term":[{"taxonomy":"category","embeddable":true,"href":"https:\/\/www.europesays.com\/fr\/wp-json\/wp\/v2\/categories?post=648262"},{"taxonomy":"post_tag","embeddable":true,"href":"https:\/\/www.europesays.com\/fr\/wp-json\/wp\/v2\/tags?post=648262"}],"curies":[{"name":"wp","href":"https:\/\/api.w.org\/{rel}","templated":true}]}}