{"id":648265,"date":"2026-01-08T00:41:10","date_gmt":"2026-01-08T00:41:10","guid":{"rendered":"https:\/\/www.europesays.com\/fr\/648265\/"},"modified":"2026-01-08T00:41:10","modified_gmt":"2026-01-08T00:41:10","slug":"les-hopitaux-sont-debordes-le-pic-pourrait-avoir-ete-franchi","status":"publish","type":"post","link":"https:\/\/www.europesays.com\/fr\/648265\/","title":{"rendered":"Les h\u00f4pitaux sont d\u00e9bord\u00e9s, le pic pourrait avoir \u00e9t\u00e9 franchi"},"content":{"rendered":"<p>L\u2019<a href=\"https:\/\/www.20minutes.fr\/sante\/4193932-20251231-grippe-epidemie-continue-progression-france-accentuant-pression-hopitaux\" class=\"c-link c-link--is-underlined\" target=\"_blank\" rel=\"noopener\">\u00e9pid\u00e9mie de grippe reste tr\u00e8s active en France<\/a> et continue de mettre les h\u00f4pitaux sous forte tension, a alert\u00e9, ce mercredi 7\u00a0janvier, Sant\u00e9 publique France. L\u2019agence nationale de sant\u00e9 publique rel\u00e8ve par ailleurs que l\u2019intensit\u00e9 de la circulation virale pourrait avoir atteint un premier pic \u00e0 la fin de l\u2019ann\u00e9e\u00a02025.<\/p>\n<p>Dans son dernier bulletin hebdomadaire portant sur la semaine achev\u00e9e le 4\u00a0janvier 2026, Sant\u00e9 publique France indique que la <a href=\"https:\/\/www.20minutes.fr\/dossier\/grippe\" class=\"c-link c-link--is-underlined\" target=\"_blank\" rel=\"noopener\">grippe<\/a> repr\u00e9sente toujours une part \u00ab\u00a0\u00e9lev\u00e9e\u00a0\u00bb de l\u2019activit\u00e9 hospitali\u00e8re. La proportion d\u2019hospitalisations apr\u00e8s passage aux urgences pour grippe ou syndrome grippal a poursuivi sa progression, se maintenant \u00e0 un niveau jug\u00e9 pr\u00e9occupant.<\/p>\n<\/p>\n<p>6,3\u00a0% des d\u00e9c\u00e8s dus \u00e0 la grippe<\/p>\n<p>La quasi-totalit\u00e9 des r\u00e9gions m\u00e9tropolitaines est actuellement touch\u00e9e par l\u2019\u00e9pid\u00e9mie saisonni\u00e8re. Seule La R\u00e9union, d\u00e9j\u00e0 affect\u00e9e ces derniers mois, reste pour l\u2019instant en dehors de cette dynamique, m\u00eame si une reprise de la circulation virale y est d\u00e9sormais envisag\u00e9e. La grippe continue par ailleurs de peser sur la mortalit\u00e9, repr\u00e9sentant 6,3\u00a0% des d\u00e9c\u00e8s d\u00e9clar\u00e9s par certificat \u00e9lectronique, un niveau comparable \u00e0 celui observ\u00e9 \u00e0 la m\u00eame p\u00e9riode l\u2019an dernier. La saison 2024-2025 avait \u00e9t\u00e9 particuli\u00e8rement s\u00e9v\u00e8re, avec plus de 17.000 d\u00e9c\u00e8s attribu\u00e9s \u00e0 la grippe.<\/p>\n<p>Quelques indicateurs laissent toutefois penser que la vague \u00e9pid\u00e9mique pourrait marquer un palier. Les consultations en m\u00e9decine de ville li\u00e9es \u00e0 la grippe se sont stabilis\u00e9es, voire ont recul\u00e9 dans certaines r\u00e9gions et pour certaines tranches d\u2019\u00e2ge. Sant\u00e9 publique France estime ainsi qu\u2019un pic d\u2019activit\u00e9 aurait \u00e9t\u00e9 atteint fin d\u00e9cembre en ville, puis aux urgences dans les derniers jours de\u00a02025.<\/p>\n<p><a href=\"https:\/\/www.20minutes.fr\/dossier\/grippe\" class=\"c-link c-btn c-btn--primary\" target=\"_blank\" rel=\"noopener\">Notre dossier sur la grippe<\/a>Un rebond \u00e9pid\u00e9mique possible en janvier<\/p>\n<p>Les autorit\u00e9s sanitaires restent n\u00e9anmoins prudentes. La circulation des virus grippaux demeure soutenue dans l\u2019ensemble de la population et les mod\u00e9lisations r\u00e9alis\u00e9es avec l\u2019<a href=\"https:\/\/www.20minutes.fr\/dossier\/institut_pasteur\" class=\"c-link c-link--is-underlined\" target=\"_blank\" rel=\"noopener\">Institut Pasteur<\/a> n\u2019excluent pas un rebond \u00e9pid\u00e9mique courant janvier. Cette situation contribue \u00e0 la forte pression exerc\u00e9e sur les services d\u2019urgence, d\u00e9j\u00e0 fragilis\u00e9s par les accidents li\u00e9s aux \u00e9pisodes de neige et de verglas, ainsi que par la gr\u00e8ve des m\u00e9decins lib\u00e9raux, qui reporte une partie des patients vers l\u2019h\u00f4pital.<\/p>\n<p>Sur le plan de la pr\u00e9vention, la campagne de vaccination antigrippale affiche un l\u00e9ger mieux par rapport \u00e0 l\u2019hiver pr\u00e9c\u00e9dent, marqu\u00e9 par une faible couverture vaccinale. Celle-ci reste toutefois insuffisante\u00a0: seuls 38\u00a0% des personnes \u00e0 risque et 44\u00a0% des plus de 65 ans sont vaccin\u00e9s. Les premi\u00e8res donn\u00e9es disponibles indiquent en outre une efficacit\u00e9 du vaccin qualifi\u00e9e de \u00ab\u00a0mod\u00e9r\u00e9e\u00a0\u00bb, avec une protection estim\u00e9e entre 30\u00a0% et 42\u00a0% contre les infections grippales.<\/p>\n","protected":false},"excerpt":{"rendered":"L\u2019\u00e9pid\u00e9mie de grippe reste tr\u00e8s active en France et continue de mettre les h\u00f4pitaux sous forte tension, a&hellip;\n","protected":false},"author":2,"featured_media":648266,"comment_status":"","ping_status":"","sticky":false,"template":"","format":"standard","meta":{"footnotes":""},"categories":[10],"tags":[47,434,1011,27,29786,72,100,17169,71,104],"class_list":{"0":"post-648265","1":"post","2":"type-post","3":"status-publish","4":"format-standard","5":"has-post-thumbnail","7":"category-sante","8":"tag-actualite","9":"tag-epidemie","10":"tag-fr","11":"tag-france","12":"tag-grippe","13":"tag-health","14":"tag-hopital","15":"tag-institut-pasteur","16":"tag-sante","17":"tag-societe"},"share_on_mastodon":{"url":"https:\/\/pubeurope.com\/@fr\/115856702459033427","error":""},"_links":{"self":[{"href":"https:\/\/www.europesays.com\/fr\/wp-json\/wp\/v2\/posts\/648265","targetHints":{"allow":["GET"]}}],"collection":[{"href":"https:\/\/www.europesays.com\/fr\/wp-json\/wp\/v2\/posts"}],"about":[{"href":"https:\/\/www.europesays.com\/fr\/wp-json\/wp\/v2\/types\/post"}],"author":[{"embeddable":true,"href":"https:\/\/www.europesays.com\/fr\/wp-json\/wp\/v2\/users\/2"}],"replies":[{"embeddable":true,"href":"https:\/\/www.europesays.com\/fr\/wp-json\/wp\/v2\/comments?post=648265"}],"version-history":[{"count":0,"href":"https:\/\/www.europesays.com\/fr\/wp-json\/wp\/v2\/posts\/648265\/revisions"}],"wp:featuredmedia":[{"embeddable":true,"href":"https:\/\/www.europesays.com\/fr\/wp-json\/wp\/v2\/media\/648266"}],"wp:attachment":[{"href":"https:\/\/www.europesays.com\/fr\/wp-json\/wp\/v2\/media?parent=648265"}],"wp:term":[{"taxonomy":"category","embeddable":true,"href":"https:\/\/www.europesays.com\/fr\/wp-json\/wp\/v2\/categories?post=648265"},{"taxonomy":"post_tag","embeddable":true,"href":"https:\/\/www.europesays.com\/fr\/wp-json\/wp\/v2\/tags?post=648265"}],"curies":[{"name":"wp","href":"https:\/\/api.w.org\/{rel}","templated":true}]}}