{"id":648273,"date":"2026-01-08T00:45:14","date_gmt":"2026-01-08T00:45:14","guid":{"rendered":"https:\/\/www.europesays.com\/fr\/648273\/"},"modified":"2026-01-08T00:45:14","modified_gmt":"2026-01-08T00:45:14","slug":"wall-street-pas-convaincue-par-une-nouvelle-salve-de-donnees-economiques-07-01-2026-a-2249","status":"publish","type":"post","link":"https:\/\/www.europesays.com\/fr\/648273\/","title":{"rendered":"Wall Street pas convaincue par une nouvelle salve de donn\u00e9es \u00e9conomiques &#8211; 07\/01\/2026 \u00e0 22:49"},"content":{"rendered":"<p>        <img decoding=\"async\" src=\"https:\/\/www.europesays.com\/fr\/wp-content\/uploads\/2026\/01\/34862aec0b9f5791e62eb85acba08f9f-760x507.jpg\" alt=\"Un \u00e9cran \u00e0 la Bourse de New York, le 2 janvier 2026 ( AFP \/ ANGELA WEISS )\" loading=\"eager\" fetchpriority=\"high\" width=\"760\" height=\"507\" style=\"max-width: 100%!important; height: auto;\"\/><\/p>\n<p class=\"c-image-news__legend\">Un \u00e9cran \u00e0 la Bourse de New York, le 2 janvier 2026 ( AFP \/ ANGELA WEISS )<\/p>\n<p>\n La Bourse de New York a termin\u00e9 globalement en baisse mercredi, la publication d&rsquo;indicateurs sur l&#8217;emploi aux Etats-Unis ayant mis un terme \u00e0 la s\u00e9rie de records des indices am\u00e9ricains.\n<\/p>\n<p>\n Apr\u00e8s avoir cl\u00f4tur\u00e9 la veille \u00e0 des sommets, le Dow Jones et l&rsquo;indice \u00e9largi S&amp;P 500 ont c\u00e9d\u00e9 respectivement 0,94% et 0,34%. Seul l&rsquo;indice Nasdaq, \u00e0 forte coloration technologique, est parvenu \u00e0 grappiller 0,16%.\n<\/p>\n<p>\n Wall Street \u00ab\u00a0a tent\u00e9 de poursuivre sur sa lanc\u00e9e de hausses des derniers jours, mais n&rsquo;y est pas parvenue\u00a0\u00bb, commente aupr\u00e8s de l&rsquo;AFP Steve Sosnick, d&rsquo;Interactive Brokers.\n<\/p>\n<p>\n Les investisseurs ont accueilli en d\u00e9but de journ\u00e9e plusieurs s\u00e9ries de donn\u00e9es sur l&#8217;emploi am\u00e9ricain.\n<\/p>\n<p>\n Selon l&rsquo;enqu\u00eate r\u00e9guli\u00e8re ADP\/Stanford Lab, le secteur priv\u00e9 a enregistr\u00e9 41.000 cr\u00e9ations nettes d&#8217;emplois au mois de d\u00e9cembre aux Etats-Unis, soit un peu moins qu&rsquo;attendu. Mais c&rsquo;est mieux qu&rsquo;en novembre, o\u00f9 les destructions avaient d\u00e9pass\u00e9 les cr\u00e9ations.\n<\/p>\n<p>\n Le rapport JOLTS a relev\u00e9 lui un nombre d&rsquo;offres d&#8217;emplois en novembre au plus bas depuis septembre 2024.\n<\/p>\n<p>\n Ces indicateurs \u00ab\u00a0n&rsquo;ont pas \u00e9t\u00e9 particuli\u00e8rement encourageants\u00a0\u00bb sur l&rsquo;\u00e9tat du march\u00e9 du travail am\u00e9ricain, estime Steve Sosnick.\n<\/p>\n<p>\n Mais ils n&rsquo;ont pas non plus \u00e9t\u00e9 \u00ab\u00a0suffisants pour modifier les anticipations concernant les futures baisses de taux de la Fed\u00a0\u00bb, ajoute l&rsquo;analyste.\n<\/p>\n<p>\n Les experts s&rsquo;attendent toujours \u00e0 ce que la banque centrale am\u00e9ricaine maintienne ses taux au niveau actuel lors de sa prochaine r\u00e9union de politique mon\u00e9taire, fin janvier.\n<\/p>\n<p>\n La publication, vendredi, du rapport officiel sur l&#8217;emploi aux Etats-Unis pour le mois de d\u00e9cembre pourra changer ces attentes: les pr\u00e9c\u00e9dents assouplissements mon\u00e9taires ont \u00e9t\u00e9 d\u00e9cid\u00e9s pour stimuler le march\u00e9 du travail am\u00e9ricain.\n<\/p>\n<p>\n En parall\u00e8le, la place newyorkaise reste de marbre face aux vues de Donald Trump sur le Groenland ou le p\u00e9trole v\u00e9n\u00e9zu\u00e9lien.\n<\/p>\n<p>\n \u00ab\u00a0Les march\u00e9s boursiers ne r\u00e9agissent pas tr\u00e8s bien aux \u00e9v\u00e9nements g\u00e9opolitiques lorsque ceux-ci n&rsquo;ont pas d&rsquo;incidence directe sur les b\u00e9n\u00e9fices, les revenus ou les flux de tr\u00e9sorerie des entreprises\u00a0\u00bb, souligne Steve Sosnick.\n<\/p>\n<p>\n Sur le march\u00e9 obligataire, le rendement de l&#8217;emprunt am\u00e9ricain \u00e0 dix ans se d\u00e9tendait vers 21H30 GMT, \u00e0 4,15% contre 4,17% \u00e0 la cl\u00f4ture la veille.\n<\/p>\n<p>\n A la cote, les entreprises du secteur de la d\u00e9fense ont termin\u00e9 en forte baisse, plomb\u00e9es par le souhait de Donald Trump de leur interdire de verser des dividendes \u00e0 leurs actionnaires ou de proc\u00e9der \u00e0 des rachats d&rsquo;actions, sous peine de se voir priv\u00e9es de contrats publics.\n<\/p>\n<p>\n Lockheed Martin a perdu 4,82%, Northrop Grumman 5,50% et General Dynamics 4,18%.\n<\/p>\n<p>\n Les grands propri\u00e9taires immobiliers ont aussi pris un coup, l\u00e0 aussi en raison de d\u00e9clarations du pr\u00e9sident am\u00e9ricain. Selon lui, les grands investisseurs institutionnels ne devraient plus pouvoir acheter de maisons individuelles.\n<\/p>\n<p>\n Invitation Homes a perdu 6,01%, American Homes 4 Rent 4,32% et AvalonBay Communities a c\u00e9d\u00e9 2,28%.\n<\/p>\n<p>\n Le fonds d&rsquo;investissement Blackstone, qui d\u00e9tient un large portefeuille de propri\u00e9t\u00e9s, a lui aussi \u00e9t\u00e9 touch\u00e9, perdant mercredi 5,58%.\n<\/p>\n<p>\n La biotech Ventyx Biosciences (+36,62% \u00e0 13,73 dollars) s&rsquo;est envol\u00e9e apr\u00e8s des informations de presse annon\u00e7ant son rachat par le laboratoire Eli Lilly. L&rsquo;acquisition a finalement \u00e9t\u00e9 confirm\u00e9e apr\u00e8s la cl\u00f4ture.\n<\/p>\n<p>\n Nasdaq<\/p>\n","protected":false},"excerpt":{"rendered":"Un \u00e9cran \u00e0 la Bourse de New York, le 2 janvier 2026 ( AFP \/ ANGELA WEISS )&hellip;\n","protected":false},"author":2,"featured_media":648274,"comment_status":"","ping_status":"","sticky":false,"template":"","format":"standard","meta":{"footnotes":""},"categories":[6],"tags":[400,398,408,35,405,33,34,1011,27,403,402,399,404,401,406,407],"class_list":{"0":"post-648273","1":"post","2":"type-post","3":"status-publish","4":"format-standard","5":"has-post-thumbnail","7":"category-economie","8":"tag-action-cac-40","9":"tag-bourse-de-paris","10":"tag-boursorama","11":"tag-business","12":"tag-cotations","13":"tag-economie","14":"tag-economy","15":"tag-fr","16":"tag-france","17":"tag-indices-devises","18":"tag-investir","19":"tag-investissement","20":"tag-marche-boursier","21":"tag-sicav","22":"tag-trackers","23":"tag-warrants"},"share_on_mastodon":{"url":"https:\/\/pubeurope.com\/@fr\/115856718215504940","error":""},"_links":{"self":[{"href":"https:\/\/www.europesays.com\/fr\/wp-json\/wp\/v2\/posts\/648273","targetHints":{"allow":["GET"]}}],"collection":[{"href":"https:\/\/www.europesays.com\/fr\/wp-json\/wp\/v2\/posts"}],"about":[{"href":"https:\/\/www.europesays.com\/fr\/wp-json\/wp\/v2\/types\/post"}],"author":[{"embeddable":true,"href":"https:\/\/www.europesays.com\/fr\/wp-json\/wp\/v2\/users\/2"}],"replies":[{"embeddable":true,"href":"https:\/\/www.europesays.com\/fr\/wp-json\/wp\/v2\/comments?post=648273"}],"version-history":[{"count":0,"href":"https:\/\/www.europesays.com\/fr\/wp-json\/wp\/v2\/posts\/648273\/revisions"}],"wp:featuredmedia":[{"embeddable":true,"href":"https:\/\/www.europesays.com\/fr\/wp-json\/wp\/v2\/media\/648274"}],"wp:attachment":[{"href":"https:\/\/www.europesays.com\/fr\/wp-json\/wp\/v2\/media?parent=648273"}],"wp:term":[{"taxonomy":"category","embeddable":true,"href":"https:\/\/www.europesays.com\/fr\/wp-json\/wp\/v2\/categories?post=648273"},{"taxonomy":"post_tag","embeddable":true,"href":"https:\/\/www.europesays.com\/fr\/wp-json\/wp\/v2\/tags?post=648273"}],"curies":[{"name":"wp","href":"https:\/\/api.w.org\/{rel}","templated":true}]}}