{"id":648277,"date":"2026-01-08T00:47:12","date_gmt":"2026-01-08T00:47:12","guid":{"rendered":"https:\/\/www.europesays.com\/fr\/648277\/"},"modified":"2026-01-08T00:47:12","modified_gmt":"2026-01-08T00:47:12","slug":"sncf-face-au-risque-de-vents-violents-en-bretagne-le-trafic-des-trains-sera-interrompu-sur-ces-lignes","status":"publish","type":"post","link":"https:\/\/www.europesays.com\/fr\/648277\/","title":{"rendered":"SNCF\u00a0: face au risque de vents violents en Bretagne, le trafic des trains sera interrompu sur ces lignes"},"content":{"rendered":"<p>Les rafales de vent potentiellement violentes g\u00e9n\u00e9r\u00e9es par le passage de la temp\u00eate Goretti au nord de la Bretagne ont conduit SNCF R\u00e9seau \u00e0 d\u00e9cider la mise en place de la proc\u00e9dure \u00ab stop circulation \u00bb \u00e0 partir de jeudi soir sur certains axes en Bretagne. Le trafic sera donc interrompu dans plusieurs lignes jusqu\u2019au vendredi matin, minimum.<\/p>\n<p>Dans le Finist\u00e8re, ce sera le cas \u00e0 partir de 16 h et jusqu\u2019au vendredi midi sur l\u2019axe Quimper-Landerneau. M\u00eame chose dans les C\u00f4tes-d\u2019Armor, o\u00f9 la liaison Guingamp-Paimpol est annonc\u00e9e \u00e0 l\u2019arr\u00eat d\u00e8s ce jeudi, \u00e0 19 h 30, jusqu\u2019\u00e0 8 h ce vendredi, ainsi que l\u2019axe Plouaret-Lannion, ferm\u00e9 de jeudi, 22 h, \u00e0 vendredi, 6 h. En Ille-et-Vilaine, enfin, le trafic est interrompu sur la liaison Dol-Saint-Malo du jeudi, d\u00e8s 20 h, au vendredi, 7 h.<\/p>\n<p>Il est \u00e0 noter que la vitesse sera r\u00e9duite \u00e0 70 km\/h sur la portion Redon-Savenay pour les trains circulant entre Rennes et Nantes. Cette mesure entra\u00eenera quelques suppressions de trains sur la ligne, pr\u00e9cise SNCF R\u00e9seau.<\/p>\n<p>Inspection des lignes vendredi matin<\/p>\n<p>Toutes ces mesures seront r\u00e9\u00e9valu\u00e9es vendredi, au petit matin, en fonction de l\u2019\u00e9tat des r\u00e9seaux concern\u00e9s. Des trains de reconnaissance viendront en effet s\u2019assurer de l\u2019exploitabilit\u00e9 des lignes. Des retards ne sont pas exclus si des obstacles sont d\u00e9couverts ou des d\u00e9gradations mises au jour <a href=\"https:\/\/www.letelegramme.fr\/bretagne\/tempete-goretti-la-bretagne-en-vigilance-jaune-vents-jeudi-soir-des-departements-normands-en-vigilance-orange-6958377.php\" target=\"_blank\" rel=\"noopener\">apr\u00e8s les forts vents de la nuit<\/a>.<\/p>\n<p>La SNCF recommande aux usagers de reporter leur voyage et-ou de v\u00e9rifier l\u2019horaire de leur train sur le site internet de <a href=\"https:\/\/www.ter.sncf.com\/bretagne\" target=\"_blank\" rel=\"noopener\">TER Bretagne<\/a> ou sur leur application de mobilit\u00e9 (SNCF Connect\u2026).<\/p>\n","protected":false},"excerpt":{"rendered":"Les rafales de vent potentiellement violentes g\u00e9n\u00e9r\u00e9es par le passage de la temp\u00eate Goretti au nord de la&hellip;\n","protected":false},"author":2,"featured_media":648278,"comment_status":"","ping_status":"","sticky":false,"template":"","format":"standard","meta":{"footnotes":""},"categories":[4],"tags":[11,829,6206,2171,765,3321,1011,27,4044,848,9815,5862,12,7762,20648,3319,25,3728],"class_list":{"0":"post-648277","1":"post","2":"type-post","3":"status-publish","4":"format-standard","5":"has-post-thumbnail","7":"category-france","8":"tag-actualites","9":"tag-bretagne","10":"tag-chateaulin","11":"tag-cotes-darmor","12":"tag-en-continu","13":"tag-finistere","14":"tag-fr","15":"tag-france","16":"tag-guingamp","17":"tag-ille-et-vilaine","18":"tag-landerneau","19":"tag-lannion","20":"tag-news","21":"tag-paimpol","22":"tag-plouaret","23":"tag-quimper","24":"tag-republique-francaise","25":"tag-saint-malo"},"share_on_mastodon":{"url":"https:\/\/pubeurope.com\/@fr\/115856725987073957","error":""},"_links":{"self":[{"href":"https:\/\/www.europesays.com\/fr\/wp-json\/wp\/v2\/posts\/648277","targetHints":{"allow":["GET"]}}],"collection":[{"href":"https:\/\/www.europesays.com\/fr\/wp-json\/wp\/v2\/posts"}],"about":[{"href":"https:\/\/www.europesays.com\/fr\/wp-json\/wp\/v2\/types\/post"}],"author":[{"embeddable":true,"href":"https:\/\/www.europesays.com\/fr\/wp-json\/wp\/v2\/users\/2"}],"replies":[{"embeddable":true,"href":"https:\/\/www.europesays.com\/fr\/wp-json\/wp\/v2\/comments?post=648277"}],"version-history":[{"count":0,"href":"https:\/\/www.europesays.com\/fr\/wp-json\/wp\/v2\/posts\/648277\/revisions"}],"wp:featuredmedia":[{"embeddable":true,"href":"https:\/\/www.europesays.com\/fr\/wp-json\/wp\/v2\/media\/648278"}],"wp:attachment":[{"href":"https:\/\/www.europesays.com\/fr\/wp-json\/wp\/v2\/media?parent=648277"}],"wp:term":[{"taxonomy":"category","embeddable":true,"href":"https:\/\/www.europesays.com\/fr\/wp-json\/wp\/v2\/categories?post=648277"},{"taxonomy":"post_tag","embeddable":true,"href":"https:\/\/www.europesays.com\/fr\/wp-json\/wp\/v2\/tags?post=648277"}],"curies":[{"name":"wp","href":"https:\/\/api.w.org\/{rel}","templated":true}]}}