{"id":648290,"date":"2026-01-08T00:56:11","date_gmt":"2026-01-08T00:56:11","guid":{"rendered":"https:\/\/www.europesays.com\/fr\/648290\/"},"modified":"2026-01-08T00:56:11","modified_gmt":"2026-01-08T00:56:11","slug":"la-legende-revit-au-zenith-de-montpellier","status":"publish","type":"post","link":"https:\/\/www.europesays.com\/fr\/648290\/","title":{"rendered":"La l\u00e9gende revit au Z\u00e9nith de Montpellier\u00a0"},"content":{"rendered":"<p data-path-to-node=\"3\">C\u2019est l\u2019\u00e9v\u00e9nement rock de ce d\u00e9but d\u2019ann\u00e9e 2026 dans la cit\u00e9 h\u00e9raultaise. Ce <b data-path-to-node=\"3\" data-index-in-node=\"77\">vendredi 9 janvier \u00e0 20h30<\/b>, le Z\u00e9nith s\u2019appr\u00eate \u00e0 vibrer au son des hymnes l\u00e9gendaires de Queen. Avec le spectacle <b data-path-to-node=\"3\" data-index-in-node=\"211\">\u00ab\u00a0The Works Tour\u00a0\u00bb<\/b> (ou \u00ab\u00a0Wembley 86\u00a0\u00bb), Gary Mullen &amp; The Works promettent une immersion totale dans l\u2019univers de Freddie Mercury.<\/p>\n<p>Gary Mullen : Bien plus qu\u2019un simple hommage<\/p>\n<p data-path-to-node=\"5\">Consid\u00e9r\u00e9 par beaucoup, dont le guitariste original de Queen <b data-path-to-node=\"5\" data-index-in-node=\"61\">Brian May<\/b>, comme l\u2019h\u00e9ritier spirituel de Freddie Mercury, Gary Mullen ne se contente pas de chanter. Il incarne. De la posture sc\u00e9nique \u00e0 la puissance vocale, le mim\u00e9tisme est saisissant. Accompagn\u00e9 de son groupe <b data-path-to-node=\"5\" data-index-in-node=\"274\">The Works<\/b>, il ressuscite l\u2019\u00e9nergie brute et la virtuosit\u00e9 qui ont fait de Queen le plus grand groupe de stade au monde.<\/p>\n<p>Un show spectaculaire de 2 heures<\/p>\n<p data-path-to-node=\"7\">Le public peut s\u2019attendre \u00e0 une mise en sc\u00e8ne grandiose et une setlist qui ne laisse aucun r\u00e9pit aux fans. Au programme, plus de deux heures de show incluant tous les chefs-d\u2019\u0153uvre du groupe :<\/p>\n<ul data-path-to-node=\"8\">\n<li>\n<p data-path-to-node=\"8,0,0\"><b data-path-to-node=\"8,0,0\" data-index-in-node=\"0\">Bohemian Rhapsody<\/b><\/p>\n<\/li>\n<li>\n<p data-path-to-node=\"8,1,0\"><b data-path-to-node=\"8,1,0\" data-index-in-node=\"0\">A Kind of Magic<\/b><\/p>\n<\/li>\n<li>\n<p data-path-to-node=\"8,2,0\"><b data-path-to-node=\"8,2,0\" data-index-in-node=\"0\">Under Pressure<\/b><\/p>\n<\/li>\n<li>\n<p data-path-to-node=\"8,3,0\"><b data-path-to-node=\"8,3,0\" data-index-in-node=\"0\">I Want to Break Free<\/b><\/p>\n<\/li>\n<li>\n<p data-path-to-node=\"8,4,0\"><b data-path-to-node=\"8,4,0\" data-index-in-node=\"0\">Somebody to Love<\/b><\/p>\n<\/li>\n<li>\n<p data-path-to-node=\"8,5,0\"><b data-path-to-node=\"8,5,0\" data-index-in-node=\"0\">Radio Ga Ga<\/b><\/p>\n<\/li>\n<\/ul>\n<p>Informations Pratiques<\/p>\n<ul data-path-to-node=\"10\">\n<li>\n<p data-path-to-node=\"10,0,0\"><b data-path-to-node=\"10,0,0\" data-index-in-node=\"0\">Date :<\/b> Vendredi 9 janvier 2026<\/p>\n<\/li>\n<li>\n<p data-path-to-node=\"10,1,0\"><b data-path-to-node=\"10,1,0\" data-index-in-node=\"0\">Heure :<\/b> 20h30 (Ouverture des portes g\u00e9n\u00e9ralement d\u00e8s 18h30\/19h00)<\/p>\n<\/li>\n<li>\n<p data-path-to-node=\"10,2,0\"><b data-path-to-node=\"10,2,0\" data-index-in-node=\"0\">Lieu :<\/b> Z\u00e9nith de Montpellier (Domaine de Grammont)<\/p>\n<\/li>\n<li>\n<p data-path-to-node=\"10,3,0\"><b data-path-to-node=\"10,3,0\" data-index-in-node=\"0\">Tarifs :<\/b> De 49 \u00e0 79 \u20ac selon la cat\u00e9gorie Billets <a href=\"https:\/\/montpellierevents.fnacspectacles.com\/event\/one-night-of-queen-wembley-show-zenith-sud-montpellier-19727385\/\" target=\"_blank\" rel=\"noopener\"><strong>ici<\/strong><\/a><\/p>\n<\/li>\n<\/ul>\n","protected":false},"excerpt":{"rendered":"C\u2019est l\u2019\u00e9v\u00e9nement rock de ce d\u00e9but d\u2019ann\u00e9e 2026 dans la cit\u00e9 h\u00e9raultaise. Ce vendredi 9 janvier \u00e0 20h30,&hellip;\n","protected":false},"author":2,"featured_media":648291,"comment_status":"","ping_status":"","sticky":false,"template":"","format":"standard","meta":{"footnotes":""},"categories":[9599],"tags":[1111,11,1777,674,1011,27,2208,12,2680,25],"class_list":{"0":"post-648290","1":"post","2":"type-post","3":"status-publish","4":"format-standard","5":"has-post-thumbnail","7":"category-montpellier","8":"tag-actu","9":"tag-actualites","10":"tag-eu","11":"tag-europe","12":"tag-fr","13":"tag-france","14":"tag-montpellier","15":"tag-news","16":"tag-occitanie","17":"tag-republique-francaise"},"share_on_mastodon":{"url":"https:\/\/pubeurope.com\/@fr\/115856761389409990","error":""},"_links":{"self":[{"href":"https:\/\/www.europesays.com\/fr\/wp-json\/wp\/v2\/posts\/648290","targetHints":{"allow":["GET"]}}],"collection":[{"href":"https:\/\/www.europesays.com\/fr\/wp-json\/wp\/v2\/posts"}],"about":[{"href":"https:\/\/www.europesays.com\/fr\/wp-json\/wp\/v2\/types\/post"}],"author":[{"embeddable":true,"href":"https:\/\/www.europesays.com\/fr\/wp-json\/wp\/v2\/users\/2"}],"replies":[{"embeddable":true,"href":"https:\/\/www.europesays.com\/fr\/wp-json\/wp\/v2\/comments?post=648290"}],"version-history":[{"count":0,"href":"https:\/\/www.europesays.com\/fr\/wp-json\/wp\/v2\/posts\/648290\/revisions"}],"wp:featuredmedia":[{"embeddable":true,"href":"https:\/\/www.europesays.com\/fr\/wp-json\/wp\/v2\/media\/648291"}],"wp:attachment":[{"href":"https:\/\/www.europesays.com\/fr\/wp-json\/wp\/v2\/media?parent=648290"}],"wp:term":[{"taxonomy":"category","embeddable":true,"href":"https:\/\/www.europesays.com\/fr\/wp-json\/wp\/v2\/categories?post=648290"},{"taxonomy":"post_tag","embeddable":true,"href":"https:\/\/www.europesays.com\/fr\/wp-json\/wp\/v2\/tags?post=648290"}],"curies":[{"name":"wp","href":"https:\/\/api.w.org\/{rel}","templated":true}]}}