{"id":648306,"date":"2026-01-08T01:06:19","date_gmt":"2026-01-08T01:06:19","guid":{"rendered":"https:\/\/www.europesays.com\/fr\/648306\/"},"modified":"2026-01-08T01:06:19","modified_gmt":"2026-01-08T01:06:19","slug":"ligue-1-avec-gary-oneil-intronise-sur-le-banc-le-racing-club-de-strasbourg-garde-laccent-anglais","status":"publish","type":"post","link":"https:\/\/www.europesays.com\/fr\/648306\/","title":{"rendered":"Ligue 1. Avec Gary O\u2019Neil, intronis\u00e9 sur le banc, le Racing Club de Strasbourg garde l\u2019accent anglais"},"content":{"rendered":"<p>Le Racing n\u2019aura pas \u00e9t\u00e9 \u201corphelin\u201d d\u2019un coach bien longtemps. Surpris par l\u2019int\u00e9r\u00eat de Chelsea avant d\u2019accepter au fil des heures qu\u2019il ne serait pas judicieux de retenir <a href=\"https:\/\/www.dna.fr\/p\/liam-rosenior\" target=\"_blank\" rel=\"noopener\">Liam Rosenior<\/a> plus longtemps sur les bords du Krimmeri, <a href=\"https:\/\/www.dna.fr\/p\/marc-keller\" target=\"_blank\" rel=\"noopener\">Marc Keller<\/a> et son directeur sportif David Weir n\u2019ont pas vu passer les heures ces derniers jours.<\/p>\n<p>Sans avoir donc vir\u00e9 le pr\u00e9c\u00e9dent, le Racing \u00e9tait en qu\u00eate d\u2019un entra\u00eeneur. Le choix s\u2019est port\u00e9 sur l\u2019Anglais Gary O\u2019Neil (42 ans), pas plus connu du grand public que Rosenior \u00e0 sa nomination en juillet\u00a02023.<\/p>\n<p>\u00ab\u200aTactiquement, il y aura une certaine continuit\u00e9, avec une personnalit\u00e9 diff\u00e9rente\u200a\u00bb<\/p>\n<p>\u00a0Le nouveau coach londonien, ancien milieu de terrain aux quelque 500 matches pros au Royaume-Uni, d\u00e9barque en Alsace avec un peu plus de bagage que son pr\u00e9d\u00e9cesseur. Quand Liam Rosenior n\u2019avait coach\u00e9 qu\u2019en Championship, l\u2019antichambre de l\u2019exigeante Premier League, GaryO\u2019Neil a 88 matches sur un banc de l\u2019\u00e9lite anglaise au compteur (*).<\/p>\n<p>\u00abNous&#8230;<\/p>\n","protected":false},"excerpt":{"rendered":"Le Racing n\u2019aura pas \u00e9t\u00e9 \u201corphelin\u201d d\u2019un coach bien longtemps. Surpris par l\u2019int\u00e9r\u00eat de Chelsea avant d\u2019accepter au&hellip;\n","protected":false},"author":2,"featured_media":648307,"comment_status":"","ping_status":"","sticky":false,"template":"","format":"standard","meta":{"footnotes":""},"categories":[2820],"tags":[1111,11,2389,2649,2880,1777,674,107,63,1011,27,775,7020,43670,12,41281,25,517,640],"class_list":{"0":"post-648306","1":"post","2":"type-post","3":"status-publish","4":"format-standard","5":"has-post-thumbnail","7":"category-strasbourg","8":"tag-actu","9":"tag-actualites","10":"tag-alsace","11":"tag-bas-rhin","12":"tag-edition-strasbourg","13":"tag-eu","14":"tag-europe","15":"tag-fil-info","16":"tag-football","17":"tag-fr","18":"tag-france","19":"tag-grand-est","20":"tag-ligue-1-football","21":"tag-ligue-conference","22":"tag-news","23":"tag-racing-club-strasbourg-masculin","24":"tag-republique-francaise","25":"tag-sport","26":"tag-strasbourg"},"share_on_mastodon":{"url":"https:\/\/pubeurope.com\/@fr\/115856800673550415","error":""},"_links":{"self":[{"href":"https:\/\/www.europesays.com\/fr\/wp-json\/wp\/v2\/posts\/648306","targetHints":{"allow":["GET"]}}],"collection":[{"href":"https:\/\/www.europesays.com\/fr\/wp-json\/wp\/v2\/posts"}],"about":[{"href":"https:\/\/www.europesays.com\/fr\/wp-json\/wp\/v2\/types\/post"}],"author":[{"embeddable":true,"href":"https:\/\/www.europesays.com\/fr\/wp-json\/wp\/v2\/users\/2"}],"replies":[{"embeddable":true,"href":"https:\/\/www.europesays.com\/fr\/wp-json\/wp\/v2\/comments?post=648306"}],"version-history":[{"count":0,"href":"https:\/\/www.europesays.com\/fr\/wp-json\/wp\/v2\/posts\/648306\/revisions"}],"wp:featuredmedia":[{"embeddable":true,"href":"https:\/\/www.europesays.com\/fr\/wp-json\/wp\/v2\/media\/648307"}],"wp:attachment":[{"href":"https:\/\/www.europesays.com\/fr\/wp-json\/wp\/v2\/media?parent=648306"}],"wp:term":[{"taxonomy":"category","embeddable":true,"href":"https:\/\/www.europesays.com\/fr\/wp-json\/wp\/v2\/categories?post=648306"},{"taxonomy":"post_tag","embeddable":true,"href":"https:\/\/www.europesays.com\/fr\/wp-json\/wp\/v2\/tags?post=648306"}],"curies":[{"name":"wp","href":"https:\/\/api.w.org\/{rel}","templated":true}]}}