{"id":648314,"date":"2026-01-08T01:11:10","date_gmt":"2026-01-08T01:11:10","guid":{"rendered":"https:\/\/www.europesays.com\/fr\/648314\/"},"modified":"2026-01-08T01:11:10","modified_gmt":"2026-01-08T01:11:10","slug":"ils-ouvrent-leur-boutique-a-bordeaux-avec-un-concept-innovant","status":"publish","type":"post","link":"https:\/\/www.europesays.com\/fr\/648314\/","title":{"rendered":"ils ouvrent leur boutique \u00e0 Bordeaux avec un concept innovant"},"content":{"rendered":"<p>                    Par<br \/>\n        <strong><br \/>\n            <a href=\"https:\/\/actu.fr\/auteur\/julian-doubax\" title=\"Consulter tous les articles de Julian Doubax\" target=\"_blank\" rel=\"noopener\">Julian Doubax<\/a><br \/>\n                    <\/strong><\/p>\n<p>        Publi\u00e9 le<\/p>\n<p>            7 janv. 2026 \u00e0 18h38        <\/p>\n<p>Forts du succ\u00e8s de leurs boutiques \u00e9ph\u00e9m\u00e8res, Aur\u00e9lien et Math\u00e9o ont ouvert leur premi\u00e8re <strong>enseigne physique<\/strong> dans le centre-ville de Bordeaux le 4 d\u00e9cembre 2025. Les deux amis, passionn\u00e9s de mode, ont cr\u00e9\u00e9 <a href=\"https:\/\/www.instagram.com\/le_cafrip\/?hl=fr\" target=\"_blank\" rel=\"noopener\">Cafrip<\/a> durant leurs \u00e9tudes. D\u2019abord sur des pop-ups, ils ont commenc\u00e9 \u00e0 vendre des v\u00eatements de seconde main. En mai dernier, ils avaient cr\u00e9\u00e9 une <a href=\"https:\/\/actu.fr\/nouvelle-aquitaine\/bordeaux_33063\/apres-avoir-rencontre-le-succes-en-ligne-ces-deux-amis-veulent-ouvrir-un-cafe-friperie-a-bordeaux_62627693.html\" target=\"_blank\" rel=\"noopener\">cagnotte pour r\u00e9colter des fonds<\/a> et passer de l\u2019\u00e9ph\u00e9m\u00e8re au permanent. D\u00e9sormais, les deux hommes ont franchi un pas en ouvrant leur magasin o\u00f9 ils ont ajout\u00e9 une <strong>touche personnelle<\/strong> pour se d\u00e9marquer des autres <a href=\"https:\/\/actu.fr\/nouvelle-aquitaine\/bordeaux_33063\/un-risque-a-prendre-l-univers-tranche-du-mono-shop-nouvelle-boutique-de-mode-au-concept-unique-a-bordeaux_62088513.html\" target=\"_blank\" rel=\"noopener\">friperies<\/a> bordelaises.\u00a0<\/p>\n<p>Un caf\u00e9-friperie pour se diff\u00e9rencier<\/p>\n<p class=\" wall-content\">Les deux amis ont trouv\u00e9 leur <strong>bonheur<\/strong> dans un local situ\u00e9 rue de Cheverus, \u00e0 deux pas de la place Pey-Berland. Pour r\u00e9ussir \u00e0 tirer leur \u00e9pingle du jeu, ils ont opt\u00e9 pour un double concept : un <strong>caf\u00e9-friperie<\/strong>. \u00ab\u00a0On voulait se diff\u00e9rencier et avoir une id\u00e9e qui rassemble. On s\u2019est alors tourn\u00e9 vers le caf\u00e9 pour que la boutique devienne aussi un lieu de vie\u00a0\u00bb, explique Math\u00e9o.\u00a0<\/p>\n<p class=\" wall-content\">Pour mener \u00e0 bien ce projet, ils travaillent avec un artisan torr\u00e9facteur de M\u00e9rignac qui les accompagnaient d\u00e9j\u00e0 lors des boutiques \u00e9ph\u00e9m\u00e8res ainsi que la Manufacture de Bayon pour les p\u00e2tisseries.<\/p>\n<p class=\" wall-content\">Mais l\u2019autre objectif de l\u2019enseigne \u00e9tait de d\u00e9mocratiser la seconde main. \u00ab\u00a0On voulait<strong> casser l\u2019image<\/strong> de la friperie ancienne avec des v\u00eatements en d\u00e9sordre o\u00f9 on fouille dans des bacs au sol\u00a0\u00bb, explique Math\u00e9o. On retrouve alors un magasin tr\u00e8s \u00e9pur\u00e9, \u00e0 l\u2019image d\u2019une v\u00e9ritable enseigne de marque o\u00f9 chaque pi\u00e8ce est pr\u00e9alablement choisie par les deux g\u00e9rants. \u00ab\u00a0On r\u00e9cup\u00e8re nos v\u00eatements uniquement en France pour \u00e9viter un co\u00fbt carbone trop \u00e9lev\u00e9 et \u00eatre contre-productif\u00a0\u00bb, assure Aur\u00e9lien.<\/p>\n<p>La passion de chiner<\/p>\n<p class=\" wall-content\">L\u2019attrait pour la seconde main, les deux amis l\u2019ont d\u00e9velopp\u00e9 lors de l\u2019adolescence. \u00ab\u00a0Au lyc\u00e9e, j\u2019ai commenc\u00e9 \u00e0 chiner car c\u2019\u00e9tait avantageux financi\u00e8rement et c\u2019est un plaisir de trouver de belles pi\u00e8ces. C\u2019est comme une <strong>chasse au tr\u00e9sor<\/strong> et on voulait garder cet esprit dans le magasin\u00a0\u00bb, d\u00e9taille Math\u00e9o qui a travaill\u00e9 dans une boutique de pr\u00eat-\u00e0-porter.<\/p>\n<p class=\" wall-content\">Ouvert depuis plus d\u2019un mois, le Cafrip attire une client\u00e8le vari\u00e9e pour ses d\u00e9buts. \u00ab\u00a0On a des jeunes mais aussi des personnes entre 50 et 60 ans qui viennent pour trouver un habit bien sp\u00e9cifique\u00a0\u00bb, rapporte Aur\u00e9lien.<\/p>\n<p>Votre r\u00e9gion, votre actu !<\/p>\n<p>Recevez chaque jour les infos qui comptent pour vous.<\/p>\n<p>\t<a href=\"https:\/\/actu.fr\/newsletter\" class=\"ac-btn ac-btn--corner ac-btn--medium ac-btn--blue800\" target=\"_blank\" rel=\"noopener\">S&rsquo;incrire<\/a><\/p>\n<p class=\" wall-content\">Et m\u00eame si ce ne sont que les d\u00e9buts, l\u2019enseigne est vou\u00e9e \u00e0 \u00e9voluer en accueillant divers \u00e9v\u00e8nements. \u00ab\u00a0On va prochainement organiser un comedy club et des pop-ups avec d\u2019autres cr\u00e9ateurs car c\u2019est gr\u00e2ce \u00e0 ces actions qu\u2019on a r\u00e9ussi \u00e0 \u00eatre connu. \u00c7a fait sens.\u00a0\u00bb La boucle sera boucl\u00e9e.\u00a0<\/p>\n<p class=\" wall-content\">Personnalisez votre actualit\u00e9 en ajoutant vos villes et m\u00e9dias en favori avec <a href=\"https:\/\/moncompte.actu.fr\" title=\"D\u00e9couvez Mon Actu\" rel=\"nofollow noopener\" data-trk=\"{&quot;cta&quot;:{&quot;action&quot;:&quot;https:\\\/\\\/moncompte.actu.fr&quot;,&quot;category&quot;:&quot;mon compte&quot;,&quot;from&quot;:&quot;article footer&quot;,&quot;name&quot;:&quot;Mon actu&quot;,&quot;type&quot;:&quot;cta&quot;}}\" target=\"_blank\">Mon Actu<\/a>.<\/p>\n<p>                    <script async src=\"\/\/www.instagram.com\/embed.js\"><\/script><\/p>\n","protected":false},"excerpt":{"rendered":"Par Julian Doubax Publi\u00e9 le 7 janv. 2026 \u00e0 18h38 Forts du succ\u00e8s de leurs boutiques \u00e9ph\u00e9m\u00e8res, Aur\u00e9lien&hellip;\n","protected":false},"author":2,"featured_media":648315,"comment_status":"","ping_status":"","sticky":false,"template":"","format":"standard","meta":{"footnotes":""},"categories":[2817],"tags":[1111,11,1997,215,1777,674,1011,27,12,3147,2219,25,7167,104],"class_list":{"0":"post-648314","1":"post","2":"type-post","3":"status-publish","4":"format-standard","5":"has-post-thumbnail","7":"category-bordeaux","8":"tag-actu","9":"tag-actualites","10":"tag-bordeaux","11":"tag-commerce","12":"tag-eu","13":"tag-europe","14":"tag-fr","15":"tag-france","16":"tag-news","17":"tag-nouveaux-commerces","18":"tag-nouvelle-aquitaine","19":"tag-republique-francaise","20":"tag-seconde-main","21":"tag-societe"},"share_on_mastodon":{"url":"https:\/\/pubeurope.com\/@fr\/115856823285817424","error":""},"_links":{"self":[{"href":"https:\/\/www.europesays.com\/fr\/wp-json\/wp\/v2\/posts\/648314","targetHints":{"allow":["GET"]}}],"collection":[{"href":"https:\/\/www.europesays.com\/fr\/wp-json\/wp\/v2\/posts"}],"about":[{"href":"https:\/\/www.europesays.com\/fr\/wp-json\/wp\/v2\/types\/post"}],"author":[{"embeddable":true,"href":"https:\/\/www.europesays.com\/fr\/wp-json\/wp\/v2\/users\/2"}],"replies":[{"embeddable":true,"href":"https:\/\/www.europesays.com\/fr\/wp-json\/wp\/v2\/comments?post=648314"}],"version-history":[{"count":0,"href":"https:\/\/www.europesays.com\/fr\/wp-json\/wp\/v2\/posts\/648314\/revisions"}],"wp:featuredmedia":[{"embeddable":true,"href":"https:\/\/www.europesays.com\/fr\/wp-json\/wp\/v2\/media\/648315"}],"wp:attachment":[{"href":"https:\/\/www.europesays.com\/fr\/wp-json\/wp\/v2\/media?parent=648314"}],"wp:term":[{"taxonomy":"category","embeddable":true,"href":"https:\/\/www.europesays.com\/fr\/wp-json\/wp\/v2\/categories?post=648314"},{"taxonomy":"post_tag","embeddable":true,"href":"https:\/\/www.europesays.com\/fr\/wp-json\/wp\/v2\/tags?post=648314"}],"curies":[{"name":"wp","href":"https:\/\/api.w.org\/{rel}","templated":true}]}}