{"id":648319,"date":"2026-01-08T01:14:13","date_gmt":"2026-01-08T01:14:13","guid":{"rendered":"https:\/\/www.europesays.com\/fr\/648319\/"},"modified":"2026-01-08T01:14:13","modified_gmt":"2026-01-08T01:14:13","slug":"nos-idees-sorties-du-week-end-des-10-et-11-janvier-a-toulouse","status":"publish","type":"post","link":"https:\/\/www.europesays.com\/fr\/648319\/","title":{"rendered":"Nos id\u00e9es sorties du week-end des 10 et 11 janvier \u00e0 Toulouse"},"content":{"rendered":"<p>ICI Occitanie vous offre des id\u00e9es sorties pour le week-end des 10 et 11 janvier. Entre culture et loisirs, laissez-vous inspirer par notre s\u00e9lection d&rsquo;activit\u00e9s \u00e0 faire en famille, entre amis, ou solo pour profiter pleinement du week-end<\/p>\n<p>ICI Occitanie a s\u00e9lectionn\u00e9 pour vous des id\u00e9es de sorties pour ce week-end\u00a0: expositions, \u2026 Trouvez celle qui vous pla\u00eet<\/p>\n<p>Samedis Percussions du Monde \u00e0 Toulouse<\/p>\n<p>Chaque samedi apr\u00e8s-midi, de l\u2019\u00c9piphanie aux Jours Gras, Toulouse se laisse gagner par l\u2019esprit du carnaval avec les <strong>Samedis Percussions du Monde<\/strong>, <strong>une parenth\u00e8se festive et participative, gratuite et ouverte \u00e0 toutes et tous.<\/strong> Musiciens et danseurs investissent l\u2019espace public pour faire r\u00e9sonner percussions, chants et danses venues du monde entier, invitant les habitants \u00e0 oublier la grisaille hivernale et \u00e0 c\u00e9l\u00e9brer ensemble le retour prochain du printemps. Samedi 10 janvier, la f\u00eate commencera de 15h30 \u00e0 16h avec Alkiminiasur la place Saint-Pierreet Twopikal All Star sur la place de l\u2019Europe, avant de se poursuivre de 16h30 \u00e0 17h aux m\u00eames endroits. La liesse collective se d\u00e9placera ensuite de 17h15 \u00e0 17h45 avec Karnival\u2019Vybz au Carr\u00e9 Maourine et Bagass\u2019Perkissyon sur le parvis Giscard d\u2019Estaing, dans une ambiance carnavalesque o\u00f9 costumes, masques et danse collective sont vivement encourag\u00e9s.<\/p>\n<p>Plus d&rsquo;infos\u00a0:\u00a0<a target=\"_blank\" rel=\"nofollow noopener noreferrer\" class=\"IciLink ici-link IciArticleLink g-ici-body-regular-1 underline brand svelte-1chfe2s\" href=\"https:\/\/carnavaldetoulouse.fr\/SiteCarnaval\/les-evenements-2026\/\">https:\/\/carnavaldetoulouse.fr\/SiteCarnaval\/les-evenements-2026\/<\/a><\/p>\n<p> <img decoding=\"async\" src=\"https:\/\/www.europesays.com\/fr\/wp-content\/uploads\/2026\/01\/1767834851_391_1280.jpeg\" alt=\"illustration agrandir l'image\" style=\"--_image-preview:url('data:image\/jpeg;base64,\/9j\/2wBDACgcHiMeGSgjISMtKygwPGRBPDc3PHtYXUlkkYCZlo+AjIqgtObDoKrarYqMyP\/L2u71\/\/\/\/m8H\/\/\/\/6\/+b9\/\/j\/2wBDASstLTw1PHZBQXb4pYyl+Pj4+Pj4+Pj4+Pj4+Pj4+Pj4+Pj4+Pj4+Pj4+Pj4+Pj4+Pj4+Pj4+Pj4+Pj4+Pj4+Pj\/wAARCAAhACoDASIAAhEBAxEB\/8QAFwABAQEBAAAAAAAAAAAAAAAAAAECA\/\/EABgQAQEBAQEAAAAAAAAAAAAAAAABERIC\/8QAFgEBAQEAAAAAAAAAAAAAAAAAAAEC\/8QAFBEBAAAAAAAAAAAAAAAAAAAAAP\/aAAwDAQACEQMRAD8A6Ws6zfSdI03prn0nQOl9J0530dIFrN9FZqi9GsoDWmsiDaUFREABQZV\/\/9k=');\" loading=\"lazy\" fetchpriority=\"low\" class=\"svelte-1cksh76 rounded\" onload=\"this.__e=event\" onerror=\"this.__e=event\"\/> Samedis percussions \u00e0 Toulouse \u00a9 Aucun(e)  Nouveaut\u00e9s au Mus\u00e9e des Augustins<\/p>\n<p>Rouvert apr\u00e8s 6 ans de travaux, le <strong>Mus\u00e9e des Augustins<\/strong> s\u2019impose \u00e0 nouveau comme l&rsquo;\u00e9tape culturelle incontournable du centre-ville de Toulouse. Avec son nouveau pavillon d\u2019accueil contemporain rue de Metz, le mus\u00e9e propose un voyage artistique renouvel\u00e9, m\u00ealant ses c\u00e9l\u00e8bres sculptures romanes \u00e0 des parcours th\u00e9matiques in\u00e9dits autour du \u00ab\u00a0Ciel\u00a0\u00bb. Entre deux chefs-d\u2019\u0153uvre, vous pourrez d\u00e9sormais profiter d&rsquo;ateliers cr\u00e9atifs, de s\u00e9ances de yoga face aux toiles ou d&rsquo;une pause gourmande dans le nouveau caf\u00e9-boutique. C&rsquo;est l&rsquo;occasion parfaite de red\u00e9couvrir ce clo\u00eetre historique sous un angle moderne et accessible \u00e0 tous. <strong>L&rsquo;entr\u00e9e est au tarif exceptionnel de 5 \u20ac<\/strong> (3 \u20ac en r\u00e9duit) durant cette phase de r\u00e9ouverture.<\/p>\n<p>Plus d&rsquo;infos\u00a0:\u00a0<a target=\"_blank\" rel=\"nofollow noopener noreferrer\" class=\"IciLink ici-link IciArticleLink g-ici-body-regular-1 underline brand svelte-1chfe2s\" href=\"https:\/\/augustins.toulouse.fr\/\">https:\/\/augustins.toulouse.fr\/<\/a><\/p>\n<p> <img decoding=\"async\" src=\"https:\/\/www.europesays.com\/fr\/wp-content\/uploads\/2026\/01\/1767834852_245_1280.jpeg\" alt=\"illustration agrandir l'image\" style=\"--_image-preview:url('data:image\/jpeg;base64,\/9j\/2wBDACgcHiMeGSgjISMtKygwPGRBPDc3PHtYXUlkkYCZlo+AjIqgtObDoKrarYqMyP\/L2u71\/\/\/\/m8H\/\/\/\/6\/+b9\/\/j\/2wBDASstLTw1PHZBQXb4pYyl+Pj4+Pj4+Pj4+Pj4+Pj4+Pj4+Pj4+Pj4+Pj4+Pj4+Pj4+Pj4+Pj4+Pj4+Pj4+Pj4+Pj\/wAARCAAYACoDASIAAhEBAxEB\/8QAFwABAQEBAAAAAAAAAAAAAAAAAAECBP\/EABUQAQEAAAAAAAAAAAAAAAAAAAAR\/8QAFgEBAQEAAAAAAAAAAAAAAAAAAAEC\/8QAFBEBAAAAAAAAAAAAAAAAAAAAAP\/aAAwDAQACEQMRAD8A4YkaGG0hFFRmJGkBQGVAAEBR\/9k=');\" loading=\"lazy\" fetchpriority=\"low\" class=\"svelte-1cksh76 rounded\" onload=\"this.__e=event\" onerror=\"this.__e=event\"\/> Mus\u00e9e des Augustins \u00a9 Aucun(e)  Conf\u00e9rence sur l\u2019avenir de l\u2019audiovisuel public avec Laurence Bloch \u00e0 Science Po<\/p>\n<p>Lundi 12 janvier, Laurence Bloch, ancienne directrice de France Inter et directrice des antennes et de la strat\u00e9gie \u00e9ditoriale de Radio France, sera \u00e0 Science Po Toulouse. De 18h \u00e0 20h, elle animera, dans l\u2019amphith\u00e9\u00e2tre MB4, une conf\u00e9rence gratuite organis\u00e9e par les associations \u00e9tudiantes Po&rsquo;s Culture et Caract\u00e8res\u00a0: \u201cl\u2019audiovisuel public a-t-il encore de l\u2019avenir\u00a0?\u201d et signer, avec la librairie Ombres Blanches, son livre Radioactive.<\/p>\n<p>Inscription gratuite et obligatoire\u00a0: <a target=\"_blank\" rel=\"nofollow noopener noreferrer\" class=\"IciLink ici-link IciArticleLink g-ici-body-regular-1 underline brand svelte-1chfe2s\" href=\"https:\/\/www.helloasso.com\/associations\/po-s-culture\/evenements\/conference-de-laurence-bloch\">https:\/\/www.helloasso.com\/associations\/po-s-culture\/evenements\/conference-de-laurence-bloch<\/a><\/p>\n<p> <img decoding=\"async\" src=\"https:\/\/www.europesays.com\/fr\/wp-content\/uploads\/2026\/01\/1767834852_75_1280.jpeg\" alt=\"illustration agrandir l'image\" style=\"--_image-preview:url('data:image\/jpeg;base64,\/9j\/2wBDACgcHiMeGSgjISMtKygwPGRBPDc3PHtYXUlkkYCZlo+AjIqgtObDoKrarYqMyP\/L2u71\/\/\/\/m8H\/\/\/\/6\/+b9\/\/j\/2wBDASstLTw1PHZBQXb4pYyl+Pj4+Pj4+Pj4+Pj4+Pj4+Pj4+Pj4+Pj4+Pj4+Pj4+Pj4+Pj4+Pj4+Pj4+Pj4+Pj4+Pj\/wAARCAAfACoDASIAAhEBAxEB\/8QAGQAAAwADAAAAAAAAAAAAAAAAAgMEAAEF\/8QAGRABAQEBAQEAAAAAAAAAAAAAAgABEgMR\/8QAFwEBAQEBAAAAAAAAAAAAAAAAAQIAA\/\/EABYRAQEBAAAAAAAAAAAAAAAAAAABEf\/aAAwDAQACEQMRAD8A6y2UlbSkpQqQfURVP3EXZsVnYvsgKZ1KU7UhqZ6bTvYdIzVEVI3YzsGqwp3VL57O+1Ir\/9k=');\" loading=\"lazy\" fetchpriority=\"low\" class=\"svelte-1cksh76 rounded\" onload=\"this.__e=event\" onerror=\"this.__e=event\"\/> Laurence Bloch \u00e0 Toulouse \u00a9 Aucun(e) &#8211; Christophe Abramowitz  Exposition Dal\u00ed<\/p>\n<p>Pour la premi\u00e8re fois, <strong>Salvador Dal\u00ed s\u2019invite \u00e0 Toulouse<\/strong> dans une exposition exceptionnelle \u00e0 l\u2019H\u00f4tel Albert 1er, r\u00e9unissant pr\u00e8s de <strong>100 \u0153uvres rares<\/strong> issues de collections priv\u00e9es. Sculptures, lithographies, livres, design et objets d\u2019art d\u00e9voilent un Dal\u00ed <strong>audacieux et surprenant<\/strong>, bien au-del\u00e0 de la peinture. Le parcours immersif explore <strong>six grands th\u00e8mes<\/strong> r\u00e9v\u00e9lant toute la cr\u00e9ativit\u00e9 du ma\u00eetre du surr\u00e9alisme. <strong>Jusqu\u2019au 8 f\u00e9vrier<\/strong>, de 10h \u00e0 20h, vivez une exp\u00e9rience artistique unique.<br \/>Tarifs\u00a0: 15\u20ac adulte, 12\u20ac r\u00e9duit, 8\u20ac enfant, gratuit pour les moins de 7 ans.<\/p>\n<p>Plus d&rsquo;infos\u00a0:\u00a0<a target=\"_blank\" rel=\"nofollow noopener noreferrer\" class=\"IciLink ici-link IciArticleLink g-ici-body-regular-1 underline brand svelte-1chfe2s\" href=\"https:\/\/www.toulouse-tourisme.com\/agenda\/dali-sinvite-a-toulouse\/\">https:\/\/www.toulouse-tourisme.com\/agenda\/dali-sinvite-a-toulouse\/<\/a><\/p>\n<p> <img decoding=\"async\" src=\"https:\/\/www.europesays.com\/fr\/wp-content\/uploads\/2026\/01\/1767834853_932_1280.jpeg\" alt=\"illustration agrandir l'image\" style=\"--_image-preview:url('data:image\/jpeg;base64,\/9j\/2wBDACgcHiMeGSgjISMtKygwPGRBPDc3PHtYXUlkkYCZlo+AjIqgtObDoKrarYqMyP\/L2u71\/\/\/\/m8H\/\/\/\/6\/+b9\/\/j\/2wBDASstLTw1PHZBQXb4pYyl+Pj4+Pj4+Pj4+Pj4+Pj4+Pj4+Pj4+Pj4+Pj4+Pj4+Pj4+Pj4+Pj4+Pj4+Pj4+Pj4+Pj\/wAARCAAhACoDASIAAhEBAxEB\/8QAGAAAAwEBAAAAAAAAAAAAAAAAAAEDAgT\/xAAYEAEBAQEBAAAAAAAAAAAAAAAAAQIREv\/EABUBAQEAAAAAAAAAAAAAAAAAAAAB\/8QAFBEBAAAAAAAAAAAAAAAAAAAAAP\/aAAwDAQACEQMRAD8Aea3K586UmkVbp9SmjmkVTo6x0+iuKVuaRlalEVmmppHp9FXmj9IzR+gQhgAZgAYAB\/\/Z');\" loading=\"lazy\" fetchpriority=\"low\" class=\"svelte-1cksh76 rounded\" onload=\"this.__e=event\" onerror=\"this.__e=event\"\/> Expo Dal\u00ed \u00e0 Toulouse \u00a9 Aucun(e)  <\/p>\n","protected":false},"excerpt":{"rendered":"ICI Occitanie vous offre des id\u00e9es sorties pour le week-end des 10 et 11 janvier. Entre culture et&hellip;\n","protected":false},"author":2,"featured_media":648320,"comment_status":"","ping_status":"","sticky":false,"template":"","format":"standard","meta":{"footnotes":""},"categories":[2816],"tags":[1111,11,1777,674,1011,27,12,2680,25,2312],"class_list":{"0":"post-648319","1":"post","2":"type-post","3":"status-publish","4":"format-standard","5":"has-post-thumbnail","7":"category-toulouse","8":"tag-actu","9":"tag-actualites","10":"tag-eu","11":"tag-europe","12":"tag-fr","13":"tag-france","14":"tag-news","15":"tag-occitanie","16":"tag-republique-francaise","17":"tag-toulouse"},"share_on_mastodon":{"url":"https:\/\/pubeurope.com\/@fr\/115856832298673935","error":""},"_links":{"self":[{"href":"https:\/\/www.europesays.com\/fr\/wp-json\/wp\/v2\/posts\/648319","targetHints":{"allow":["GET"]}}],"collection":[{"href":"https:\/\/www.europesays.com\/fr\/wp-json\/wp\/v2\/posts"}],"about":[{"href":"https:\/\/www.europesays.com\/fr\/wp-json\/wp\/v2\/types\/post"}],"author":[{"embeddable":true,"href":"https:\/\/www.europesays.com\/fr\/wp-json\/wp\/v2\/users\/2"}],"replies":[{"embeddable":true,"href":"https:\/\/www.europesays.com\/fr\/wp-json\/wp\/v2\/comments?post=648319"}],"version-history":[{"count":0,"href":"https:\/\/www.europesays.com\/fr\/wp-json\/wp\/v2\/posts\/648319\/revisions"}],"wp:featuredmedia":[{"embeddable":true,"href":"https:\/\/www.europesays.com\/fr\/wp-json\/wp\/v2\/media\/648320"}],"wp:attachment":[{"href":"https:\/\/www.europesays.com\/fr\/wp-json\/wp\/v2\/media?parent=648319"}],"wp:term":[{"taxonomy":"category","embeddable":true,"href":"https:\/\/www.europesays.com\/fr\/wp-json\/wp\/v2\/categories?post=648319"},{"taxonomy":"post_tag","embeddable":true,"href":"https:\/\/www.europesays.com\/fr\/wp-json\/wp\/v2\/tags?post=648319"}],"curies":[{"name":"wp","href":"https:\/\/api.w.org\/{rel}","templated":true}]}}