{"id":648324,"date":"2026-01-08T01:18:15","date_gmt":"2026-01-08T01:18:15","guid":{"rendered":"https:\/\/www.europesays.com\/fr\/648324\/"},"modified":"2026-01-08T01:18:15","modified_gmt":"2026-01-08T01:18:15","slug":"joueurs-amateurs-on-nest-pas-habitues-a-ca-bain-de-foule-des-footballeurs-de-bayeux-a-six-jours-de-jouer-marseille","status":"publish","type":"post","link":"https:\/\/www.europesays.com\/fr\/648324\/","title":{"rendered":"\u201cJoueurs amateurs, on n\u2019est pas habitu\u00e9s \u00e0 \u00e7a\u201d &#8211; bain de foule des footballeurs de Bayeux \u00e0 six jours de jouer Marseille"},"content":{"rendered":"<p>L\u2019un des sponsors de la coupe de France de football a organis\u00e9 une c\u00e9r\u00e9monie publique ce mercredi 7 janvier\u00a0: une \u201cremise des maillots\u201d que les joueurs porteront le 13 janvier contre l&rsquo;Olympique de Marseille. Ils ont re\u00e7u les encouragements de 200 supporters.<\/p>\n<p>Poser pour la photo, signer des autographes et r\u00e9pondre aux acclamations de la foule. Des moments habituels pour des footballeurs professionnels, mais uniques pour les joueurs amateurs du Bayeux FC, qualifi\u00e9s pour les 16e de finale de la coupe de France. Ce mercredi, ils \u00e9taient invit\u00e9s \u00e0 recevoir en public, devant environ 200 personnes, les maillots qu\u2019ils porteront mardi prochain contre l\u2019Olympique de Marseille. Une petite c\u00e9r\u00e9monie \u00e0 Saint-Vigor-le-Grand, dans les locaux d\u2019un supermarch\u00e9 dont l\u2019enseigne est l\u2019un des sponsors de la coupe de France.<\/p>\n<p>Des \u00e9charpes jaune et bleu -couleurs du club- autour du cou, les supporters ont r\u00e9serv\u00e9 une ovation \u00e0 chacun des 20 joueurs, appel\u00e9s un \u00e0 un pour recevoir le maillot qu\u2019ils porteront lors du match contre Marseille. L\u2019occasion pour chacun de savourer un moment d\u2019encouragement et de remerciement pour ce parcours accompli cette saison en coupe de France. Le milieu de terrain Julien Marazzi profite de l&rsquo;effervescence. \u201cOn est un club amateur, on n\u2019est pas pr\u00eats pour vivre \u00e7a\u201d sourit le joueur de 27 ans. \u201cOn se met un peu dans la peau de joueurs professionnels le temps d\u2019une journ\u00e9e, d\u2019une semaine. C\u2019est top, il faut en profiter\u00a0!\u201d. Dans la foule, des enfants, des supporters r\u00e9guliers mais aussi des familles. \u201cJe suis tr\u00e8s fi\u00e8re de lui\u201d souffle Prysille, la maman de Julien Marazzi. \u201cJe pense qu\u2019il est un peu stress\u00e9 mais il ne le dit pas. Mais il est aussi heureux. C\u2019est une \u00e9quipe qui a de la coh\u00e9sion, qui vit un moment unique. Ils s\u2019en souviendront toute leur vie\u201d. Mardi prochain, toute la famille Marazzi sera \u00e0 d&rsquo;Ornano pour ce match exceptionnel du fiston.<\/p>\n<p>\u00c0 lire aussi   <img decoding=\"async\" src=\"https:\/\/www.europesays.com\/fr\/wp-content\/uploads\/2026\/01\/1767835094_447_400x400.jpeg\" alt=\"\" style=\"--_image-preview:url('data:image\/jpeg;base64,\/9j\/2wBDACgcHiMeGSgjISMtKygwPGRBPDc3PHtYXUlkkYCZlo+AjIqgtObDoKrarYqMyP\/L2u71\/\/\/\/m8H\/\/\/\/6\/+b9\/\/j\/2wBDASstLTw1PHZBQXb4pYyl+Pj4+Pj4+Pj4+Pj4+Pj4+Pj4+Pj4+Pj4+Pj4+Pj4+Pj4+Pj4+Pj4+Pj4+Pj4+Pj4+Pj\/wAARCAAXACoDASIAAhEBAxEB\/8QAGAABAAMBAAAAAAAAAAAAAAAAAAECAwT\/xAAZEAEBAAMBAAAAAAAAAAAAAAAAEgECERP\/xAAWAQEBAQAAAAAAAAAAAAAAAAACAQD\/xAAVEQEBAAAAAAAAAAAAAAAAAAAAEf\/aAAwDAQACEQMRAD8A1zsrnZlaM7orWi2OdlbIXT6J9HLabZIzsoBI6r0CQ6igZn\/\/2Q==');\" loading=\"lazy\" fetchpriority=\"low\" aria-hidden=\"true\" class=\"svelte-1cksh76 rounded\" onload=\"this.__e=event\" onerror=\"this.__e=event\"\/><\/p>\n<p>Tout sourire, les joueurs ont pu mesurer leur popularit\u00e9 n\u00e9e lors de l\u2019exploit contre le Stade Malherbe Caen (<a class=\"IciLink ici-link IciArticleLink g-ici-body-regular-1 underline brand svelte-1chfe2s\" href=\"https:\/\/www.francebleu.fr\/sports\/football\/direct-coupe-de-france-le-bayeux-fc-met-le-sm-caen-en-souffrance-a-la-mi-temps-2-1-3906679\" target=\"_blank\" rel=\"noopener\">victoire 3-2 lors du 6e tour<\/a>), acte fondateur de leur \u00e9pop\u00e9e. \u201c\u00c7a fait bizarre de voir autant de monde pour nous. C\u2019est gratifiant, \u00e7a montre qu\u2019on fait quelque chose d\u2019exceptionnel cette saison\u201d observe Corentin Driaux, l\u2019un des deux gardiens de but, parall\u00e8lement \u00e0 son travail de surveillant dans un coll\u00e8ge. \u201cTous les enfants viennent me voir avec des \u00e9toiles dans les yeux\u201d. Quant \u00e0 savoir si ces attentions mettent la pression ou donnent un coup de boost\u00a0? \u201cUn coup de boost\u201d tranche le joueur de 27 ans, pr\u00e9sent au club depuis neuf ans.<\/p>\n<p>\u201cC\u2019est vraiment une bande de potes avec beaucoup de solidarit\u00e9\u201d t\u00e9moignage Justine, la compagne d\u2019Eliott P\u00e9an, milieu de terrain qui travaille d\u2019arrache-pied pour \u00eatre r\u00e9tabli apr\u00e8s une blessure subie fin octobre. \u201cTous ses co\u00e9quipiers le soutiennent et l\u2019encouragent. C\u2019est un super groupe tr\u00e8s soud\u00e9, on le voit quand on va prendre un verre apr\u00e8s les matchs\u201d. Un groupe qui aura ces valeurs de solidarit\u00e9s \u00e0 opposer \u00e0 l\u2019Olympique de Marseille mardi 13 janvier au stade Michel d\u2019Ornano \u00e0 Caen.<\/p>\n<p>\u00c0 lire aussi   <img decoding=\"async\" src=\"https:\/\/www.europesays.com\/fr\/wp-content\/uploads\/2026\/01\/1767835094_434_400x400.jpeg\" alt=\"\" style=\"--_image-preview:url('data:image\/jpeg;base64,\/9j\/2wBDACgcHiMeGSgjISMtKygwPGRBPDc3PHtYXUlkkYCZlo+AjIqgtObDoKrarYqMyP\/L2u71\/\/\/\/m8H\/\/\/\/6\/+b9\/\/j\/2wBDASstLTw1PHZBQXb4pYyl+Pj4+Pj4+Pj4+Pj4+Pj4+Pj4+Pj4+Pj4+Pj4+Pj4+Pj4+Pj4+Pj4+Pj4+Pj4+Pj4+Pj\/wAARCAAXACoDASIAAhEBAxEB\/8QAFwABAQEBAAAAAAAAAAAAAAAAAAECBf\/EABYQAQEBAAAAAAAAAAAAAAAAAAABEf\/EABYBAQEBAAAAAAAAAAAAAAAAAAEAAv\/EABURAQEAAAAAAAAAAAAAAAAAAAAB\/9oADAMBAAIRAxEAPwDsWs2lrNoRagJLFSKUlqAySRqQDAuGAU\/\/2Q==');\" loading=\"lazy\" fetchpriority=\"low\" aria-hidden=\"true\" class=\"svelte-1cksh76 rounded\" onload=\"this.__e=event\" onerror=\"this.__e=event\"\/>\u00c0 lire aussi   <img decoding=\"async\" src=\"https:\/\/www.europesays.com\/fr\/wp-content\/uploads\/2026\/01\/1767835095_249_400x400.jpeg\" alt=\"\" style=\"--_image-preview:url('data:image\/jpeg;base64,\/9j\/2wBDACgcHiMeGSgjISMtKygwPGRBPDc3PHtYXUlkkYCZlo+AjIqgtObDoKrarYqMyP\/L2u71\/\/\/\/m8H\/\/\/\/6\/+b9\/\/j\/2wBDASstLTw1PHZBQXb4pYyl+Pj4+Pj4+Pj4+Pj4+Pj4+Pj4+Pj4+Pj4+Pj4+Pj4+Pj4+Pj4+Pj4+Pj4+Pj4+Pj4+Pj\/wAARCAAXACoDASIAAhEBAxEB\/8QAGAAAAwEBAAAAAAAAAAAAAAAAAAIDAQT\/xAAYEAEBAQEBAAAAAAAAAAAAAAAAAQIREv\/EABYBAQEBAAAAAAAAAAAAAAAAAAABAv\/EABURAQEAAAAAAAAAAAAAAAAAAAAB\/9oADAMBAAIRAxEAPwCvodTlaDbUtU9S1UC6I21gOqG4AzWi6iWgFglS9AVl\/9k=');\" loading=\"lazy\" fetchpriority=\"low\" aria-hidden=\"true\" class=\"svelte-1cksh76 rounded\" onload=\"this.__e=event\" onerror=\"this.__e=event\"\/><\/p>\n","protected":false},"excerpt":{"rendered":"L\u2019un des sponsors de la coupe de France de football a organis\u00e9 une c\u00e9r\u00e9monie publique ce mercredi 7&hellip;\n","protected":false},"author":2,"featured_media":648325,"comment_status":"","ping_status":"","sticky":false,"template":"","format":"standard","meta":{"footnotes":""},"categories":[2814],"tags":[1111,11,1777,674,1011,27,884,12,882,25],"class_list":{"0":"post-648324","1":"post","2":"type-post","3":"status-publish","4":"format-standard","5":"has-post-thumbnail","7":"category-marseille","8":"tag-actu","9":"tag-actualites","10":"tag-eu","11":"tag-europe","12":"tag-fr","13":"tag-france","14":"tag-marseille","15":"tag-news","16":"tag-provence-alpes-cote-dazur","17":"tag-republique-francaise"},"share_on_mastodon":{"url":"https:\/\/pubeurope.com\/@fr\/115856848031634427","error":""},"_links":{"self":[{"href":"https:\/\/www.europesays.com\/fr\/wp-json\/wp\/v2\/posts\/648324","targetHints":{"allow":["GET"]}}],"collection":[{"href":"https:\/\/www.europesays.com\/fr\/wp-json\/wp\/v2\/posts"}],"about":[{"href":"https:\/\/www.europesays.com\/fr\/wp-json\/wp\/v2\/types\/post"}],"author":[{"embeddable":true,"href":"https:\/\/www.europesays.com\/fr\/wp-json\/wp\/v2\/users\/2"}],"replies":[{"embeddable":true,"href":"https:\/\/www.europesays.com\/fr\/wp-json\/wp\/v2\/comments?post=648324"}],"version-history":[{"count":0,"href":"https:\/\/www.europesays.com\/fr\/wp-json\/wp\/v2\/posts\/648324\/revisions"}],"wp:featuredmedia":[{"embeddable":true,"href":"https:\/\/www.europesays.com\/fr\/wp-json\/wp\/v2\/media\/648325"}],"wp:attachment":[{"href":"https:\/\/www.europesays.com\/fr\/wp-json\/wp\/v2\/media?parent=648324"}],"wp:term":[{"taxonomy":"category","embeddable":true,"href":"https:\/\/www.europesays.com\/fr\/wp-json\/wp\/v2\/categories?post=648324"},{"taxonomy":"post_tag","embeddable":true,"href":"https:\/\/www.europesays.com\/fr\/wp-json\/wp\/v2\/tags?post=648324"}],"curies":[{"name":"wp","href":"https:\/\/api.w.org\/{rel}","templated":true}]}}