{"id":648326,"date":"2026-01-08T01:19:19","date_gmt":"2026-01-08T01:19:19","guid":{"rendered":"https:\/\/www.europesays.com\/fr\/648326\/"},"modified":"2026-01-08T01:19:19","modified_gmt":"2026-01-08T01:19:19","slug":"ce-nest-pas-pensable-de-vivre-ici-on-se-moque-de-nous-ragent-les-habitants-de-cette-residence","status":"publish","type":"post","link":"https:\/\/www.europesays.com\/fr\/648326\/","title":{"rendered":"\u00ab\u00a0Ce n\u2019est pas pensable de vivre ici, on se moque de nous\u00a0\u00bb, ragent les habitants de cette r\u00e9sidence"},"content":{"rendered":"<p>\u00ab\u00a0C\u2019est bien simple, si je ne nettoie pas moi-m\u00eame les crachats et autres d\u00e9chets dans les escaliers de mon immeuble, ils y restent pendant des semaines. Nous payons des charges pour le nettoyage, nous demandons simplement \u00e0 ce qu\u2019il soit fait\u00a0!\u00a0\u00bb Au c\u0153ur de la tr\u00e8s grande r\u00e9sidence Marius-Donjon, qui se d\u00e9ploie du 15 au 25 de la rue Louis-Loucheur, dans le quartier Gorge-de-Loup, \u00ab\u00a0l\u2019hygi\u00e8ne n\u2019est vraiment pas au rendez-vous\u00a0\u00bb.<\/p>\n<p>Sollicit\u00e9 par une poign\u00e9e d\u2019habitants de plusieurs immeubles, Le Progr\u00e8s a pu faire un tour du propri\u00e9taire ce lundi 5\u00a0janvier. \u00c0 l\u2019ext\u00e9rieur, comme \u00e0 l\u2019int\u00e9rieur, il y aurait en effet un peu de travail pour apaiser les tensions.<\/p>\n<p>Des d\u00e9chets dans les moindres recoins<\/p>\n<p>Outre les escaliers cit\u00e9s plus haut, les abords des b\u00e2timents ne sont pas plus reluisants. Les d\u00e9chets de toutes sortes jonchent le sol et ce, dans les moindres recoins, allant jusqu\u2019\u00e0 rendre inaccessibles les bancs install\u00e9s dans les cours. Dans les&#8230;<\/p>\n","protected":false},"excerpt":{"rendered":"\u00ab\u00a0C\u2019est bien simple, si je ne nettoie pas moi-m\u00eame les crachats et autres d\u00e9chets dans les escaliers de&hellip;\n","protected":false},"author":2,"featured_media":648327,"comment_status":"","ping_status":"","sticky":false,"template":"","format":"standard","meta":{"footnotes":""},"categories":[1889],"tags":[1111,11,2430,4749,33,2757,1777,674,107,1011,27,1908,2428,2756,12,25,2429,104],"class_list":{"0":"post-648326","1":"post","2":"type-post","3":"status-publish","4":"format-standard","5":"has-post-thumbnail","7":"category-lyon","8":"tag-actu","9":"tag-actualites","10":"tag-auvergne-rhone-alpes","11":"tag-btp-et-chantiers","12":"tag-economie","13":"tag-edition-lyon-villeurbanne","14":"tag-eu","15":"tag-europe","16":"tag-fil-info","17":"tag-fr","18":"tag-france","19":"tag-logement","20":"tag-lyon","21":"tag-lyon-bassin","22":"tag-news","23":"tag-republique-francaise","24":"tag-rhone","25":"tag-societe"},"share_on_mastodon":{"url":"https:\/\/pubeurope.com\/@fr\/115856852114493579","error":""},"_links":{"self":[{"href":"https:\/\/www.europesays.com\/fr\/wp-json\/wp\/v2\/posts\/648326","targetHints":{"allow":["GET"]}}],"collection":[{"href":"https:\/\/www.europesays.com\/fr\/wp-json\/wp\/v2\/posts"}],"about":[{"href":"https:\/\/www.europesays.com\/fr\/wp-json\/wp\/v2\/types\/post"}],"author":[{"embeddable":true,"href":"https:\/\/www.europesays.com\/fr\/wp-json\/wp\/v2\/users\/2"}],"replies":[{"embeddable":true,"href":"https:\/\/www.europesays.com\/fr\/wp-json\/wp\/v2\/comments?post=648326"}],"version-history":[{"count":0,"href":"https:\/\/www.europesays.com\/fr\/wp-json\/wp\/v2\/posts\/648326\/revisions"}],"wp:featuredmedia":[{"embeddable":true,"href":"https:\/\/www.europesays.com\/fr\/wp-json\/wp\/v2\/media\/648327"}],"wp:attachment":[{"href":"https:\/\/www.europesays.com\/fr\/wp-json\/wp\/v2\/media?parent=648326"}],"wp:term":[{"taxonomy":"category","embeddable":true,"href":"https:\/\/www.europesays.com\/fr\/wp-json\/wp\/v2\/categories?post=648326"},{"taxonomy":"post_tag","embeddable":true,"href":"https:\/\/www.europesays.com\/fr\/wp-json\/wp\/v2\/tags?post=648326"}],"curies":[{"name":"wp","href":"https:\/\/api.w.org\/{rel}","templated":true}]}}