{"id":648330,"date":"2026-01-08T01:22:26","date_gmt":"2026-01-08T01:22:26","guid":{"rendered":"https:\/\/www.europesays.com\/fr\/648330\/"},"modified":"2026-01-08T01:22:26","modified_gmt":"2026-01-08T01:22:26","slug":"direct-neige-et-verglas-neige-du-massif-central-au-nord-est-2","status":"publish","type":"post","link":"https:\/\/www.europesays.com\/fr\/648330\/","title":{"rendered":"Direct neige et verglas : neige du Massif Central au Nord-Est"},"content":{"rendered":"<p><strong>18h<\/strong><\/p>\n<p>Le front faiblit progressivement et l&rsquo;\u00e9pisode se termine, avec encore des chutes de neige sous des temp\u00e9ratures n\u00e9gatives en plaine, notamment en Alsace, Franche-Comt\u00e9 et Rh\u00f4ne-Alpes. Ces chutes de neige devraient se poursuivre en cours de soir\u00e9e et nuit de mercredi \u00e0 jeudi sur la fa\u00e7ade est, avec l&rsquo;arriv\u00e9e d&rsquo;une nouvelle perturbation qui va traverser le pays.<\/p>\n<p><strong>17h10<\/strong><\/p>\n<p>Les chutes de neige tombent d\u00e9sormais sur l&rsquo;extr\u00eame est de la France, entre les Vosges et le Jura, mais \u00e9galement en Auvergne-Rh\u00f4ne-Alpes et jusqu&rsquo;aux confins de la Loz\u00e8re et l&rsquo;Aveyron. Entre la Lorraine et la Bourgogne, 1 \u00e0 3 cm sont globalement relev\u00e9s. De plus, pas de d\u00e9gel sous ces chutes de neige, on rel\u00e8ve \u00e0 17h, -2 \u00e0 -3\u00b0C en Lorraine et en Val de Sa\u00f4ne, -4 \u00e0 -5\u00b0C en Haute-Sa\u00f4ne et sur le plateau de Langres.<\/p>\n<p><strong>Avec la normalisation qui se poursuit en \u00cele-de-France, la N118 rouvre progressivement.<\/strong><\/p>\n<blockquote class=\"twitter-tweet\">\n<p>????? Tandis que le <a href=\"https:\/\/twitter.com\/hashtag\/froid?src=hash&amp;ref_src=twsrc%5Etfw\" target=\"_blank\" rel=\"noopener\">#froid<\/a> r\u00e9siste \u00e0 l&rsquo;est, avec une journ\u00e9e sans d\u00e9gel sous la <a href=\"https:\/\/twitter.com\/hashtag\/neige?src=hash&amp;ref_src=twsrc%5Etfw\" target=\"_blank\" rel=\"noopener\">#neige<\/a> ce mercredi, le redoux arrive progressivement par l&rsquo;ouest, avec des 7 \u00e0 10\u00b0C sur les c\u00f4tes normandes et bretonnes ! <a href=\"https:\/\/t.co\/d1jM3BUAzN\">pic.twitter.com\/d1jM3BUAzN<\/a><\/p>\n<p> \u2014 La Cha\u00eene M\u00e9t\u00e9o (@lachainemeteo) <a href=\"https:\/\/twitter.com\/lachainemeteo\/status\/2008937549642056100?ref_src=twsrc%5Etfw\" target=\"_blank\" rel=\"noopener\">January 7, 2026<\/a><\/p><\/blockquote>\n<p><strong>16h30<\/strong><\/p>\n<p>Le front neigeux progresse et concerne la fa\u00e7ade est du pays. La partie est de la Lorraine, la Franche-Comt\u00e9, le M\u00e2connais et le Lyonnais sont concern\u00e9s par des chutes de neige faibles \u00e0 mod\u00e9r\u00e9es. Prudence sur la route car les temp\u00e9ratures restent n\u00e9gatives, et la neige tient facilement au sol.<\/p>\n<blockquote class=\"twitter-tweet\">\n<p>??Le front neigeux progresse et concerne d\u00e9sormais la fa\u00e7ade est du pays, tout en perdant de son intensit\u00e9. Prudence tout de m\u00eame car les temp\u00e9ratures sont n\u00e9gatives et la <a href=\"https:\/\/twitter.com\/hashtag\/neige?src=hash&amp;ref_src=twsrc%5Etfw\" target=\"_blank\" rel=\"noopener\">#neige<\/a> tient facilement au sol ! <a href=\"https:\/\/t.co\/VSqQpxSNxf\">pic.twitter.com\/VSqQpxSNxf<\/a><\/p>\n<p> \u2014 La Cha\u00eene M\u00e9t\u00e9o (@lachainemeteo) <a href=\"https:\/\/twitter.com\/lachainemeteo\/status\/2008927155900596535?ref_src=twsrc%5Etfw\" target=\"_blank\" rel=\"noopener\">January 7, 2026<\/a><\/p><\/blockquote>\n<p><strong>15h30<\/strong><\/p>\n<p>Un temps hivernal et froid, sans d\u00e9gel, persiste du Limousin, Auvergne, Centre-est et nord-est. Les conditions de circulation \u00e9taient assez compliqu\u00e9es entre le Limousin et le Puy-de-D\u00f4me. Sur le Grand Est, les chutes de neige sont faibles mais blanchissent les sols en raison du froid persistant (-1 \u00e0 -3\u00b0C). Il neigeait ainsi \u00e0 Clermont-Ferrand (63), en Bourgogne et \u00e0 Nancy (mais restant faible : 1 \u00e0 3 cm.<\/p>\n<p>Par ailleurs, la normalisation \u00e9tait confirm\u00e9e sur la r\u00e9gion parisienne, les Hauts-de-France, le Val de Loire, avec un l\u00e9ger d\u00e9gel (+1 \u00e0 +2\u00b0C) et le retour d&rsquo;\u00e9claircies, aidant \u00e0 la fonte sur le r\u00e9seau routier. La RN 118 n&rsquo;\u00e9tait pas r\u00e9ouverte, mais sinon, il n&rsquo;y avait plus de bouchons en Ile-de-France.<\/p>\n<p><strong>14h25<\/strong><\/p>\n<p>Le front se situe d\u00e9sormais de la Moselle jusqu&rsquo;en Haute-Loire, en passant par le Lyonnais o\u00f9 les premi\u00e8res chutes de neige tombent actuellement. L&rsquo;activit\u00e9 des chutes de neige reste intense, notamment entre l&rsquo;Allier et la Loz\u00e8re, o\u00f9 les chutes de neige tombent en abondance dans le Massif Central.<\/p>\n<p><strong>13h20<\/strong><\/p>\n<p>Le front avance tr\u00e8s lentement et s&rsquo;\u00e9tend du centre de la Lorraine jusqu&rsquo;en Aveyron en passant par la Champagne. Il perd de son intensit\u00e9 en arrivant sur la fa\u00e7ade est, m\u00eame si les chutes de neige continuent d&rsquo;\u00eatre intenses entre l&rsquo;Allier et le Puy-de-D\u00f4me.<\/p>\n<blockquote class=\"twitter-tweet\">\n<p>?? La <a href=\"https:\/\/twitter.com\/hashtag\/neige?src=hash&amp;ref_src=twsrc%5Etfw\" target=\"_blank\" rel=\"noopener\">#neige<\/a> en direct, minute par minute ??<br \/>???? Suivez l\u2019\u00e9volution des chutes de neige en temps r\u00e9el gr\u00e2ce \u00e0 notre carte radar interactive.<br \/>???? <a href=\"https:\/\/twitter.com\/hashtag\/Lyon?src=hash&amp;ref_src=twsrc%5Etfw\" target=\"_blank\" rel=\"noopener\">#Lyon<\/a>, les flocons arrivent : surveillez leur progression en direct ????<br \/>???? Pour y acc\u00e9der, t\u00e9l\u00e9chargez l\u2019application La Cha\u00eene M\u00e9t\u00e9o<br \/>????\u2026 <a href=\"https:\/\/t.co\/kvrxym206I\">pic.twitter.com\/kvrxym206I<\/a><\/p>\n<p> \u2014 La Cha\u00eene M\u00e9t\u00e9o (@lachainemeteo) <a href=\"https:\/\/twitter.com\/lachainemeteo\/status\/2008879428831494462?ref_src=twsrc%5Etfw\" target=\"_blank\" rel=\"noopener\">January 7, 2026<\/a><\/p><\/blockquote>\n<p><strong>12h40<\/strong><\/p>\n<p>En ce d\u00e9but d&rsquo;apr\u00e8s-midi, le front se d\u00e9cale et concerne la Lorraine, la Champagne, la Bourgogne et s&rsquo;\u00e9tire jusqu&rsquo;au Lot. La perturbation reste bien active en progressant vers l&rsquo;est. \u00c0 l&rsquo;arri\u00e8re du front, l&rsquo;am\u00e9lioration est franche en \u00cele-de-France, o\u00f9 on rel\u00e8ve jusqu&rsquo;\u00e0 10 cm de neige au sol en hauteur totale \u00e0 Paris &#8211; Montsouris : cette valeur n&rsquo;a plus \u00e9t\u00e9 atteinte depuis f\u00e9vrier 2018.<\/p>\n<blockquote class=\"twitter-tweet\">\n<p>???? Il est tomb\u00e9 3 \u00e0 5 cm de neige suppl\u00e9mentaires ce matin en Ile-de-France. La couche de neige atteint 10 cm dans le parc Montsouris \u00e0 <a href=\"https:\/\/twitter.com\/hashtag\/Paris?src=hash&amp;ref_src=twsrc%5Etfw\" target=\"_blank\" rel=\"noopener\">#Paris<\/a>, une valeur qui n&rsquo;a pas \u00e9t\u00e9 atteinte depuis le 7 f\u00e9vrier 2018 o\u00f9 l&rsquo;on avait observ\u00e9 12 cm <a href=\"https:\/\/t.co\/SG4tVdVtOz\">pic.twitter.com\/SG4tVdVtOz<\/a><\/p>\n<p> \u2014 La Cha\u00eene M\u00e9t\u00e9o (@lachainemeteo) <a href=\"https:\/\/twitter.com\/lachainemeteo\/status\/2008865285080752280?ref_src=twsrc%5Etfw\" target=\"_blank\" rel=\"noopener\">January 7, 2026<\/a><\/p><\/blockquote>\n<p><strong>11h55<\/strong><\/p>\n<p>Le front neigeux progresse vers l&rsquo;est : l&rsquo;\u00e9pisode de neige touche \u00e0 sa fin en \u00cele-de-France, alors que les premiers flocons tombent entre la Meuse, le plateau de Langres et la C\u00f4te-d&rsquo;Or. La perturbation s&rsquo;\u00e9tend d\u00e9sormais jusqu&rsquo;en Corr\u00e8ze qui se situe en queue de front. L&rsquo;activit\u00e9 du front reste mod\u00e9r\u00e9e \u00e0 forte, notamment dans les Ardennes ainsi que dans le Cher et la Ni\u00e8vre.<\/p>\n<p><strong>On d\u00e9nombre pr\u00e8s de 2 000 foyers priv\u00e9s d&rsquo;\u00e9lectricit\u00e9, dont 600 en Pays de la Loire et 1 200 en Charente-Maritime.<\/strong><\/p>\n<p><strong>11h10<\/strong><\/p>\n<p>Le front neigeux progresse vers l&rsquo;est et s&rsquo;\u00e9tire des Ardennes jusqu&rsquo;en Charente, en passant par l&rsquo;est du Bassin parisien, la Champagne, le Limousin. 5 \u00e0 8 cm de neige fra\u00eeche sont attendus sur ces r\u00e9gions. Attention aux pluies vergla\u00e7antes entre l&rsquo;Indre et le Poitou. La perturbation va progresser vers l&rsquo;est dans le courant de l&rsquo;apr\u00e8s-midi tout en perdant progressivement de son intensit\u00e9.<\/p>\n<p><strong>La circulation des trains est tr\u00e8s perturb\u00e9e en r\u00e9gion parisienne, avec jusqu&rsquo;\u00e0 2 heures de retard au d\u00e9part et \u00e0 l&rsquo;arriv\u00e9e \u00e0 la Gare de Lyon.<\/strong><\/p>\n<p><strong>10h20<\/strong><\/p>\n<p>Le front neigeux glisse doucement en direction du sud-est de l&rsquo;\u00cele-de-France apr\u00e8s \u00eatre pass\u00e9 sur le nord et la capitale. Il va progressivement perdre en intensit\u00e9 dans l&rsquo;apr\u00e8s-midi en direction des r\u00e9gions de l&rsquo;est mais conserve pour l&rsquo;heure une activit\u00e9 mod\u00e9r\u00e9e. <strong>La circulation des trains Intercit\u00e9s est interrompue entre Nantes et Bordeaux en raison des conditions m\u00e9t\u00e9orologiques.<\/strong><\/p>\n<p>\n            <img loading=\"lazy\" decoding=\"async\" class=\"lazyload\" bad-src=\"data:image\/png;base64,R0lGODlhAQABAAD\/ACwAAAAAAQABAAACADs=\" src=\"https:\/\/www.europesays.com\/fr\/wp-content\/uploads\/2026\/01\/1767826940_248_658x370_80_300_000000x30x0.jpg\"   width=\"658\" height=\"370\"\/><br \/>\n                Progression du front neigeux pour ces prochaines heures \u00a9 La Cha\u00eene M\u00e9t\u00e9o<\/p>\n<p><strong>9h55<\/strong><\/p>\n<p>La neige poursuit sa route vers la Champagne-Ardenne et l&rsquo;ouest de la Bourgogne. Des Hauts de France au Bassin parisien le gros de la neige devrait s&rsquo;\u00e9vacuer apr\u00e8s 11 heures. Il est tomb\u00e9 3 \u00e0 5 cm suppl\u00e9mentaires ces derni\u00e8res heures et la couche de neige au sud atteint par endroits 10 cm dans les Yvelines et en Picardie.<\/p>\n<p>Attention aux pluies vergla\u00e7antes du nord de la Nouvelle-Aquitaine au Maine et \u00e0 la Touraine. Les chauss\u00e9es sont encore gel\u00e9es et se transforment en patinoire.<\/p>\n<blockquote class=\"twitter-tweet\">\n<p>????La perturbation neigeuse (en rose) continue de progresser vers l&rsquo;est et s&rsquo;\u00e9tend du Centre-Val de Loire \u00e0 la Belgique en passant par l&rsquo;Ile-de-France. Les hauteurs de neige fra\u00eeche sont de l&rsquo;ordre de 2 \u00e0 5 cm. La neige est souffl\u00e9e par les fortes rafales de vent. L&rsquo;am\u00e9lioration\u2026 <a href=\"https:\/\/t.co\/jjyOLQ5B5y\">pic.twitter.com\/jjyOLQ5B5y<\/a><\/p>\n<p> \u2014 La Cha\u00eene M\u00e9t\u00e9o (@lachainemeteo) <a href=\"https:\/\/twitter.com\/lachainemeteo\/status\/2008823513667293569?ref_src=twsrc%5Etfw\" target=\"_blank\" rel=\"noopener\">January 7, 2026<\/a><\/p><\/blockquote>\n<p><strong>9h15<\/strong><\/p>\n<p>La situation continue de se compliquer en Ile-de-France avec plus de 800 km de bouchons li\u00e9 \u00e0 ce nouvel \u00e9pisode de neige apportant 2 \u00e0 3 cm de neige suppl\u00e9mentaire au sol sous des temp\u00e9ratures de -1 \u00e0 -2\u00b0C et un vent soutenu avec des rafales \u00e0 40-50 km\/h par moments. C&rsquo;est tout un axe allant du Centre-Val de Loire \u00e0 la m\u00e9tropole lilloise qui est touch\u00e9 par la perturbation neigeuse. Grande prudence sur l&rsquo;A1 et l&rsquo;A4 o\u00f9 la circulation devient compliqu\u00e9e. Reportez autant que possible vos d\u00e9placements.<\/p>\n<blockquote class=\"twitter-tweet\">\n<p>???? La <a href=\"https:\/\/twitter.com\/hashtag\/neige?src=hash&amp;ref_src=twsrc%5Etfw\" target=\"_blank\" rel=\"noopener\">#neige<\/a> s&rsquo;accumule sur l&rsquo;autoroute A10 dans le secteur de Janvry dans l&rsquo;Essonne. \u00c9vitez la r\u00e9gion parisienne \u00e0 tout prix avec d\u00e9j\u00e0 800 km de bouchons cumul\u00e9s actuellement. <a href=\"https:\/\/t.co\/xqtKXmddoW\">pic.twitter.com\/xqtKXmddoW<\/a><\/p>\n<p> \u2014 La Cha\u00eene M\u00e9t\u00e9o (@lachainemeteo) <a href=\"https:\/\/twitter.com\/lachainemeteo\/status\/2008815233482285150?ref_src=twsrc%5Etfw\" target=\"_blank\" rel=\"noopener\">January 7, 2026<\/a><\/p><\/blockquote>\n<p><strong>8h55<\/strong><\/p>\n<p>Alors que la circulation \u00e9tait plus fluide que la normale ce matin, la situation s\u2019est emball\u00e9e peu apr\u00e8s 8 heures. En quelques minutes, les bouchons ont atteint les 535 km dans la r\u00e9gion francilienne. La N118 est notamment totalement ferm\u00e9e.<\/p>\n<p>        <script async src=\"https:\/\/platform.twitter.com\/widgets.js\" charset=\"utf-8\"><\/script><\/p>\n","protected":false},"excerpt":{"rendered":"18h Le front faiblit progressivement et l&rsquo;\u00e9pisode se termine, avec encore des chutes de neige sous des temp\u00e9ratures&hellip;\n","protected":false},"author":2,"featured_media":646591,"comment_status":"","ping_status":"","sticky":false,"template":"","format":"standard","meta":{"footnotes":""},"categories":[1592],"tags":[1111,11,1777,674,1011,27,662,12,626,25],"class_list":{"0":"post-648330","1":"post","2":"type-post","3":"status-publish","4":"format-standard","5":"has-post-thumbnail","7":"category-ile-de-france","8":"tag-actu","9":"tag-actualites","10":"tag-eu","11":"tag-europe","12":"tag-fr","13":"tag-france","14":"tag-ile-de-france","15":"tag-news","16":"tag-paris","17":"tag-republique-francaise"},"share_on_mastodon":{"url":"https:\/\/pubeurope.com\/@fr\/115856863603321860","error":""},"_links":{"self":[{"href":"https:\/\/www.europesays.com\/fr\/wp-json\/wp\/v2\/posts\/648330","targetHints":{"allow":["GET"]}}],"collection":[{"href":"https:\/\/www.europesays.com\/fr\/wp-json\/wp\/v2\/posts"}],"about":[{"href":"https:\/\/www.europesays.com\/fr\/wp-json\/wp\/v2\/types\/post"}],"author":[{"embeddable":true,"href":"https:\/\/www.europesays.com\/fr\/wp-json\/wp\/v2\/users\/2"}],"replies":[{"embeddable":true,"href":"https:\/\/www.europesays.com\/fr\/wp-json\/wp\/v2\/comments?post=648330"}],"version-history":[{"count":0,"href":"https:\/\/www.europesays.com\/fr\/wp-json\/wp\/v2\/posts\/648330\/revisions"}],"wp:featuredmedia":[{"embeddable":true,"href":"https:\/\/www.europesays.com\/fr\/wp-json\/wp\/v2\/media\/646591"}],"wp:attachment":[{"href":"https:\/\/www.europesays.com\/fr\/wp-json\/wp\/v2\/media?parent=648330"}],"wp:term":[{"taxonomy":"category","embeddable":true,"href":"https:\/\/www.europesays.com\/fr\/wp-json\/wp\/v2\/categories?post=648330"},{"taxonomy":"post_tag","embeddable":true,"href":"https:\/\/www.europesays.com\/fr\/wp-json\/wp\/v2\/tags?post=648330"}],"curies":[{"name":"wp","href":"https:\/\/api.w.org\/{rel}","templated":true}]}}