{"id":648333,"date":"2026-01-08T01:24:12","date_gmt":"2026-01-08T01:24:12","guid":{"rendered":"https:\/\/www.europesays.com\/fr\/648333\/"},"modified":"2026-01-08T01:24:12","modified_gmt":"2026-01-08T01:24:12","slug":"euroligue-j20-paris-lemporte-dun-souffle-en-turquie-sports","status":"publish","type":"post","link":"https:\/\/www.europesays.com\/fr\/648333\/","title":{"rendered":"Euroligue (J20) : Paris l&#8217;emporte d&rsquo;un souffle en Turquie : Sports"},"content":{"rendered":"<p class=\"date\">\n                                                            Cl\u00e9ment P\u00e9dron, Media365, publi\u00e9 le mercredi 07 janvier 2026 \u00e0 21h19\n                                                    <\/p>\n<p>En d\u00e9but de soir\u00e9e ce mercredi, le Paris Basketball a remport\u00e9 son premier match de l&rsquo;ann\u00e9e 2026 dans le cadre de l&rsquo;Euroligue sur le parquet de l&rsquo;Anadolu Efes (79-84). Le club parisien repart de l&rsquo;avant apr\u00e8s deux d\u00e9faites de rang toutes comp\u00e9titions confondues.<\/p>\n<p>Le Paris Basketball se relance ! Ce mercredi soir sur le parquet turc de l&rsquo;Anadolu Efes, le club de la capitale fran\u00e7aise a d\u00e9croch\u00e9 un succ\u00e8s important mais sur le fil dans le cadre de la 20\u00e8me journ\u00e9e de l&rsquo;Euroligue (79-84). Avec ce succ\u00e8s qui permet de raccrocher le wagon du milieu au classement, les joueurs de Francesco Tabellini\u00a0r\u00e9agissent apr\u00e8s leur d\u00e9faite lors de la pr\u00e9c\u00e9dente journ\u00e9e europ\u00e9enne contre Lyon-Villeurbanne. Mais cette victoire a eu du mal \u00e0 se dessiner face \u00e0 l&rsquo;ant\u00e9p\u00e9nulti\u00e8me de l&rsquo;Euroligue. Et le Paris Basketball s&rsquo;en est remis encore une fois \u00e0 son serial marqueur : Nadir Hifi. Le meneur\/arri\u00e8re de 23 ans a encore une fois \u00e9t\u00e9 au four et au moulin, comme en t\u00e9moigne sa belle feuille de statistiques rendue : 27 points, 3 rebonds, 2 passes.<\/p>\n<p>Le club francilien a d&rsquo;abord eu quelques difficult\u00e9s \u00e0 rentrer dans la partie face \u00e0 un Anadalu Efes qui n&rsquo;en demandait pas tant. Fra\u00eechement recrut\u00e9 par la formation turque, Saben Lee n&rsquo;a pas mis longtemps \u00e0 se mettre dans le rythme avec ses 17 points pour 3 rebonds et 6 passes. L&rsquo;Am\u00e9ricain a aid\u00e9 sa nouvelle \u00e9quipe \u00e0 bien d\u00e9buter la rencontre (21-19 lors du 1er quart-temps) m\u00eame si Anadolu Efes a un peu plus subi dans le deuxi\u00e8me quart-temps (39-40).<\/p>\n<p>Un sacr\u00e9 bloc \u00e0 aborder<\/p>\n<p>Comme Nadir Hifi cit\u00e9 plus haut, Jared Rhoden (15 points, 2 rebonds, 1 passe) et Justin Robinson (11 points, 2 rebonds) ont eu leur mot \u00e0 dire surtout au retour des vestiaires. Les deux \u00e9quipes se sont tir\u00e9s la bourre au cours du troisi\u00e8me quart-temps sans que l&rsquo;on sache qui des locaux ou des visiteurs craqueraient les premiers. Finalement, le Paris Basketball a mieux termin\u00e9 la partie et l&rsquo;in\u00e9vitable Hifi a scell\u00e9 le sort du match d&rsquo;un nouveau panier lointain. Ce succ\u00e8s permet aux hommes de Francesco Tabellini\u00a0de se remettre sur les bons rails avant deux rencontres de championnat contre l&rsquo;Asvel et Strasbourg et un choc europ\u00e9en contre Monaco.<\/p>\n<p>En Eurocoupe ce mercredi soir, Bourg-en-Bresse a encha\u00een\u00e9 une onzi\u00e8me victoire en treize matchs sur le parquet de Panevezys (86-73). La bande \u00e0 Fr\u00e9d\u00e9ric Fauthoux est toujours en t\u00eate de son groupe.<\/p>\n","protected":false},"excerpt":{"rendered":"Cl\u00e9ment P\u00e9dron, Media365, publi\u00e9 le mercredi 07 janvier 2026 \u00e0 21h19 En d\u00e9but de soir\u00e9e ce mercredi, le&hellip;\n","protected":false},"author":2,"featured_media":648334,"comment_status":"","ping_status":"","sticky":false,"template":"","format":"standard","meta":{"footnotes":""},"categories":[1888],"tags":[1111,1928,11,1927,1777,674,1011,27,12,1926,626,1925,25],"class_list":{"0":"post-648333","1":"post","2":"type-post","3":"status-publish","4":"format-standard","5":"has-post-thumbnail","7":"category-paris","8":"tag-actu","9":"tag-actu-paris","10":"tag-actualites","11":"tag-actualites-paris","12":"tag-eu","13":"tag-europe","14":"tag-fr","15":"tag-france","16":"tag-news","17":"tag-news-paris","18":"tag-paris","19":"tag-paris-news","20":"tag-republique-francaise"},"share_on_mastodon":{"url":"https:\/\/pubeurope.com\/@fr\/115856871620924294","error":""},"_links":{"self":[{"href":"https:\/\/www.europesays.com\/fr\/wp-json\/wp\/v2\/posts\/648333","targetHints":{"allow":["GET"]}}],"collection":[{"href":"https:\/\/www.europesays.com\/fr\/wp-json\/wp\/v2\/posts"}],"about":[{"href":"https:\/\/www.europesays.com\/fr\/wp-json\/wp\/v2\/types\/post"}],"author":[{"embeddable":true,"href":"https:\/\/www.europesays.com\/fr\/wp-json\/wp\/v2\/users\/2"}],"replies":[{"embeddable":true,"href":"https:\/\/www.europesays.com\/fr\/wp-json\/wp\/v2\/comments?post=648333"}],"version-history":[{"count":0,"href":"https:\/\/www.europesays.com\/fr\/wp-json\/wp\/v2\/posts\/648333\/revisions"}],"wp:featuredmedia":[{"embeddable":true,"href":"https:\/\/www.europesays.com\/fr\/wp-json\/wp\/v2\/media\/648334"}],"wp:attachment":[{"href":"https:\/\/www.europesays.com\/fr\/wp-json\/wp\/v2\/media?parent=648333"}],"wp:term":[{"taxonomy":"category","embeddable":true,"href":"https:\/\/www.europesays.com\/fr\/wp-json\/wp\/v2\/categories?post=648333"},{"taxonomy":"post_tag","embeddable":true,"href":"https:\/\/www.europesays.com\/fr\/wp-json\/wp\/v2\/tags?post=648333"}],"curies":[{"name":"wp","href":"https:\/\/api.w.org\/{rel}","templated":true}]}}