{"id":648335,"date":"2026-01-08T01:25:11","date_gmt":"2026-01-08T01:25:11","guid":{"rendered":"https:\/\/www.europesays.com\/fr\/648335\/"},"modified":"2026-01-08T01:25:11","modified_gmt":"2026-01-08T01:25:11","slug":"vingt-cinq-ans-delegance-discrete-au-cafe-de-lesplanade","status":"publish","type":"post","link":"https:\/\/www.europesays.com\/fr\/648335\/","title":{"rendered":"Vingt-cinq ans d\u2019\u00e9l\u00e9gance discr\u00e8te au Caf\u00e9 de l\u2019Esplanade"},"content":{"rendered":"<p class=\"p1\">Ouvert en 2000, <strong>le Caf\u00e9 de<br \/>\nl\u2019Esplanade<\/strong> s\u2019est impos\u00e9 comme l\u2019une des tables les plus<br \/>\nfid\u00e8les \u00e0 l\u2019esprit du 7\u1d49 arrondissement.<\/p>\n<p>Un lieu signature du Paris feutr\u00e9<\/p>\n<p class=\"p2\">Le d\u00e9cor, inspir\u00e9 de l\u2019histoire militaire du<br \/>\nquartier, joue la partition classique. La lumi\u00e8re filtr\u00e9e, les<br \/>\nbanquettes pens\u00e9es dans un vert \u00e9meraude profond, les mati\u00e8res<br \/>\nsourdes\u202f: tout est l\u00e0 pour cr\u00e9er ce sentiment d\u2019intimit\u00e9 que<br \/>\nrecherchent les habitu\u00e9s. Car ils reviennent, ceux-l\u00e0 m\u00eame qui ont<br \/>\nfait la r\u00e9putation du lieu\u202f: politiques, figures de la mode,<br \/>\nfamilles parisiennes du quartier, voyageurs discrets.<\/p>\n<p class=\"p2\">La carte m\u00eale classiques de <a href=\"https:\/\/www.lejournaldelamaison.fr\/le-journal-de-la-maison\/nouveautes\/tendances\/tendances-deco\/codes-de-la-brasserie-parisienne-pour-decorer-son-interieur-471290.html\" target=\"_blank\" rel=\"noopener\"><br \/>\nbrasserie<\/a> et touches asiatiques. Mais entre deux classiques,<br \/>\nsurgit une note d\u2019ailleurs\u202f: saumon miso-gingembre, Tom Yam Sea<br \/>\nBass, Bella Isabella en cocktail signature.<\/p>\n<blockquote class=\"instagram-media\" style=\"background: #ffffff;border: 0;margin: 1px;width: 100%;padding: 0;max-width: 500px;\" data-instgrm-permalink=\"https:\/\/www.instagram.com\/p\/DBylt85o72n\/?hl=en&amp;img_index=1\" data-instgrm-version=\"14\"\/><p>\nUne adresse qui traverse les<br \/>\n\u00e9poques<\/p>\n<p class=\"p2\">D\u00e8s les premiers jours, <strong>Isabelle<br \/>\nSaglio<\/strong> veille \u00e0 l\u2019\u00e9quilibre du lieu\u202f: \u00ab\u00a0une \u00e9l\u00e9gance<br \/>\ndiscr\u00e8te, une r\u00e9gularit\u00e9 dans la qualit\u00e9 du service et une exigence<br \/>\nsans ostentation\u00a0\u00bb. Une ligne de conduite tenue avec soin<br \/>\ndepuis un quart de si\u00e8cle.<\/p>\n<p class=\"p2\">Depuis vingt-cinq ans, <strong>le Caf\u00e9 de<br \/>\nl\u2019Esplanade<\/strong> r\u00e9siste aux tendances. Ce qui a chang\u00e9\u202f? Peu<br \/>\nde choses. Dans un Paris souvent agit\u00e9 par la nouveaut\u00e9, cette<br \/>\nadresse continue de jouer sa propre m\u00e9lodie\u202f: un lieu pr\u00e9cis, \u00e0<br \/>\nl\u2019image du quartier qu\u2019il accompagne depuis un quart de si\u00e8cle. Le<br \/>\nCaf\u00e9 de l\u2019Esplanade continue d\u2019affirmer une id\u00e9e simple de la<br \/>\nrestauration parisienne.<\/p>\n<p><script async src=\"\/\/www.instagram.com\/embed.js\"><\/script><\/p>\n","protected":false},"excerpt":{"rendered":"Ouvert en 2000, le Caf\u00e9 de l\u2019Esplanade s\u2019est impos\u00e9 comme l\u2019une des tables les plus fid\u00e8les \u00e0 l\u2019esprit&hellip;\n","protected":false},"author":2,"featured_media":648336,"comment_status":"","ping_status":"","sticky":false,"template":"","format":"standard","meta":{"footnotes":""},"categories":[1888],"tags":[13204,11,1764,1007,4586,30821,7016,394,1777,674,2823,1011,27,75355,41409,75354,151,12,626,746,25],"class_list":{"0":"post-648335","1":"post","2":"type-post","3":"status-publish","4":"format-standard","5":"has-post-thumbnail","7":"category-paris","8":"tag-13204","9":"tag-actualites","10":"tag-ans","11":"tag-aux","12":"tag-cafe","13":"tag-celebrent","14":"tag-culte","15":"tag-depuis","16":"tag-eu","17":"tag-europe","18":"tag-face","19":"tag-fr","20":"tag-france","21":"tag-inities","22":"tag-invalides","23":"tag-ladresse","24":"tag-les","25":"tag-news","26":"tag-paris","27":"tag-que","28":"tag-republique-francaise"},"share_on_mastodon":{"url":"https:\/\/pubeurope.com\/@fr\/115856875480808911","error":""},"_links":{"self":[{"href":"https:\/\/www.europesays.com\/fr\/wp-json\/wp\/v2\/posts\/648335","targetHints":{"allow":["GET"]}}],"collection":[{"href":"https:\/\/www.europesays.com\/fr\/wp-json\/wp\/v2\/posts"}],"about":[{"href":"https:\/\/www.europesays.com\/fr\/wp-json\/wp\/v2\/types\/post"}],"author":[{"embeddable":true,"href":"https:\/\/www.europesays.com\/fr\/wp-json\/wp\/v2\/users\/2"}],"replies":[{"embeddable":true,"href":"https:\/\/www.europesays.com\/fr\/wp-json\/wp\/v2\/comments?post=648335"}],"version-history":[{"count":0,"href":"https:\/\/www.europesays.com\/fr\/wp-json\/wp\/v2\/posts\/648335\/revisions"}],"wp:featuredmedia":[{"embeddable":true,"href":"https:\/\/www.europesays.com\/fr\/wp-json\/wp\/v2\/media\/648336"}],"wp:attachment":[{"href":"https:\/\/www.europesays.com\/fr\/wp-json\/wp\/v2\/media?parent=648335"}],"wp:term":[{"taxonomy":"category","embeddable":true,"href":"https:\/\/www.europesays.com\/fr\/wp-json\/wp\/v2\/categories?post=648335"},{"taxonomy":"post_tag","embeddable":true,"href":"https:\/\/www.europesays.com\/fr\/wp-json\/wp\/v2\/tags?post=648335"}],"curies":[{"name":"wp","href":"https:\/\/api.w.org\/{rel}","templated":true}]}}