{"id":648343,"date":"2026-01-08T01:29:17","date_gmt":"2026-01-08T01:29:17","guid":{"rendered":"https:\/\/www.europesays.com\/fr\/648343\/"},"modified":"2026-01-08T01:29:17","modified_gmt":"2026-01-08T01:29:17","slug":"trump-retire-les-usa-de-dizaines-dorganisations-internationales-maison-blanche-08-01-2026-a-0055","status":"publish","type":"post","link":"https:\/\/www.europesays.com\/fr\/648343\/","title":{"rendered":"Trump retire les USA de dizaines d&rsquo;organisations internationales-Maison blanche &#8211; 08\/01\/2026 \u00e0 00:55"},"content":{"rendered":"<p>\n Le pr\u00e9sident am\u00e9ricain<br \/>\nDonald Trump a sign\u00e9 mercredi une proclamation retirant les<br \/>\nEtats-Unis de 31 agences des Nations unies et de 35<br \/>\norganisations non onusiennes qui \u00ab\u00a0op\u00e8rent \u00e0 l&rsquo;encontre des<br \/>\nint\u00e9r\u00eats nationaux des Etats-Unis\u00a0\u00bb, a d\u00e9clar\u00e9 la Maison blanche<br \/>\ndans un communiqu\u00e9.\n<\/p>\n<p>\n La Maison blanche n&rsquo;a pas dress\u00e9 la liste de ces<br \/>\norganisations, mais elle a indiqu\u00e9 qu&rsquo;elles promouvaient \u00ab\u00a0des<br \/>\npolitiques climatiques radicales, une gouvernance mondiale et<br \/>\ndes programmes id\u00e9ologiques qui vont \u00e0 l&rsquo;encontre de la<br \/>\nsouverainet\u00e9 et de la puissance \u00e9conomique des Etats-Unis\u00a0\u00bb.\n<\/p>\n<p>\n Cette d\u00e9cision est le r\u00e9sultat d&rsquo;un examen de toutes les<br \/>\norganisations intergouvernementales internationales, de toutes<br \/>\nles conventions et de tous les trait\u00e9s dont les Etats-Unis sont<br \/>\nmembres ou auxquels ils sont parties, \u00e9tait-il pr\u00e9cis\u00e9.\n<\/p>\n<p>\n \u00ab\u00a0Ces retraits mettront fin au financement et \u00e0 l&rsquo;implication<br \/>\ndes contribuables am\u00e9ricains dans des entit\u00e9s qui d\u00e9fendent des<br \/>\nprogrammes mondialistes au d\u00e9triment des priorit\u00e9s des<br \/>\nEtats-Unis, ou qui traitent de questions importantes de mani\u00e8re<br \/>\ninefficace, de sorte que l&rsquo;argent des contribuables am\u00e9ricains<br \/>\nsoit mieux allou\u00e9, d&rsquo;une autre mani\u00e8re, pour soutenir les<br \/>\nmissions concern\u00e9es\u00a0\u00bb, a indiqu\u00e9 la Maison blanche.\n<\/p>\n<p>\n Depuis le d\u00e9but de son second mandat il y a un an, Donald<br \/>\nTrump cherche \u00e0 r\u00e9duire les financements que les Etats-Unis<br \/>\naccordent \u00e0 l&rsquo;Onu.\n<\/p>\n<p>\n Il a d\u00e9j\u00e0 retir\u00e9 les Etats-Unis du Conseil des droits de<br \/>\nl&rsquo;homme des Nations unies (CDH) et suspendu le financement de<br \/>\nl&rsquo;agence onusienne pour les r\u00e9fugi\u00e9s palestiniens (UNRWA). Les<br \/>\nEtats-Unis ont en outre de nouveau quitt\u00e9 l&rsquo;Organisation des<br \/>\nNations unies pour l&rsquo;\u00e9ducation, la science et la culture<br \/>\n(Unesco).\n<\/p>\n<p>\n Donald Trump a \u00e9galement exprim\u00e9 son intention de retirer<br \/>\nles Etats-Unis de l&rsquo;accord de Paris sur le climat et de<br \/>\nl&rsquo;Organisation mondiale de la sant\u00e9 (OMS).\n<\/p>\n<p>\n (Jasper Ward \u00e0 Washington; version fran\u00e7aise Camille Raynaud)<\/p>\n","protected":false},"excerpt":{"rendered":"Le pr\u00e9sident am\u00e9ricain Donald Trump a sign\u00e9 mercredi une proclamation retirant les Etats-Unis de 31 agences des Nations&hellip;\n","protected":false},"author":2,"featured_media":2486,"comment_status":"","ping_status":"","sticky":false,"template":"","format":"standard","meta":{"footnotes":""},"categories":[1589],"tags":[400,11,398,408,405,73,1866,403,402,399,404,12,401,406,1864,1865,1863,308,407],"class_list":{"0":"post-648343","1":"post","2":"type-post","3":"status-publish","4":"format-standard","5":"has-post-thumbnail","7":"category-etats-unis","8":"tag-action-cac-40","9":"tag-actualites","10":"tag-bourse-de-paris","11":"tag-boursorama","12":"tag-cotations","13":"tag-etats-unis","14":"tag-etats-unis-damerique","15":"tag-indices-devises","16":"tag-investir","17":"tag-investissement","18":"tag-marche-boursier","19":"tag-news","20":"tag-sicav","21":"tag-trackers","22":"tag-united-states","23":"tag-united-states-of-america","24":"tag-us","25":"tag-usa","26":"tag-warrants"},"share_on_mastodon":{"url":"https:\/\/pubeurope.com\/@fr\/115856891453511735","error":""},"_links":{"self":[{"href":"https:\/\/www.europesays.com\/fr\/wp-json\/wp\/v2\/posts\/648343","targetHints":{"allow":["GET"]}}],"collection":[{"href":"https:\/\/www.europesays.com\/fr\/wp-json\/wp\/v2\/posts"}],"about":[{"href":"https:\/\/www.europesays.com\/fr\/wp-json\/wp\/v2\/types\/post"}],"author":[{"embeddable":true,"href":"https:\/\/www.europesays.com\/fr\/wp-json\/wp\/v2\/users\/2"}],"replies":[{"embeddable":true,"href":"https:\/\/www.europesays.com\/fr\/wp-json\/wp\/v2\/comments?post=648343"}],"version-history":[{"count":0,"href":"https:\/\/www.europesays.com\/fr\/wp-json\/wp\/v2\/posts\/648343\/revisions"}],"wp:featuredmedia":[{"embeddable":true,"href":"https:\/\/www.europesays.com\/fr\/wp-json\/wp\/v2\/media\/2486"}],"wp:attachment":[{"href":"https:\/\/www.europesays.com\/fr\/wp-json\/wp\/v2\/media?parent=648343"}],"wp:term":[{"taxonomy":"category","embeddable":true,"href":"https:\/\/www.europesays.com\/fr\/wp-json\/wp\/v2\/categories?post=648343"},{"taxonomy":"post_tag","embeddable":true,"href":"https:\/\/www.europesays.com\/fr\/wp-json\/wp\/v2\/tags?post=648343"}],"curies":[{"name":"wp","href":"https:\/\/api.w.org\/{rel}","templated":true}]}}