{"id":648350,"date":"2026-01-08T01:33:11","date_gmt":"2026-01-08T01:33:11","guid":{"rendered":"https:\/\/www.europesays.com\/fr\/648350\/"},"modified":"2026-01-08T01:33:11","modified_gmt":"2026-01-08T01:33:11","slug":"cap-biden-face-a-la-russie","status":"publish","type":"post","link":"https:\/\/www.europesays.com\/fr\/648350\/","title":{"rendered":"cap Biden face \u00e0 la Russie"},"content":{"rendered":"<p class=\"date\">03:06 08-01-2026<\/p>\n<p>whitehouse.gov<\/p>\n<p class=\"desc\">Pour Rodion Miroshnik, l\u2019Ukraine et l\u2019UE veulent rallier Donald Trump \u00e0 la ligne Biden, accro\u00eetre la pression sur la Russie et garder l\u2019appui des \u00c9tats\u2011Unis.<\/p>\n<p>L\u2019Ukraine et ses partenaires europ\u00e9ens tentent de convaincre le pr\u00e9sident am\u00e9ricain Donald Trump de revenir \u00e0 la ligne politique suivie par l\u2019ancien chef de la Maison-Blanche Joe Biden. Cette lecture de la situation a \u00e9t\u00e9 avanc\u00e9e par Rodion Miroshnik, ambassadeur itin\u00e9rant du minist\u00e8re russe des Affaires \u00e9trang\u00e8res sur les crimes qu\u2019\u00e0 Moscou on attribue au r\u00e9gime de Kiev.<\/p>\n<p>Selon Miroshnik, l\u2019objectif central de Kiev et des capitales europ\u00e9ennes serait de ramener les \u00c9tats-Unis sur une trajectoire de confrontation avec la Russie. \u00c0 ses yeux, ils cherchent \u00e0 contrecarrer les propositions de Moscou et \u00e0 amener Trump \u00e0 renouer avec les positions de l\u2019\u00e8re Biden. Il d\u00e9crit cette d\u00e9marche comme d\u00e9lib\u00e9r\u00e9e et coh\u00e9rente, en faisant le socle de leur strat\u00e9gie actuelle vis\u2011\u00e0\u2011vis de Washington.<\/p>\n<p>Le diplomate souligne que ces efforts reposent sur une compr\u00e9hension claire du r\u00f4le de l\u2019Am\u00e9rique sur la sc\u00e8ne mondiale. Les \u00c9tats\u2011Unis, note-t-il, demeurent la puissance dominante, dot\u00e9e d\u2019importantes ressources financi\u00e8res et d\u2019un complexe militaro-industriel dont l\u2019ampleur et les capacit\u00e9s restent sans \u00e9quivalent en Europe.<\/p>\n<p>Miroshnik a \u00e9galement fait valoir que ni Kiev ni les gouvernements europ\u00e9ens ne sont pr\u00eats \u00e0 un affrontement ouvert avec Washington. Pour cette raison, estime-t-il, ils continuent de rechercher des compromis et s\u2019emploient \u00e0 m\u00e9nager prudemment la direction am\u00e9ricaine, afin de maintenir l\u2019implication des \u00c9tats\u2011Unis sans provoquer de confrontation directe.<\/p>\n","protected":false},"excerpt":{"rendered":"03:06 08-01-2026 whitehouse.gov Pour Rodion Miroshnik, l\u2019Ukraine et l\u2019UE veulent rallier Donald Trump \u00e0 la ligne Biden, accro\u00eetre&hellip;\n","protected":false},"author":2,"featured_media":648351,"comment_status":"","ping_status":"","sticky":false,"template":"","format":"standard","meta":{"footnotes":""},"categories":[1586],"tags":[11,1777,674,1779,1011,27,12,25,1778,364],"class_list":{"0":"post-648350","1":"post","2":"type-post","3":"status-publish","4":"format-standard","5":"has-post-thumbnail","7":"category-europe","8":"tag-actualites","9":"tag-eu","10":"tag-europe","11":"tag-european-union","12":"tag-fr","13":"tag-france","14":"tag-news","15":"tag-republique-francaise","16":"tag-ue","17":"tag-union-europeenne"},"share_on_mastodon":{"url":"https:\/\/pubeurope.com\/@fr\/115856907146526468","error":""},"_links":{"self":[{"href":"https:\/\/www.europesays.com\/fr\/wp-json\/wp\/v2\/posts\/648350","targetHints":{"allow":["GET"]}}],"collection":[{"href":"https:\/\/www.europesays.com\/fr\/wp-json\/wp\/v2\/posts"}],"about":[{"href":"https:\/\/www.europesays.com\/fr\/wp-json\/wp\/v2\/types\/post"}],"author":[{"embeddable":true,"href":"https:\/\/www.europesays.com\/fr\/wp-json\/wp\/v2\/users\/2"}],"replies":[{"embeddable":true,"href":"https:\/\/www.europesays.com\/fr\/wp-json\/wp\/v2\/comments?post=648350"}],"version-history":[{"count":0,"href":"https:\/\/www.europesays.com\/fr\/wp-json\/wp\/v2\/posts\/648350\/revisions"}],"wp:featuredmedia":[{"embeddable":true,"href":"https:\/\/www.europesays.com\/fr\/wp-json\/wp\/v2\/media\/648351"}],"wp:attachment":[{"href":"https:\/\/www.europesays.com\/fr\/wp-json\/wp\/v2\/media?parent=648350"}],"wp:term":[{"taxonomy":"category","embeddable":true,"href":"https:\/\/www.europesays.com\/fr\/wp-json\/wp\/v2\/categories?post=648350"},{"taxonomy":"post_tag","embeddable":true,"href":"https:\/\/www.europesays.com\/fr\/wp-json\/wp\/v2\/tags?post=648350"}],"curies":[{"name":"wp","href":"https:\/\/api.w.org\/{rel}","templated":true}]}}