{"id":648370,"date":"2026-01-08T01:47:19","date_gmt":"2026-01-08T01:47:19","guid":{"rendered":"https:\/\/www.europesays.com\/fr\/648370\/"},"modified":"2026-01-08T01:47:19","modified_gmt":"2026-01-08T01:47:19","slug":"une-cabane-darchitecte-perchee-dans-les-arbres-a-la-fois-refuge-et-atelier-decriture","status":"publish","type":"post","link":"https:\/\/www.europesays.com\/fr\/648370\/","title":{"rendered":"Une cabane d&rsquo;architecte perch\u00e9e dans les arbres, \u00e0 la fois refuge et atelier d&rsquo;\u00e9criture"},"content":{"rendered":"<p>Une \u0153uvre architecturale dans le ciel, comme un nid sculptural<\/p>\n<p>C\u2019est une <a href=\"https:\/\/www.admagazine.fr\/adadresses\/article\/eco-chalets-insolites-nature-europe\" target=\"_blank\" rel=\"noopener\">cabane<\/a> en bois triangulaire, la Casetta Tessino, perch\u00e9e entre les arbres de la vall\u00e9e d\u2019Onsernone en Suisse, et con\u00e7ue par l\u2019architecte Olin Petzold dans un d\u00e9marche de pr\u00e9servation de l\u2019environnement.<\/p>\n<p><img decoding=\"async\" alt=\"Dans for\u00eat suisse Casetta Tessino constitue refuge plein srnit pour artiste pris de nature\" loading=\"lazy\" class=\"ResponsiveImageContainer-eNxvmU cfBbTk responsive-image__image\"   src=\"https:\/\/www.europesays.com\/fr\/wp-content\/uploads\/2026\/01\/04.jpeg\"\/><\/p>\n<p>Dans la for\u00eat suisse, la Casetta Tessino constitue un refuge plein de s\u00e9r\u00e9nit\u00e9 pour un artiste \u00e9pris de nature.<\/p>\n<p>\u00a9 Peter Tillessen<\/p>\n<p>Situ\u00e9e \u00e0 environ 150 m\u00e8tres de la maison principale, la cabane fait office d&rsquo;atelier d&rsquo;\u00e9criture, de chambre d&rsquo;amis et de refuge personnel pour lequel l\u2019architecte admet s\u2019\u00eatre notamment inspir\u00e9 de Walden, le jardin imagin\u00e9 par l\u2019\u00e9crivain Henry David Thoreau. Il souhaitait recr\u00e9er cet esprit de simplicit\u00e9 et d&rsquo;immersion dans la nature qui caract\u00e9risait l&rsquo;<a href=\"https:\/\/www.admagazine.fr\/article\/une-maison-en-bois-a-lesprit-libre-dans-la-foret\" target=\"_blank\" rel=\"noopener\">exp\u00e9rience foresti\u00e8re<\/a> du naturaliste am\u00e9ricain. Selon l\u2019architecte, \u00ab ce fondement philosophique a guid\u00e9 chaque d\u00e9cision, du choix des mat\u00e9riaux \u00e0 l&rsquo;organisation spatiale, cr\u00e9ant ainsi une structure qui privil\u00e9gie la contemplation et la cr\u00e9ation au confort conventionnel \u00bb.<\/p>\n<p>Une structure adapt\u00e9e aux besoins d&rsquo;un lieu recul\u00e9<\/p>\n<p>Dans nos soci\u00e9t\u00e9s modernes, faire construire un nouveau b\u00e2timent est souvent un challenge, car cela n\u00e9cessite une adh\u00e9sion stricte \u00e0 des normes r\u00e9glementaires parfois plus contraignantes que le souhaiteraient les propri\u00e9taires. Dans le cas du projet de la Casetta Tessino, la gen\u00e8se commence lorsqu\u2019un <a href=\"https:\/\/www.admagazine.fr\/article\/atelier-couple-dartistes-paris-brutaliste\" target=\"_blank\" rel=\"noopener\">artiste<\/a> et militant \u00e9cologiste suisse cherche \u00e0 agrandir son espace de vie. \u00c0 l\u2019\u00e9poque, la r\u00e9glementation locale en mati\u00e8re de construction s&rsquo;av\u00e8re inflexible vis-\u00e0-vis d\u2019une potentielle extension traditionnelle du b\u00e2ti existant sur son terrain, ce qui la rend impossible. \u00c0 cela, s&rsquo;ajoute l\u2019interdiction d\u2019effectuer de travaux de fondation, alors, il ne restait que la possibilit\u00e9 de construire en hauteur, et d\u2019ancrer ce nouveau b\u00e2ti non pas \u00e0 la terre, mais \u00e0 la for\u00eat elle-m\u00eame. \u00c0 la demande de l\u2019artiste propri\u00e9taire du terrain, Olin Petzold a su tirer parti de ces contraintes. \u00ab La structure qui en r\u00e9sulte repose en \u00e9quilibre sur trois arbres \u00bb, selon lui, et \u00ab sa <a href=\"https:\/\/www.admagazine.fr\/article\/crete-villa-pointe-de-fleche\" target=\"_blank\" rel=\"noopener\">forme triangulaire<\/a> \u00e9merge du sol forestier telle un nid d&rsquo;oiseau g\u00e9om\u00e9trique \u00bb. En parall\u00e8le, \u00ab des panneaux de bois et de polycarbonate translucide habillent l&rsquo;ext\u00e9rieur, filtrant une lumi\u00e8re douce et tamis\u00e9e dans l&rsquo;int\u00e9rieur compact \u00bb. Le site avait par ailleurs d\u2019autres contraintes plus prosa\u00efques peut-\u00eatre, celles li\u00e9es notamment \u00e0 la localisation du site, inaccessible aux engins de construction habituelle. C\u2019est pourquoi \u00ab l&rsquo;aspect auto construction a influenc\u00e9 chaque d\u00e9cision de conception \u00bb, car l\u2019architecte savait que chaque \u00e9l\u00e9ment devrait donc \u00eatre suffisamment l\u00e9ger pour \u00eatre soulev\u00e9 et manipul\u00e9 \u00e0 la main. Ainsi, \u00ab les d\u00e9tails ont \u00e9t\u00e9 simplifi\u00e9s pour faciliter la t\u00e2che aux constructeurs non-professionnels \u00bb. Le propri\u00e9taire du terrain a pris en charge l&rsquo;int\u00e9gralit\u00e9 du chantier, transformant les <a href=\"https:\/\/www.admagazine.fr\/article\/petits-espaces-preferes-annee-janvier-decembre-2025\" target=\"_blank\" rel=\"noopener\">plans architecturaux<\/a> en r\u00e9alit\u00e9 \u00ab gr\u00e2ce \u00e0 un travail minutieux et patient \u00bb. Selon lui, \u00ab il ne s&rsquo;agissait pas seulement d&rsquo;une question de budget ou de pr\u00e9f\u00e9rence : l&rsquo;isolement de la cabane dans les arbres l&rsquo;exigeait \u00bb. Dans la cabane, le bois au doux brun presque cr\u00e9meux illumine un espace \u00e0 la forme triangulaire savamment optimis\u00e9e. \u00ab La maison principale du client r\u00e9unit d\u00e9j\u00e0 salon, cuisine et chambre en une seule grande pi\u00e8ce, rendant indispensable un espace s\u00e9par\u00e9 et paisible \u00bb, ce pourquoi la cabane dans les arbres offre cette tranquillit\u00e9. \u00ab Sa base triangulaire repose sur trois arbres piliers, puis pivote vers le haut pour former un triangle \u00e9quilat\u00e9ral invers\u00e9, ses angles s&rsquo;ins\u00e9rant entre les troncs \u00bb. La <a href=\"https:\/\/www.admagazine.fr\/article\/la-geometrie-en-lignes-et-en-courbes-dune-maison-revue-par-un-architecte-pres-de-paris\" target=\"_blank\" rel=\"noopener\">g\u00e9om\u00e9trie<\/a> ainsi mise en place cr\u00e9e des zones distinctes pour dormir, s&rsquo;asseoir et \u00e9crire, le tout dans un espace r\u00e9duit.<\/p>\n","protected":false},"excerpt":{"rendered":"Une \u0153uvre architecturale dans le ciel, comme un nid sculptural C\u2019est une cabane en bois triangulaire, la Casetta&hellip;\n","protected":false},"author":2,"featured_media":648371,"comment_status":"","ping_status":"","sticky":false,"template":"","format":"standard","meta":{"footnotes":""},"categories":[1358],"tags":[13382,19035,1348,1384,1385,1386,58,59,1011,27],"class_list":{"0":"post-648370","1":"post","2":"type-post","3":"status-publish","4":"format-standard","5":"has-post-thumbnail","7":"category-arts-et-design","8":"tag-architecture-et-nature","9":"tag-architecture-spectaculaire","10":"tag-arts","11":"tag-arts-and-design","12":"tag-arts-et-design","13":"tag-design","14":"tag-divertissement","15":"tag-entertainment","16":"tag-fr","17":"tag-france"},"share_on_mastodon":{"url":"https:\/\/pubeurope.com\/@fr\/115856961923205071","error":""},"_links":{"self":[{"href":"https:\/\/www.europesays.com\/fr\/wp-json\/wp\/v2\/posts\/648370","targetHints":{"allow":["GET"]}}],"collection":[{"href":"https:\/\/www.europesays.com\/fr\/wp-json\/wp\/v2\/posts"}],"about":[{"href":"https:\/\/www.europesays.com\/fr\/wp-json\/wp\/v2\/types\/post"}],"author":[{"embeddable":true,"href":"https:\/\/www.europesays.com\/fr\/wp-json\/wp\/v2\/users\/2"}],"replies":[{"embeddable":true,"href":"https:\/\/www.europesays.com\/fr\/wp-json\/wp\/v2\/comments?post=648370"}],"version-history":[{"count":0,"href":"https:\/\/www.europesays.com\/fr\/wp-json\/wp\/v2\/posts\/648370\/revisions"}],"wp:featuredmedia":[{"embeddable":true,"href":"https:\/\/www.europesays.com\/fr\/wp-json\/wp\/v2\/media\/648371"}],"wp:attachment":[{"href":"https:\/\/www.europesays.com\/fr\/wp-json\/wp\/v2\/media?parent=648370"}],"wp:term":[{"taxonomy":"category","embeddable":true,"href":"https:\/\/www.europesays.com\/fr\/wp-json\/wp\/v2\/categories?post=648370"},{"taxonomy":"post_tag","embeddable":true,"href":"https:\/\/www.europesays.com\/fr\/wp-json\/wp\/v2\/tags?post=648370"}],"curies":[{"name":"wp","href":"https:\/\/api.w.org\/{rel}","templated":true}]}}