{"id":648374,"date":"2026-01-08T01:50:13","date_gmt":"2026-01-08T01:50:13","guid":{"rendered":"https:\/\/www.europesays.com\/fr\/648374\/"},"modified":"2026-01-08T01:50:13","modified_gmt":"2026-01-08T01:50:13","slug":"au-rythme-de-nadiya-la-musique-comme-sport-de-combat","status":"publish","type":"post","link":"https:\/\/www.europesays.com\/fr\/648374\/","title":{"rendered":"Au rythme de Nadiya\u00a0: la musique comme sport de combat"},"content":{"rendered":"<p class=\"PopSlotParagraph qg-tx2 qg-xtra-lh svelte-1r0pyek\">Nadiya, c&rsquo;est une voix qui a marqu\u00e9 toute une g\u00e9n\u00e9ration (et m\u00eame plus) : que ce soit avec \u00ab\u00a0Et c&rsquo;est parti&#8230;\u00a0\u00bb, avec \u00ab\u00a0Roc\u00a0\u00bb, avec \u00ab\u00a0Tired of\u00a0 being sorry\u00a0\u00bb (son tube avec Enrique Iglesias), la chanteuse fait partie de ces ic\u00f4nes des ann\u00e9es 2000. Mais Nadiya a aussi \u00e9t\u00e9 une sportive de haut niveau\u00a0: elle a notamment \u00e9t\u00e9 championne de France du 800 m \u00e0 l&rsquo;\u00e2ge de 16 ans. Apr\u00e8s une pause qui lui a permis de ralentir et de prendre le temps de se consacrer \u00e0 l&rsquo;essentiel \u2013 sa famille, sa vie personnelle &#8211; elle revient aujourd&rsquo;hui avec de nouveaux projets.<\/p>\n<p class=\"PopSlotParagraph qg-tx2 qg-xtra-lh svelte-1r0pyek\">Avant de conqu\u00e9rir les hit-parades avec des tubes, N\u00e2diya a \u00e9t\u00e9 une sportive de haut niveau pratiquant l&rsquo;athl\u00e9tisme. Ce parcours atypique n&rsquo;est pas une simple anecdote\u00a0: pour l&rsquo;artiste, le sport a \u00e9t\u00e9 une pr\u00e9paration essentielle \u00e0 sa carri\u00e8re musicale. \u00ab\u00a0Si j&rsquo;avais pas eu cette \u00e9cole de vie qui est l&rsquo;athl\u00e9tisme, j&rsquo;aurais jamais pu, je crois que j&rsquo;aurais abandonn\u00e9 \u00e0 un moment donn\u00e9 parce que c&rsquo;\u00e9tait rude\u00a0\u00bb, confie-t-elle. Elle affirme m\u00eame que \u00ab\u00a0la musique c&rsquo;est tr\u00e8s tr\u00e8s dur\u00a0\u00bb, plus difficile encore que le sport, car si le sport apprend la t\u00e9nacit\u00e9 et le d\u00e9passement de soi, la musique impose des combats constants pour imposer son style et r\u00e9sister aux pressions de l&rsquo;industrie.<\/p>\n<p> Des d\u00e9buts dans le R&amp;B et une ascension fulgurante<\/p>\n<p class=\"PopSlotParagraph qg-tx2 qg-xtra-lh svelte-1r0pyek\">En 2001, N\u00e2diya sort son premier album Changer les choses, marqu\u00e9 par les influences R&amp;B des ann\u00e9es 2000, ou bien\u00a0<a href=\"https:\/\/www.radiofrance.fr\/personnes\/aretha-franklin\" class=\"\" data-testid=\"link\" target=\"_blank\" rel=\"noopener\">Aretha Franklin<\/a>,\u00a0<a href=\"https:\/\/www.radiofrance.fr\/personnes\/otis-redding\" class=\"\" data-testid=\"link\" target=\"_blank\" rel=\"noopener\">Otis Redding<\/a>\u00a0et\u00a0<a href=\"https:\/\/www.radiofrance.fr\/personnes\/whitney-houston\" class=\"\" data-testid=\"link\" target=\"_blank\" rel=\"noopener\">Whitney Houston<\/a>. D\u00e8s le d\u00e9part, elle refuse qu&rsquo;on lui impose des reprises et insiste pour cr\u00e9er son propre r\u00e9pertoire. Le succ\u00e8s arrive avec son deuxi\u00e8me album en 2004, port\u00e9 par les tubes \u00ab\u00a0Parle-moi\u00a0\u00bb et \u00ab\u00a0Et c&rsquo;est parti\u00a0\u00bb. Ce dernier morceau reste 13 semaines num\u00e9ro 1 et se vend \u00e0 500 000 exemplaires. Pourtant, m\u00eame au sommet de sa gloire, N\u00e2diya garde les pieds sur terre\u00a0: \u00ab\u00a0Quand t&rsquo;es vraiment dedans, t&rsquo;es ancr\u00e9 dans ce que tu fais et t&rsquo;es sinc\u00e8re, tu ne calcules pas, tu donnes.\u00a0\u00bb Le travail en studio reste exigeant, avec des remises en question permanentes et une recherche constante de la perfection.<\/p>\n<p> Un retrait choisi et un retour motiv\u00e9 par le public<\/p>\n<p class=\"PopSlotParagraph qg-tx2 qg-xtra-lh svelte-1r0pyek\">En 2008, alors que sa collaboration avec Enrique Iglesias cartonne, N\u00e2diya prend une d\u00e9cision surprenante\u00a0: elle se retire de la sc\u00e8ne. \u00ab\u00a0Quand la bouteille, elle est vide, quand t&rsquo;as racont\u00e9 tout ce que t&rsquo;avais \u00e0 raconter, et que l&rsquo;inspiration n&rsquo;est plus l\u00e0, tu fais quoi\u00a0?\u00a0\u00bb, explique-t-elle pour justifier ce choix\u00a0: celui de la sinc\u00e9rit\u00e9. Cette \u00ab\u00a0disparition\u00a0\u00bb pour les m\u00e9dias a \u00e9t\u00e9 \u00ab\u00a0des retrouvailles pour ma famille\u00a0\u00bb, pr\u00e9cise l&rsquo;artiste, qui voulait retrouver ses proches apr\u00e8s des ann\u00e9es d&rsquo;omnipr\u00e9sence m\u00e9diatique. Son retour aujourd&rsquo;hui est motiv\u00e9 par l&rsquo;impulsion du public, notamment les jeunes g\u00e9n\u00e9rations qui lui r\u00e9clament de nouvelles chansons\u00a0: \u00ab\u00a0Les nanas, elles te disent, c&rsquo;est quoi le N\u00e2diya 2.0 ?\u00a0\u00bb Pour elle, un artiste \u00ab\u00a0se doit d&rsquo;\u00eatre t\u00e9moin de son temps\u00a0\u00bb et ne peut se contenter de la nostalgie. Son nouveau single \u00ab\u00a0Lib\u00e8re-toi du rythme\u00a0\u00bb annonce un album \u00e0 venir, fruit d&rsquo;un travail exigeant avec son \u00e9quipe fid\u00e8le.<\/p>\n<ul>\n<li>Apr\u00e8s avoir sorti le titre \u201cDJ!\u201d avec Smartzee en juin dernier, elle vient de sortir un nouveau titre \u201cLIB\u00c8RE-TOI DU RYTHME\u201d : ils sont tous les deux issus de VHS, son nouvel album qui sortira au printemps prochain.<\/li>\n<\/ul>\n<ul>\n<li>\u00c0 partir de janvier, elle sera en tourn\u00e9e \u00ab\u00a0I Gotta Felling\u00a0\u00bb, tourn\u00e9e d\u00e9di\u00e9e aux tubes des ann\u00e9es 2000&Prime;, (avec Faudel, Les L5, Aliz\u00e9e)\u2026- et les 13 et 14 mars au D\u00f4me de Paris. Elle sera aussi en concert au Cirque d\u2019Hiver \u00e0 Paris le 18 d\u00e9cembre 2026 pour le \u00ab\u00a0Et c\u2019est reparti Tour\u00a0\u00bb.<\/li>\n<\/ul>\n<p class=\"PopSlotParagraph qg-tx2 qg-xtra-lh svelte-1r0pyek\">Pour en savoir plus, \u00e9coutez l&rsquo;\u00e9mission&#8230;<\/p>\n","protected":false},"excerpt":{"rendered":"Nadiya, c&rsquo;est une voix qui a marqu\u00e9 toute une g\u00e9n\u00e9ration (et m\u00eame plus) : que ce soit avec&hellip;\n","protected":false},"author":2,"featured_media":648375,"comment_status":"","ping_status":"","sticky":false,"template":"","format":"standard","meta":{"footnotes":""},"categories":[1355],"tags":[58,59,1011,27,1361,873],"class_list":{"0":"post-648374","1":"post","2":"type-post","3":"status-publish","4":"format-standard","5":"has-post-thumbnail","7":"category-musique","8":"tag-divertissement","9":"tag-entertainment","10":"tag-fr","11":"tag-france","12":"tag-music","13":"tag-musique"},"share_on_mastodon":{"url":"https:\/\/pubeurope.com\/@fr\/115856973687783662","error":""},"_links":{"self":[{"href":"https:\/\/www.europesays.com\/fr\/wp-json\/wp\/v2\/posts\/648374","targetHints":{"allow":["GET"]}}],"collection":[{"href":"https:\/\/www.europesays.com\/fr\/wp-json\/wp\/v2\/posts"}],"about":[{"href":"https:\/\/www.europesays.com\/fr\/wp-json\/wp\/v2\/types\/post"}],"author":[{"embeddable":true,"href":"https:\/\/www.europesays.com\/fr\/wp-json\/wp\/v2\/users\/2"}],"replies":[{"embeddable":true,"href":"https:\/\/www.europesays.com\/fr\/wp-json\/wp\/v2\/comments?post=648374"}],"version-history":[{"count":0,"href":"https:\/\/www.europesays.com\/fr\/wp-json\/wp\/v2\/posts\/648374\/revisions"}],"wp:featuredmedia":[{"embeddable":true,"href":"https:\/\/www.europesays.com\/fr\/wp-json\/wp\/v2\/media\/648375"}],"wp:attachment":[{"href":"https:\/\/www.europesays.com\/fr\/wp-json\/wp\/v2\/media?parent=648374"}],"wp:term":[{"taxonomy":"category","embeddable":true,"href":"https:\/\/www.europesays.com\/fr\/wp-json\/wp\/v2\/categories?post=648374"},{"taxonomy":"post_tag","embeddable":true,"href":"https:\/\/www.europesays.com\/fr\/wp-json\/wp\/v2\/tags?post=648374"}],"curies":[{"name":"wp","href":"https:\/\/api.w.org\/{rel}","templated":true}]}}