{"id":648387,"date":"2026-01-08T01:57:15","date_gmt":"2026-01-08T01:57:15","guid":{"rendered":"https:\/\/www.europesays.com\/fr\/648387\/"},"modified":"2026-01-08T01:57:15","modified_gmt":"2026-01-08T01:57:15","slug":"lex-president-bresilien-jair-bolsonaro-autorise-a-se-rendre-a-lhopital-apres-une-chute-en-prison","status":"publish","type":"post","link":"https:\/\/www.europesays.com\/fr\/648387\/","title":{"rendered":"L&rsquo;ex-pr\u00e9sident br\u00e9silien Jair Bolsonaro autoris\u00e9 \u00e0 se rendre \u00e0 l&rsquo;h\u00f4pital apr\u00e8s une chute en prison"},"content":{"rendered":"\n<p class=\"c-chapo \">\n  Le juge Alexandre de Moraes avait dans un premier temps refus\u00e9 que l&rsquo;ex-pr\u00e9sident se rende \u00e0 l&rsquo;h\u00f4pital apr\u00e8s sa chute survenue mardi.\n<\/p>\n<p>      lire plus tard<\/p>\n<p id=\"dialog__title\" class=\"dialog__title\">Pour sauvegarder cet article, connectez-vous ou cr\u00e9ez un compte franceinfo<\/p>\n<p class=\"dialog__description\">Sans paiement. Sans abonnement.<\/p>\n<p>        Fermer la fen\u00eatre d\u2019activation des notifications France Info<\/p>\n<p>      cr\u00e9er votre compte<\/p>\n<p>      se connecter<\/p>\n<p>      :<\/p>\n<p>        Fermer la fen\u00eatre de pr\u00e9sentation<\/p>\n<p>    <img loading=\"lazy\" decoding=\"async\" class=\"signature__image lazyload\" width=\"100\" height=\"100\" data- alt=\"\" src=\"https:\/\/www.europesays.com\/fr\/wp-content\/uploads\/2025\/05\/64a68815cd1a7_placeholder-36b69ec8.png\"\/><\/p>\n<p>    Publi\u00e9 le 07\/01\/2026 16:46<\/p>\n<p>        Temps de lecture : 2min<\/p>\n<p>    <img decoding=\"async\"  alt=\"L'ancien pr\u00e9sident br\u00e9silien Jair Bolsonaro quitte l'h\u00f4pital DF Star de Brasilia (Br\u00e9sil) le 14 septembre 2025. (PABLO PORCIUNCULA \/ AFP)\" width=\"432\" height=\"243\" src=\"https:\/\/www.europesays.com\/fr\/wp-content\/uploads\/2026\/01\/000-89uc663-695e74e168460266264702.jpg\" fetchpriority=\"high\"\/><\/p>\n<p>      L&rsquo;ancien pr\u00e9sident br\u00e9silien Jair Bolsonaro quitte l&rsquo;h\u00f4pital DF Star de Brasilia (Br\u00e9sil) le 14 septembre 2025. (PABLO PORCIUNCULA \/ AFP)<\/p>\n<p>L&rsquo;ex-pr\u00e9sident br\u00e9silien Jair Bolsonaro a \u00e9t\u00e9 autoris\u00e9 mercredi 7 janvier par la <a href=\"https:\/\/www.franceinfo.fr\/monde\/bresil\/la-cour-supreme-du-bresil-rejette-la-demande-de-l-ex-president-jair-bolsonaro-de-purger-sa-peine-de-prison-a-domicile_7714759.html\" target=\"_blank\" rel=\"noopener\">Cour supr\u00eame<\/a> \u00e0 sortir de prison pour se rendre \u00e0 l&rsquo;h\u00f4pital, apr\u00e8s s&rsquo;\u00eatre cogn\u00e9 la t\u00eate la veille lors d&rsquo;une chute. L&rsquo;ancien dirigeant d&rsquo;extr\u00eame droite, de 2019 \u00e0 2022, purge depuis la fin novembre dans les locaux de la police f\u00e9d\u00e9rale de Brasilia (Br\u00e9sil) <a href=\"https:\/\/www.franceinfo.fr\/monde\/bresil\/assaut-contre-des-lieux-de-pouvoir\/l-ex-president-bresilien-jair-bolsonaro-condamne-a-27-ans-de-prison-pour-tentative-de-coup-d-etat-place-en-detention-provisoire_7633052.html\" target=\"_blank\" rel=\"noopener\">une peine de 27 ans de r\u00e9clusion<\/a> pour <a href=\"https:\/\/www.franceinfo.fr\/monde\/bresil\/assaut-contre-des-lieux-de-pouvoir\/l-ex-president-du-bresil-jair-bolsonaro-sur-le-point-d-etre-condamne-pour-tentative-de-coup-d-etat_7486684.html\" target=\"_blank\" rel=\"noopener\">tentative de coup d&rsquo;Etat<\/a>.<\/p>\n<p>Dans une d\u00e9cision \u00e0 laquelle l&rsquo;AFP a eu acc\u00e8s, le juge Alexandre de Moraes, charg\u00e9 du proc\u00e8s Bolsonaro \u00e0 la Cour supr\u00eame, a donn\u00e9 son feu vert pour des examens m\u00e9dicaux au DF Star, une clinique priv\u00e9e de la capitale br\u00e9silienne. R\u00e9clam\u00e9s par ses avocats, ces examens incluent un scanner c\u00e9r\u00e9bral, une IRM et un \u00e9lectroenc\u00e9phalogramme.<\/p>\n<p>C&rsquo;est dans cette clinique que Jair Bolsonaro, 70 ans, avait \u00e9t\u00e9 hospitalis\u00e9 durant plus d&rsquo;une semaine pour <a href=\"https:\/\/www.franceinfo.fr\/monde\/bresil\/l-ancien-president-bresilien-jair-bolsonaro-autorise-a-sortir-de-prison-pour-etre-opere-a-noel_7698409.html\" target=\"_blank\" rel=\"noopener\">se faire op\u00e9rer d&rsquo;une hernie inguinale<\/a> le jour de No\u00ebl. Il \u00e9tait retourn\u00e9 en prison le 1er janvier. Mardi, le juge Alexandre de Moraes, vice-pr\u00e9sident du Tribunal supr\u00eame f\u00e9d\u00e9ral du Br\u00e9sil, avait dans un premier temps refus\u00e9 que l&rsquo;ex-pr\u00e9sident se rende \u00e0 l&rsquo;h\u00f4pital apr\u00e8s sa chute, r\u00e9clamant plus de d\u00e9tails sur sa condition m\u00e9dicale.<\/p>\n<p>Son \u00e9pouse, Michelle Bolsonaro, avait affirm\u00e9 mardi <a href=\"https:\/\/www.instagram.com\/michellebolsonaro\/\" target=\"_blank\" rel=\"noopener\">sur Instagram<\/a> : \u00ab\u00a0Durant la nuit, alors qu&rsquo;il dormait, il a eu une crise, est tomb\u00e9 et s&rsquo;est cogn\u00e9 la t\u00eate contre un meuble\u00a0\u00bb. La police f\u00e9d\u00e9rale avait fait \u00e9tat pour sa part de \u00ab\u00a0blessures l\u00e9g\u00e8res\u00a0\u00bb. Le m\u00e9decin de la police venu \u00e0 son chevet n&rsquo;avait \u00ab\u00a0pas jug\u00e9 n\u00e9cessaire un transfert \u00e0 l&rsquo;h\u00f4pital, recommandant uniquement un placement en observation\u00a0\u00bb. Les avocats de Jair Bolsonaro avaient cependant r\u00e9clam\u00e9 son transfert \u00e0 l&rsquo;h\u00f4pital pour des examens, invoquant un \u00ab\u00a0risque concret et imm\u00e9diat\u00a0\u00bb en raison de \u00ab\u00a0soup\u00e7ons\u00a0\u00bb de traumatisme cr\u00e2nien.<\/p>\n<p>Alexandre de Moraes a rejet\u00e9 le 1er janvier une nouvelle demande de la d\u00e9fense r\u00e9clamant qu&rsquo;il purge sa peine \u00e0 domicile en raison de ses probl\u00e8mes de sant\u00e9. L&rsquo;ancien pr\u00e9sident souffre des s\u00e9quelles d&rsquo;un attentat datant de 2018, quand il avait \u00e9t\u00e9 poignard\u00e9 \u00e0 l&rsquo;abdomen lors d&rsquo;un bain de foule en pleine campagne \u00e9lectorale.<\/p>\n<p><script async src=\"\/\/www.instagram.com\/embed.js\"><\/script><\/p>\n","protected":false},"excerpt":{"rendered":"Le juge Alexandre de Moraes avait dans un premier temps refus\u00e9 que l&rsquo;ex-pr\u00e9sident se rende \u00e0 l&rsquo;h\u00f4pital apr\u00e8s&hellip;\n","protected":false},"author":2,"featured_media":648388,"comment_status":"","ping_status":"","sticky":false,"template":"","format":"standard","meta":{"footnotes":""},"categories":[5],"tags":[11,1011,27,14,12,28],"class_list":{"0":"post-648387","1":"post","2":"type-post","3":"status-publish","4":"format-standard","5":"has-post-thumbnail","7":"category-international","8":"tag-actualites","9":"tag-fr","10":"tag-france","11":"tag-international","12":"tag-news","13":"tag-world"},"share_on_mastodon":{"url":"https:\/\/pubeurope.com\/@fr\/115857001262811366","error":""},"_links":{"self":[{"href":"https:\/\/www.europesays.com\/fr\/wp-json\/wp\/v2\/posts\/648387","targetHints":{"allow":["GET"]}}],"collection":[{"href":"https:\/\/www.europesays.com\/fr\/wp-json\/wp\/v2\/posts"}],"about":[{"href":"https:\/\/www.europesays.com\/fr\/wp-json\/wp\/v2\/types\/post"}],"author":[{"embeddable":true,"href":"https:\/\/www.europesays.com\/fr\/wp-json\/wp\/v2\/users\/2"}],"replies":[{"embeddable":true,"href":"https:\/\/www.europesays.com\/fr\/wp-json\/wp\/v2\/comments?post=648387"}],"version-history":[{"count":0,"href":"https:\/\/www.europesays.com\/fr\/wp-json\/wp\/v2\/posts\/648387\/revisions"}],"wp:featuredmedia":[{"embeddable":true,"href":"https:\/\/www.europesays.com\/fr\/wp-json\/wp\/v2\/media\/648388"}],"wp:attachment":[{"href":"https:\/\/www.europesays.com\/fr\/wp-json\/wp\/v2\/media?parent=648387"}],"wp:term":[{"taxonomy":"category","embeddable":true,"href":"https:\/\/www.europesays.com\/fr\/wp-json\/wp\/v2\/categories?post=648387"},{"taxonomy":"post_tag","embeddable":true,"href":"https:\/\/www.europesays.com\/fr\/wp-json\/wp\/v2\/tags?post=648387"}],"curies":[{"name":"wp","href":"https:\/\/api.w.org\/{rel}","templated":true}]}}