{"id":648390,"date":"2026-01-08T01:59:11","date_gmt":"2026-01-08T01:59:11","guid":{"rendered":"https:\/\/www.europesays.com\/fr\/648390\/"},"modified":"2026-01-08T01:59:11","modified_gmt":"2026-01-08T01:59:11","slug":"clement-noel-grande-premiere","status":"publish","type":"post","link":"https:\/\/www.europesays.com\/fr\/648390\/","title":{"rendered":"Cl\u00e9ment No\u00ebl, grande premi\u00e8re !"},"content":{"rendered":"<p><strong>Ce mercredi soir, Cl\u00e9ment No\u00ebl a<br \/>\nremport\u00e9 le slalom de Madonna di Campiglio pour la premi\u00e8re fois de<br \/>\nsa carri\u00e8re. Le Fran\u00e7ais l\u2019emporte devant le Finlandais Eduard<br \/>\nHallberg et un autre Tricolore, Paco Rassat.<\/strong><\/p>\n<p>Il n\u2019avait jusqu\u2019ici jamais gagn\u00e9 \u00e0 Madonna di Campiglio en<br \/>\nItalie. Il n\u2019avait plus non plus remport\u00e9 un slalom depuis<br \/>\nKitzb\u00fchel en Autriche le 26 janvier 2025. Quasiment un an jour pour<br \/>\njour plus tard, Cl\u00e9ment No\u00ebl s\u2019est de nouveau illustr\u00e9 en<br \/>\nd\u00e9crochant un superbe succ\u00e8s \u00e0 l\u2019occasion de ce slalom italien.<br \/>\nTroisi\u00e8me de la premi\u00e8re manche disput\u00e9e un peu plus t\u00f4t, le natif<br \/>\nde Remiremont dans les Vosges a parfaitement n\u00e9goci\u00e9 son deuxi\u00e8me<br \/>\npassage pour s\u2019offrir son quinzi\u00e8me succ\u00e8s en carri\u00e8re, son premier<br \/>\nici dans ce hameau des communes italiennes de Pinzolo et de Tre<br \/>\nVille, dans la province de Trente.<\/p>\n<p>Pas forc\u00e9ment satisfait de sa premi\u00e8re prestation, le champion<br \/>\nolympique en titre a mis les bouch\u00e9es doubles en fin de soir\u00e9e pour<br \/>\nfaire taire tout le monde. \u00ab C\u2019est tr\u00e8s cool, souriait No\u00ebl apr\u00e8s<br \/>\nle podium au micro de l\u2019organisation. J\u2019ai connu des hauts et des<br \/>\nbas ici. Il y a eu des podiums aussi mais aussi de tr\u00e8s mauvais<br \/>\nr\u00e9sultats. C\u2019est un soulagement. Je n\u2019avais plus gagn\u00e9 depuis<br \/>\nlongtemps. \u00bb<\/p>\n<p>Un bon au classement<br \/>\ng\u00e9n\u00e9ral<\/p>\n<p>Derri\u00e8re Cl\u00e9ment No\u00ebl, on retrouve Eduard Hallberg. Le<br \/>\nFinlandais, leader au sortir de la premi\u00e8re manche, n\u2019a pas<br \/>\nd\u00e9m\u00e9rit\u00e9 dans la seconde mais a commis une tr\u00e8s l\u00e9g\u00e8re faute en fin<br \/>\nde parcours qui l\u2019emp\u00eache d\u2019\u00eatre sacr\u00e9 ici (+0\u2019\u201912). Et sur la<br \/>\ntroisi\u00e8me marche du podium, un autre Fran\u00e7ais en la personne de<br \/>\nPaco Rassat ! Vainqueur du slalom de Gurgl en Autriche en novembre<br \/>\ndernier et 16\u00e8me de la premi\u00e8re manche, Paco Rassat s\u2019est offert un<br \/>\nmagnifique deuxi\u00e8me passage pour d\u00e9crocher une belle troisi\u00e8me<br \/>\nplace (+0\u2019\u201937).<\/p>\n<p>Steven Amiez a termin\u00e9 \u00e0 la 9\u00e8me place (+0\u2019\u201954) tandis<br \/>\nqu\u2019Antoine Azzolin et Victor Muffat-Jeandet ont termin\u00e9 16\u00e8me<br \/>\n(+1\u2019\u201943) et 20\u00e8me (3\u2019\u201918). Au classement g\u00e9n\u00e9ral, Cl\u00e9ment No\u00ebl<br \/>\nr\u00e9alise une belle remont\u00e9e et prend la deuxi\u00e8me place avec 3 points<br \/>\nde retard sur le leader Timon Haugan (Norv\u00e8ge, 285 points) et 42<br \/>\nd\u2019avance sur Paco Rassat.<\/p>\n","protected":false},"excerpt":{"rendered":"Ce mercredi soir, Cl\u00e9ment No\u00ebl a remport\u00e9 le slalom de Madonna di Campiglio pour la premi\u00e8re fois de&hellip;\n","protected":false},"author":2,"featured_media":648391,"comment_status":"","ping_status":"","sticky":false,"template":"","format":"standard","meta":{"footnotes":""},"categories":[2],"tags":[11,1011,27,12,57681],"class_list":{"0":"post-648390","1":"post","2":"type-post","3":"status-publish","4":"format-standard","5":"has-post-thumbnail","7":"category-actualites","8":"tag-actualites","9":"tag-fr","10":"tag-france","11":"tag-news","12":"tag-sport365-fr"},"share_on_mastodon":{"url":"https:\/\/pubeurope.com\/@fr\/115857009115450680","error":""},"_links":{"self":[{"href":"https:\/\/www.europesays.com\/fr\/wp-json\/wp\/v2\/posts\/648390","targetHints":{"allow":["GET"]}}],"collection":[{"href":"https:\/\/www.europesays.com\/fr\/wp-json\/wp\/v2\/posts"}],"about":[{"href":"https:\/\/www.europesays.com\/fr\/wp-json\/wp\/v2\/types\/post"}],"author":[{"embeddable":true,"href":"https:\/\/www.europesays.com\/fr\/wp-json\/wp\/v2\/users\/2"}],"replies":[{"embeddable":true,"href":"https:\/\/www.europesays.com\/fr\/wp-json\/wp\/v2\/comments?post=648390"}],"version-history":[{"count":0,"href":"https:\/\/www.europesays.com\/fr\/wp-json\/wp\/v2\/posts\/648390\/revisions"}],"wp:featuredmedia":[{"embeddable":true,"href":"https:\/\/www.europesays.com\/fr\/wp-json\/wp\/v2\/media\/648391"}],"wp:attachment":[{"href":"https:\/\/www.europesays.com\/fr\/wp-json\/wp\/v2\/media?parent=648390"}],"wp:term":[{"taxonomy":"category","embeddable":true,"href":"https:\/\/www.europesays.com\/fr\/wp-json\/wp\/v2\/categories?post=648390"},{"taxonomy":"post_tag","embeddable":true,"href":"https:\/\/www.europesays.com\/fr\/wp-json\/wp\/v2\/tags?post=648390"}],"curies":[{"name":"wp","href":"https:\/\/api.w.org\/{rel}","templated":true}]}}