{"id":648394,"date":"2026-01-08T02:01:28","date_gmt":"2026-01-08T02:01:28","guid":{"rendered":"https:\/\/www.europesays.com\/fr\/648394\/"},"modified":"2026-01-08T02:01:28","modified_gmt":"2026-01-08T02:01:28","slug":"arvert-un-repas-solidaire-pour-sauver-leglise-saint-etienne","status":"publish","type":"post","link":"https:\/\/www.europesays.com\/fr\/648394\/","title":{"rendered":"Arvert. Un repas solidaire pour sauver l\u2019\u00e9glise Saint-\u00c9tienne"},"content":{"rendered":"<p>Le dimanche 1er\u00a0f\u00e9vrier \u00e0 midi, la salle des f\u00eates d\u2019Arvert accueillera un repas solidaire \u00e0 l\u2019initiative de l\u2019association Un patrimoine en partage. Objectif\u00a0: soutenir la sauvegarde de l\u2019\u00e9glise Saint-\u00c9tienne, \u00e9difice embl\u00e9matique de l\u2019histoire communale et rep\u00e8re du patrimoine local.<\/p>\n<p>Cette action s\u2019inscrit dans une mobilisation collective en faveur de la pr\u00e9servation durable de ce monument religieux, t\u00e9moin de plusieurs si\u00e8cles de vie spirituelle et sociale. L\u2019int\u00e9gralit\u00e9 des b\u00e9n\u00e9fices sera revers\u00e9e \u00e0 la mairie d\u2019Arvert afin de contribuer aux travaux et actions n\u00e9cessaires \u00e0 sa conservation.<\/p>\n<p>Con\u00e7u comme un moment de convivialit\u00e9 et de partage, ce d\u00e9jeuner proposera un menu complet \u2013 ap\u00e9ritif, entr\u00e9e, plat, fromage, dessert, caf\u00e9 et vin compris \u2013 pour un tarif de 35\u00a0euros. L\u2019ambiance se veut festive, avec une animation musicale assur\u00e9e par Jean-Luc du groupe LCD, garantissant un temps chaleureux et f\u00e9d\u00e9rateur.<\/p>\n<p>Les r\u00e9servations sont obligatoires et peuvent \u00eatre effectu\u00e9es aux 06\u00a061\u00a089\u00a011\u00a020 ou 06\u00a058\u00a001\u00a022\u00a012. Le r\u00e8glement s\u2019effectuera \u00e0 l\u2019accueil de la mairie d\u2019Arvert. Par cette action, l\u2019association Un patrimoine en partage invite chacun \u00e0 s\u2019associer concr\u00e8tement \u00e0 la pr\u00e9servation de l\u2019\u00e9glise Saint-\u00c9tienne, en affirmant son attachement au patrimoine local et \u00e0 sa transmission aux g\u00e9n\u00e9rations futures.<\/p>\n<p><strong>V.N.<\/strong><\/p>\n","protected":false},"excerpt":{"rendered":"Le dimanche 1er\u00a0f\u00e9vrier \u00e0 midi, la salle des f\u00eates d\u2019Arvert accueillera un repas solidaire \u00e0 l\u2019initiative de l\u2019association&hellip;\n","protected":false},"author":2,"featured_media":648395,"comment_status":"","ping_status":"","sticky":false,"template":"","format":"standard","meta":{"footnotes":""},"categories":[9653],"tags":[1111,11,2430,1777,674,1011,27,12,25,4001],"class_list":{"0":"post-648394","1":"post","2":"type-post","3":"status-publish","4":"format-standard","5":"has-post-thumbnail","7":"category-saint-etienne","8":"tag-actu","9":"tag-actualites","10":"tag-auvergne-rhone-alpes","11":"tag-eu","12":"tag-europe","13":"tag-fr","14":"tag-france","15":"tag-news","16":"tag-republique-francaise","17":"tag-saint-etienne"},"share_on_mastodon":{"url":"https:\/\/pubeurope.com\/@fr\/115857017135975347","error":""},"_links":{"self":[{"href":"https:\/\/www.europesays.com\/fr\/wp-json\/wp\/v2\/posts\/648394","targetHints":{"allow":["GET"]}}],"collection":[{"href":"https:\/\/www.europesays.com\/fr\/wp-json\/wp\/v2\/posts"}],"about":[{"href":"https:\/\/www.europesays.com\/fr\/wp-json\/wp\/v2\/types\/post"}],"author":[{"embeddable":true,"href":"https:\/\/www.europesays.com\/fr\/wp-json\/wp\/v2\/users\/2"}],"replies":[{"embeddable":true,"href":"https:\/\/www.europesays.com\/fr\/wp-json\/wp\/v2\/comments?post=648394"}],"version-history":[{"count":0,"href":"https:\/\/www.europesays.com\/fr\/wp-json\/wp\/v2\/posts\/648394\/revisions"}],"wp:featuredmedia":[{"embeddable":true,"href":"https:\/\/www.europesays.com\/fr\/wp-json\/wp\/v2\/media\/648395"}],"wp:attachment":[{"href":"https:\/\/www.europesays.com\/fr\/wp-json\/wp\/v2\/media?parent=648394"}],"wp:term":[{"taxonomy":"category","embeddable":true,"href":"https:\/\/www.europesays.com\/fr\/wp-json\/wp\/v2\/categories?post=648394"},{"taxonomy":"post_tag","embeddable":true,"href":"https:\/\/www.europesays.com\/fr\/wp-json\/wp\/v2\/tags?post=648394"}],"curies":[{"name":"wp","href":"https:\/\/api.w.org\/{rel}","templated":true}]}}