{"id":648396,"date":"2026-01-08T02:02:37","date_gmt":"2026-01-08T02:02:37","guid":{"rendered":"https:\/\/www.europesays.com\/fr\/648396\/"},"modified":"2026-01-08T02:02:37","modified_gmt":"2026-01-08T02:02:37","slug":"conferences-dans-le-cadre-de-la-semaine-du-droit-penal-factuel","status":"publish","type":"post","link":"https:\/\/www.europesays.com\/fr\/648396\/","title":{"rendered":"Conf\u00e9rences dans le cadre de la semaine du droit p\u00e9nal &#8211; Factuel"},"content":{"rendered":"<p>Dans le cadre de la semaine du droit p\u00e9nal, organis\u00e9 par l\u2019Association fran\u00e7aise du droit p\u00e9nal (AFDP), quatre conf\u00e9rences sont organis\u00e9es par l\u2019Institut Fran\u00e7ois Geny :<\/p>\n<p>1. Conf\u00e9rence sur les violences intrafamiliales (\u00c9pinal)<\/p>\n<p>Mardi 20 janvier 2026<br \/>14h-16h<br \/>Amphith\u00e9\u00e2tre de la Facult\u00e9 de droit d\u2019\u00c9pinal<\/p>\n<p>En pr\u00e9sence de Quentin LAURENT, Substitut du procureur de la R\u00e9publique au tribunal judiciaire d\u2019Epinal, de Cinderella LAROCHE, juge de l\u2019application des peines et coordonnatrice du pole VIF au tribunal judiciaire d\u2019Epinal, et de Jean-Baptiste THIERRY, Professeur de droit priv\u00e9 et sciences criminelles \u00e0 l\u2019Universit\u00e9 de Lorraine.<\/p>\n<p>Inscription : https:\/\/forms.gle\/7Jizi8EwU2ht7VM9A<br \/>+ d\u2019infos : https:\/\/ifg.univ-lorraine.fr\/manifestations\/conferences\/les-violences-intrafamiliales-0<\/p>\n<p>2. Rencontre avec Julien MUCCHIELLI<\/p>\n<p>Jeudi 22 janvier 2026<br \/>15h30-17h30<br \/>Amphi AR06, Facult\u00e9 de droit, sciences \u00e9conomiques et gestion de Nancy<\/p>\n<p>Julien Mucchielli est journaliste ind\u00e9pendant et chroniqueur judiciaire, auteur de l\u2019ouvrage Qui a tu\u00e9 Virginie ? (ed. Globe, 2025)<\/p>\n<p>Inscription : https:\/\/forms.gle\/nN26L4wqF2sow85U7<br \/>+ d\u2019infos : https:\/\/ifg.univ-lorraine.fr\/manifestations\/conferences\/rencontre-avec-julien-mucchielli<\/p>\n<p>3. Projection-d\u00e9bat du film \u00ab On vous croit \u00bb (2025)<\/p>\n<p>Jeudi 22 janvier 2026<br \/>S\u00e9ance de 20h15<br \/>Cin\u00e9ma Cam\u00e9o Saint-S\u00e9bastien \u00e0 Nancy<\/p>\n<p>Conf\u00e9rence en pr\u00e9sence de\u00a0<strong style=\"margin: 0px; padding: 0px; border: 0px; vertical-align: baseline; font-style: inherit; font-variant: inherit; font-weight: bold; font-size: inherit; line-height: inherit; font-family: inherit;\">Sol\u00e8ne GALLUT<\/strong>, Maitre de conf\u00e9rences en droit priv\u00e9 et sciences criminelles \u00e0 l\u2019Universit\u00e9 de Lorraine.<\/p>\n<p>Synopsis :<br \/>\u00ab Aujourd\u2019hui, Alice se retrouve devant un juge et n\u2019a pas le droit \u00e0 l\u2019erreur. Elle doit d\u00e9fendre ses enfants, dont la garde est remise en cause. Pourra-t-elle les prot\u00e9ger de leur p\u00e8re avant qu\u2019il ne soit trop tard ? \u00bb.<\/p>\n<p>Tarif pr\u00e9f\u00e9rentiel de 5\u20ac sur inscription pr\u00e9alable.<\/p>\n<p>Inscription : https:\/\/forms.gle\/xZBkkY4sHQD1Aec38<br \/>+ d\u2019infos : https:\/\/ifg.univ-lorraine.fr\/manifestations\/conferences\/projection-debat-vous-croit<\/p>\n<p>4. Conf\u00e9rence sur les violences intrafamiliales (Nancy)<\/p>\n<p>Vendredi 23 janvier 2026<br \/>13h30<br \/>Salle d\u2019Honneur des Universit\u00e9s, 2e \u00e9tage de la Biblioth\u00e8que Universitaire du Campus Droit de Nancy<\/p>\n<p>Interventions :<\/p>\n<ul>\n<li>Dominique BASTEN-MOY, Attach\u00e9e de justice, le p\u00f4le VIF de la cour d\u2019appel de Nancy<\/li>\n<li>Delphine BRACH-THIEL : Les violences intrafamiliales au Tribunal Judiciaire de Nancy<\/li>\n<li>Nathalie DORMEYER, Directrice de la Maison des femmes de Nancy<\/li>\n<li>Sol\u00e8ne GALLUT : L\u2019ex\u00e9cution des peines applicables aux auteurs de violences intrafamiliales<\/li>\n<li>Julie L\u00c9ONHARD : Articulation des mesures civiles et p\u00e9nales en mati\u00e8re de violences intrafamiliales<\/li>\n<li>Catherine M\u00c9NAB\u00c9 : Aspects criminologiques des violences intrafamiliales<\/li>\n<li>Mathieu MARTINELLE : La m\u00e9diation \u00e0 l\u2019\u00e9preuve des violences intrafamiliales<\/li>\n<li>Bruno PY : Le secret professionnel et la lutte contre les violences intrafamiliales<\/li>\n<\/ul>\n<p>Inscription : https:\/\/forms.gle\/etDrGdbUu6tbg2S9A<br \/>+ d\u2019infos : https:\/\/ifg.univ-lorraine.fr\/manifestations\/conferences\/les-violences-intrafamiliales<\/p>\n","protected":false},"excerpt":{"rendered":"Dans le cadre de la semaine du droit p\u00e9nal, organis\u00e9 par l\u2019Association fran\u00e7aise du droit p\u00e9nal (AFDP), quatre&hellip;\n","protected":false},"author":2,"featured_media":648397,"comment_status":"","ping_status":"","sticky":false,"template":"","format":"standard","meta":{"footnotes":""},"categories":[9635],"tags":[1111,11,1777,674,1011,27,775,1702,12,25],"class_list":{"0":"post-648396","1":"post","2":"type-post","3":"status-publish","4":"format-standard","5":"has-post-thumbnail","7":"category-nancy","8":"tag-actu","9":"tag-actualites","10":"tag-eu","11":"tag-europe","12":"tag-fr","13":"tag-france","14":"tag-grand-est","15":"tag-nancy","16":"tag-news","17":"tag-republique-francaise"},"share_on_mastodon":{"url":"https:\/\/pubeurope.com\/@fr\/115857020922119436","error":""},"_links":{"self":[{"href":"https:\/\/www.europesays.com\/fr\/wp-json\/wp\/v2\/posts\/648396","targetHints":{"allow":["GET"]}}],"collection":[{"href":"https:\/\/www.europesays.com\/fr\/wp-json\/wp\/v2\/posts"}],"about":[{"href":"https:\/\/www.europesays.com\/fr\/wp-json\/wp\/v2\/types\/post"}],"author":[{"embeddable":true,"href":"https:\/\/www.europesays.com\/fr\/wp-json\/wp\/v2\/users\/2"}],"replies":[{"embeddable":true,"href":"https:\/\/www.europesays.com\/fr\/wp-json\/wp\/v2\/comments?post=648396"}],"version-history":[{"count":0,"href":"https:\/\/www.europesays.com\/fr\/wp-json\/wp\/v2\/posts\/648396\/revisions"}],"wp:featuredmedia":[{"embeddable":true,"href":"https:\/\/www.europesays.com\/fr\/wp-json\/wp\/v2\/media\/648397"}],"wp:attachment":[{"href":"https:\/\/www.europesays.com\/fr\/wp-json\/wp\/v2\/media?parent=648396"}],"wp:term":[{"taxonomy":"category","embeddable":true,"href":"https:\/\/www.europesays.com\/fr\/wp-json\/wp\/v2\/categories?post=648396"},{"taxonomy":"post_tag","embeddable":true,"href":"https:\/\/www.europesays.com\/fr\/wp-json\/wp\/v2\/tags?post=648396"}],"curies":[{"name":"wp","href":"https:\/\/api.w.org\/{rel}","templated":true}]}}